{"id":30876569,"date":"2022-12-15T13:49:50","date_gmt":"2022-12-15T12:49:50","guid":{"rendered":"https:\/\/www.upo.es\/diario\/?p=30876569"},"modified":"2022-12-20T13:36:56","modified_gmt":"2022-12-20T12:36:56","slug":"la-universidad-pablo-de-olavide-acoge-el-i-simposio-internacional-sobre-memoria-democratica-lgtbi","status":"publish","type":"post","link":"https:\/\/www.upo.es\/diario\/docencia-formacion\/2022\/12\/la-universidad-pablo-de-olavide-acoge-el-i-simposio-internacional-sobre-memoria-democratica-lgtbi\/","title":{"rendered":"La Universidad Pablo de Olavide acoge el I Simposio Internacional sobre Memoria Democr\u00e1tica LGTBI+"},"content":{"rendered":"<figure id=\"attachment_30876570\" aria-describedby=\"caption-attachment-30876570\" style=\"width: 750px\" class=\"wp-caption aligncenter\"><a href=\"https:\/\/www.upo.es\/diario\/wp-content\/uploads\/2022\/12\/imagen1-Simposio-MemoriaLGTBI.jpg\"><img loading=\"lazy\" decoding=\"async\" class=\"size-large wp-image-30876570\" src=\"https:\/\/www.upo.es\/diario\/wp-content\/uploads\/2022\/12\/imagen1-Simposio-MemoriaLGTBI-750x563.jpg\" alt=\"\" width=\"750\" height=\"563\" srcset=\"https:\/\/www.upo.es\/diario\/wp-content\/uploads\/2022\/12\/imagen1-Simposio-MemoriaLGTBI-750x563.jpg 750w, https:\/\/www.upo.es\/diario\/wp-content\/uploads\/2022\/12\/imagen1-Simposio-MemoriaLGTBI-385x289.jpg 385w, https:\/\/www.upo.es\/diario\/wp-content\/uploads\/2022\/12\/imagen1-Simposio-MemoriaLGTBI-768x576.jpg 768w, https:\/\/www.upo.es\/diario\/wp-content\/uploads\/2022\/12\/imagen1-Simposio-MemoriaLGTBI-1536x1152.jpg 1536w, https:\/\/www.upo.es\/diario\/wp-content\/uploads\/2022\/12\/imagen1-Simposio-MemoriaLGTBI-1320x990.jpg 1320w, https:\/\/www.upo.es\/diario\/wp-content\/uploads\/2022\/12\/imagen1-Simposio-MemoriaLGTBI.jpg 2016w\" sizes=\"auto, (max-width: 750px) 100vw, 750px\" \/><\/a><figcaption id=\"caption-attachment-30876570\" class=\"wp-caption-text\">Gumersindo Caballero, Fernando Mart\u00ednez y Luisa Est\u00e9vez<\/figcaption><\/figure>\n<p>La sede Olavide en Sevilla-Centro de la Universidad Pablo de Olavide acoge hasta este viernes el <strong>I Simposio Internacional sobre \u2018Memoria Democr\u00e1tica LGTBI+: represi\u00f3n y resistencia durante la dictadura franquista y la transici\u00f3n\u2019<\/strong>, que ha organizado la <strong>Fundaci\u00f3n Pedro Zerolo<\/strong> en colaboraci\u00f3n con la <strong>Red Memorialista LGTBI+<\/strong>, la <strong>Asociaci\u00f3n Pasaje Bego\u00f1a<\/strong> y la propia universidad a trav\u00e9s del <strong>Proyecto UPO Represi\u00f3n y resistencias de los disidentes sexuales andaluces durante la dictadura franquista y la transici\u00f3n<\/strong> del Departamento de Antropolog\u00eda Social, Psicolog\u00eda B\u00e1sica y Salud P\u00fablica; y con la subvenci\u00f3n de la <strong>Secretar\u00eda de Estado de Memoria Democr\u00e1tica del Ministerio de la Presidencia<\/strong>.<\/p>\n<p>El simposio ha sido inaugurado por el secretario de Estado de Memoria Democr\u00e1tica, <strong>Fernando Mart\u00ednez<\/strong>, y ha contado tambi\u00e9n con la participaci\u00f3n de la presidenta de la Fundaci\u00f3n Pedro Zerolo, <strong>Luisa Est\u00e9vez<\/strong>, y el director de la sede Olavide en Sevilla-Centro, <strong>Gumersindo Caballero<\/strong>.<\/p>\n<p>La primera jornada est\u00e1 dedicada a la investigaci\u00f3n de la Memoria LGTBI+. As\u00ed, se presentan nueve comunicaciones organizadas en tres paneles que tienen por t\u00edtulos \u2018Espacios de represi\u00f3n \/ Espacios de resistencias\u2019, \u2018Represi\u00f3n y resistencias de las mujeres durante la dictadura franquista\u2019 y \u2018Diferencias territoriales de la represi\u00f3n LGBTI+ durante el franquismo y la transici\u00f3n\u2019.<\/p>\n<p>El viernes, el simposio se centra en el activismo y la gesti\u00f3n de la Memoria LGTBI+. De esta forma, comienza con la presentaci\u00f3n del video <strong>\u2018Sites of Conscience\u2019 de Silvia Fern\u00e1ndez<\/strong> y contin\u00faa con la presentaci\u00f3n de la reedici\u00f3n de un libro pionero en los estudios LGTBI+ en Espa\u00f1a como es <strong>\u2018La sociedad rosa\u2019 de \u00d3scar Guasch<\/strong>. El resto de la sesi\u00f3n estar\u00e1 dedicada a las v\u00edctimas de la represi\u00f3n, el trabajo desarrollado por las asociaciones de la Red Memorialista LGTBI+ y la labor de diversas instituciones que trabajan por recuperar la Memoria LGTBI+ y concluir\u00e1 con la intervenci\u00f3n del activista Jordi Petit, director del Archivo y Centro de Documentaci\u00f3n Pedro Zerolo.<\/p>\n<p>Por la tarde, a las 19:00 horas, el autor <strong>\u00d3scar Guasch presentar\u00e1 su libro \u2018Salir del armario en la universidad\u2019 en un acto que tendr\u00e1 lugar en la Casa del Pumarejo (Sevilla), con la participaci\u00f3n del profesor de la Universidad Pablo de Olavide Juan Blanco L\u00f3pez<\/strong>.<\/p>\n<h3><strong>I Encuentro de la Red Memorialista LGTBI+<\/strong><\/h3>\n<p>En paralelo al I Simposio Internacional sobre Memoria Democr\u00e1tica LGTBI+, se celebra el I Encuentro de la Red Memorialista LGTBI+. Esta iniciativa es un <strong>espacio de confluencia y coordinaci\u00f3n entre entidades memorialistas LGTBI+, personas investigadoras y expertas e instituciones p\u00fablicas y privadas que promueven o desarrollan l\u00edneas de intervenci\u00f3n y programas en esta materia<\/strong>.<\/p>\n<p>Entre otras entidades, forman parte de esta Red la Fundaci\u00f3n Pedro Zerolo, la Asociaci\u00f3n Pasaje Bego\u00f1a, la Fundaci\u00f3n 26 de diciembre, la Asociaci\u00f3n Adriano Antinoo, la Asociaci\u00f3n Pulse, Red LIESS (Laboratorio Iberoamericano para el Estudio Sociohist\u00f3rico de las Sexualidades), Altihay Fuerteventura, Col.lectiu Lambda, Colectivo Maricorners, Fundaci\u00f3 Enlla\u00e7, La Llave del Armario, Colectivo GALACTYCO y Acci\u00f3n Tri\u00e1ngulo, adem\u00e1s de una treintena de investigadores e investigadoras de diversas disciplinas de una docena de universidades espa\u00f1olas.<\/p>\n<ul>\n<li>Programa completo <a href=\"https:\/\/eventos.upo.es\/_files\/_event\/_92964\/_editorFiles\/file\/DIPTICO%20SIMPOSIO%20difusion%20online%20.pdf\">aqu\u00ed<\/a>.<\/li>\n<\/ul>\n<p>&nbsp;<\/p>\n","protected":false},"excerpt":{"rendered":"<p>La sede Olavide en Sevilla-Centro de la Universidad Pablo de Olavide acoge hasta este viernes el I Simposio Internacional sobre \u2018Memoria Democr\u00e1tica LGTBI+: represi\u00f3n y resistencia durante la dictadura franquista y la transici\u00f3n\u2019, que ha organizado la Fundaci\u00f3n Pedro Zerolo en colaboraci\u00f3n con la Red Memorialista LGTBI+, la Asociaci\u00f3n Pasaje Bego\u00f1a y la propia universidad a trav\u00e9s del Proyecto UPO Represi\u00f3n y resistencias de los disidentes sexuales andaluces durante la dictadura franquista y la transici\u00f3n del Departamento de Antropolog\u00eda Social, Psicolog\u00eda B\u00e1sica y Salud P\u00fablica; y con la subvenci\u00f3n de la Secretar\u00eda de Estadio de Memoria Democr\u00e1tica del Ministerio de la Presidencia.<\/p>\n","protected":false},"author":14,"featured_media":30876570,"comment_status":"closed","ping_status":"open","sticky":false,"template":"","format":"standard","meta":{"_monsterinsights_skip_tracking":false,"_monsterinsights_sitenote_active":false,"_monsterinsights_sitenote_note":"","_monsterinsights_sitenote_category":0,"footnotes":""},"categories":[2779],"tags":[8137,8134,8135,8132,8133,8140,8138,8136,8139,5491,7987],"class_list":["post-30876569","post","type-post","status-publish","format-standard","has-post-thumbnail","hentry","category-docencia-formacion","tag-asociacion-pasaje-begona","tag-dictadura-franquista","tag-fundacion-pedro-zerolo","tag-lgtbi","tag-memoria-democratica","tag-ministerio-de-la-presidencia","tag-proyecto-upo","tag-red-memorialista-lgtbi","tag-secretaria-de-estado-de-memoria-democratica","tag-simposio-internacional","tag-transicion-espanola"],"_links":{"self":[{"href":"https:\/\/www.upo.es\/diario\/wp-json\/wp\/v2\/posts\/30876569","targetHints":{"allow":["GET"]}}],"collection":[{"href":"https:\/\/www.upo.es\/diario\/wp-json\/wp\/v2\/posts"}],"about":[{"href":"https:\/\/www.upo.es\/diario\/wp-json\/wp\/v2\/types\/post"}],"author":[{"embeddable":true,"href":"https:\/\/www.upo.es\/diario\/wp-json\/wp\/v2\/users\/14"}],"replies":[{"embeddable":true,"href":"https:\/\/www.upo.es\/diario\/wp-json\/wp\/v2\/comments?post=30876569"}],"version-history":[{"count":1,"href":"https:\/\/www.upo.es\/diario\/wp-json\/wp\/v2\/posts\/30876569\/revisions"}],"predecessor-version":[{"id":30876571,"href":"https:\/\/www.upo.es\/diario\/wp-json\/wp\/v2\/posts\/30876569\/revisions\/30876571"}],"wp:featuredmedia":[{"embeddable":true,"href":"https:\/\/www.upo.es\/diario\/wp-json\/wp\/v2\/media\/30876570"}],"wp:attachment":[{"href":"https:\/\/www.upo.es\/diario\/wp-json\/wp\/v2\/media?parent=30876569"}],"wp:term":[{"taxonomy":"category","embeddable":true,"href":"https:\/\/www.upo.es\/diario\/wp-json\/wp\/v2\/categories?post=30876569"},{"taxonomy":"post_tag","embeddable":true,"href":"https:\/\/www.upo.es\/diario\/wp-json\/wp\/v2\/tags?post=30876569"}],"curies":[{"name":"wp","href":"https:\/\/api.w.org\/{rel}","templated":true}]}}