{"id":30876619,"date":"2022-12-20T14:52:30","date_gmt":"2022-12-20T13:52:30","guid":{"rendered":"https:\/\/www.upo.es\/diario\/?p=30876619"},"modified":"2023-01-10T11:47:50","modified_gmt":"2023-01-10T10:47:50","slug":"la-upo-y-la-junta-de-andalucia-firman-un-convenio-para-la-rehabilitacion-del-edificio-de-la-termica","status":"publish","type":"post","link":"https:\/\/www.upo.es\/diario\/institucional\/2022\/12\/la-upo-y-la-junta-de-andalucia-firman-un-convenio-para-la-rehabilitacion-del-edificio-de-la-termica\/","title":{"rendered":"La UPO y la Junta de Andaluc\u00eda firman un convenio para la rehabilitaci\u00f3n del edificio de la T\u00e9rmica"},"content":{"rendered":"<figure id=\"attachment_30876620\" aria-describedby=\"caption-attachment-30876620\" style=\"width: 750px\" class=\"wp-caption aligncenter\"><a href=\"https:\/\/www.upo.es\/diario\/wp-content\/uploads\/2022\/12\/foto6-subvencion-Termica-scaled.jpg\"><img loading=\"lazy\" decoding=\"async\" class=\"wp-image-30876620 size-large\" src=\"https:\/\/www.upo.es\/diario\/wp-content\/uploads\/2022\/12\/foto6-subvencion-Termica-scaled-e1671546187460-750x378.jpg\" alt=\"\" width=\"750\" height=\"378\" srcset=\"https:\/\/www.upo.es\/diario\/wp-content\/uploads\/2022\/12\/foto6-subvencion-Termica-scaled-e1671546187460-750x378.jpg 750w, https:\/\/www.upo.es\/diario\/wp-content\/uploads\/2022\/12\/foto6-subvencion-Termica-scaled-e1671546187460-385x194.jpg 385w, https:\/\/www.upo.es\/diario\/wp-content\/uploads\/2022\/12\/foto6-subvencion-Termica-scaled-e1671546187460-768x387.jpg 768w, https:\/\/www.upo.es\/diario\/wp-content\/uploads\/2022\/12\/foto6-subvencion-Termica-scaled-e1671546187460-1536x775.jpg 1536w, https:\/\/www.upo.es\/diario\/wp-content\/uploads\/2022\/12\/foto6-subvencion-Termica-scaled-e1671546187460-2048x1033.jpg 2048w, https:\/\/www.upo.es\/diario\/wp-content\/uploads\/2022\/12\/foto6-subvencion-Termica-scaled-e1671546187460-1320x666.jpg 1320w\" sizes=\"auto, (max-width: 750px) 100vw, 750px\" \/><\/a><figcaption id=\"caption-attachment-30876620\" class=\"wp-caption-text\">Carolina Espa\u00f1a y Francisco Oliva durante la firma del convenio<\/figcaption><\/figure>\n<p>El rector de la Universidad Pablo de Olavide, <strong>Francisco Oliva Bl\u00e1zquez<\/strong>, y la consejera de Econom\u00eda, Hacienda y Fondos Europeos, <strong>Carolina Espa\u00f1a Reina<\/strong>, han firmado un convenio para la concesi\u00f3n de <strong>una subvenci\u00f3n de car\u00e1cter excepcional por valor de casi 3 millones de euros (2.924.597) al objeto de la financiaci\u00f3n de las actuaciones de rehabilitaci\u00f3n del edificio de la Central T\u00e9rmica del campus de la UPO<\/strong>.<\/p>\n<figure style=\"width: 390px\" class=\"wp-caption alignright\"><a href=\"https:\/\/www.upo.es\/cms1\/export\/sites\/upo\/infraestructuras\/planimetria\/documentacion_grafica_edificios\/edificios\/Edificio_19\/Imagenes_Edificio_19\/Edificio_19.jpg\"><img loading=\"lazy\" decoding=\"async\" class=\"\" src=\"https:\/\/www.upo.es\/cms1\/export\/sites\/upo\/infraestructuras\/planimetria\/documentacion_grafica_edificios\/edificios\/Edificio_19\/Imagenes_Edificio_19\/Edificio_19.jpg\" alt=\"Central T\u00e9rmica, edificio 19\" width=\"390\" height=\"293\" \/><\/a><figcaption class=\"wp-caption-text\">Central T\u00e9rmica, edificio 19<\/figcaption><\/figure>\n<p>El presupuesto total de la actuaci\u00f3n asciende a 3.724.989 euros que, tras la subvenci\u00f3n directa de la que hoy se firma el convenio, <strong>la Universidad Pablo de Olavide financiar\u00e1 los 800.392 euros restantes<\/strong>. Asimismo, se concreta en el documento que la obra debe estar <strong>adjudicada antes del 31 de diciembre de 2024 y finalizada antes del 31 de marzo de 2026<\/strong>.<\/p>\n<p>El rector ha destacado que la firma de este convenio \u201ces un hito importante, ya que nos permite formalizar un proyecto especialmente estrat\u00e9gico para la UPO como es la rehabilitaci\u00f3n de un edificio hist\u00f3rico. Nuestra universidad, de esta manera, no s\u00f3lo gana un espacio b\u00e1sico para seguir creciendo y afrontar nuevos retos, sino que adem\u00e1s <strong>logra incorporar un inmueble de gran valor a su patrimonio<\/strong>\u201d.<\/p>\n<p>Por su parte, la consejera ha se\u00f1alado que se trata de un ejemplo m\u00e1s de \u201c<strong>invertir en lo que realmente hace falta<\/strong>\u201d. Recuerda que con estas intervenciones se recuperan inmuebles en desuso o incluso abandonados y se vuelven a habilitar para el uso de instituciones como universidades, hospitales u otro tipo de entidades de servicio p\u00fablico.<\/p>\n<p>Una vez rehabilitado, el edificio de la Central T\u00e9rmica del campus de la UPO <strong>se convertir\u00e1 en un espacio <em>coworking<\/em> para profesorado con zonas compartidas<\/strong>. Asimismo, se valorar\u00e1 el traslado de alguna unidad administrativa dependiendo de las necesidades de espacio de la universidad.<\/p>\n<h3><strong><a href=\"https:\/\/www.upo.es\/diario\/wp-content\/uploads\/2022\/12\/foto7-subvencion-Termica.jpeg\"><img loading=\"lazy\" decoding=\"async\" class=\"alignright size-medium wp-image-30876621\" src=\"https:\/\/www.upo.es\/diario\/wp-content\/uploads\/2022\/12\/foto7-subvencion-Termica-385x252.jpeg\" alt=\"\" width=\"385\" height=\"252\" srcset=\"https:\/\/www.upo.es\/diario\/wp-content\/uploads\/2022\/12\/foto7-subvencion-Termica-385x252.jpeg 385w, https:\/\/www.upo.es\/diario\/wp-content\/uploads\/2022\/12\/foto7-subvencion-Termica-750x491.jpeg 750w, https:\/\/www.upo.es\/diario\/wp-content\/uploads\/2022\/12\/foto7-subvencion-Termica-768x503.jpeg 768w, https:\/\/www.upo.es\/diario\/wp-content\/uploads\/2022\/12\/foto7-subvencion-Termica-1536x1006.jpeg 1536w, https:\/\/www.upo.es\/diario\/wp-content\/uploads\/2022\/12\/foto7-subvencion-Termica-380x250.jpeg 380w, https:\/\/www.upo.es\/diario\/wp-content\/uploads\/2022\/12\/foto7-subvencion-Termica-760x500.jpeg 760w, https:\/\/www.upo.es\/diario\/wp-content\/uploads\/2022\/12\/foto7-subvencion-Termica-165x109.jpeg 165w, https:\/\/www.upo.es\/diario\/wp-content\/uploads\/2022\/12\/foto7-subvencion-Termica-1320x864.jpeg 1320w, https:\/\/www.upo.es\/diario\/wp-content\/uploads\/2022\/12\/foto7-subvencion-Termica.jpeg 1830w\" sizes=\"auto, (max-width: 385px) 100vw, 385px\" \/><\/a>Bien de Inter\u00e9s Cultural<\/strong><\/h3>\n<p>Esta construcci\u00f3n es de titularidad de la Universidad Pablo de Olavide y est\u00e1 declarado Bien de Inter\u00e9s Cultural. Su funci\u00f3n original era el abastecimiento de energ\u00eda a otros edificios de la antigua Universidad Laboral de Sevilla. En su rehabilitaci\u00f3n, se intervendr\u00e1 en la mejora energ\u00e9tica de sus fachadas y cubiertas, con sustituci\u00f3n de carpinter\u00eda y acristalamientos, nuevas instalaciones de energ\u00eda solar, iluminaci\u00f3n y climatizaci\u00f3n. En total, la superficie de la actuaci\u00f3n es de 1.995 m<sup>2<\/sup>.<\/p>\n<p>Esta subvenci\u00f3n es fruto del convenio suscrito entre la Junta de Andaluc\u00eda y el Ministerio de Transporte, Movilidad y Agenda Urbana para la ejecuci\u00f3n del Programa de Impulso a la Rehabilitaci\u00f3n de Edificios P\u00fablicos (PIREP), financiado con fondos <em>Next Generation EU<\/em>. As\u00ed, este programa se encuadra en el Plan de Recuperaci\u00f3n, Transformaci\u00f3n y Resiliencia (PRTR) del Gobierno de Espa\u00f1a para la financiaci\u00f3n denominada \u2018Implementaci\u00f3n de la Agenda Urbana Espa\u00f1ola: Plan de Rehabilitaci\u00f3n y Regeneraci\u00f3n Urbana\u2019.<\/p>\n<p>Las ayudas directas concedidas mediante subvenciones tienen como objetivo la rehabilitaci\u00f3n sostenible del parque p\u00fablico institucional de las Comunidades y la Ciudades Aut\u00f3nomas para todo tipo de edificios de titularidad y uso p\u00fablico. Las actuaciones que se lleven a cabo deben tener un car\u00e1cter integrado y responder a los criterios de sostenibilidad, inclusi\u00f3n y calidad est\u00e9tica previstos por la Nueva Bauhaus Europea en cuanto a razones de dise\u00f1o, arte, cultura, inclusi\u00f3n social, ciencia y tecnolog\u00eda.<\/p>\n","protected":false},"excerpt":{"rendered":"<p>El rector de la Universidad Pablo de Olavide, Francisco Oliva Bl\u00e1zquez, y la consejera de Econom\u00eda, Hacienda y Fondos Europeos, Carolina Espa\u00f1a Reina, han firmado un convenio para la concesi\u00f3n de una subvenci\u00f3n de car\u00e1cter excepcional por valor de casi 3 millones de euros (2.924.597) al objeto de la financiaci\u00f3n de las actuaciones de rehabilitaci\u00f3n del edificio de la Central T\u00e9rmica del campus de la UPO.<\/p>\n","protected":false},"author":14,"featured_media":30876620,"comment_status":"closed","ping_status":"open","sticky":false,"template":"","format":"standard","meta":{"_monsterinsights_skip_tracking":false,"_monsterinsights_sitenote_active":false,"_monsterinsights_sitenote_note":"","_monsterinsights_sitenote_category":0,"footnotes":""},"categories":[6],"tags":[8152,5613,2744,326,8150,203,129,38,8151],"class_list":["post-30876619","post","type-post","status-publish","format-standard","has-post-thumbnail","hentry","category-institucional","tag-bic","tag-campus-upo","tag-consejeria-de-economia","tag-convenio","tag-hacienda-y-fondos-europeos","tag-junta-de-andalucia","tag-patrimonio","tag-rector","tag-subvencion"],"_links":{"self":[{"href":"https:\/\/www.upo.es\/diario\/wp-json\/wp\/v2\/posts\/30876619","targetHints":{"allow":["GET"]}}],"collection":[{"href":"https:\/\/www.upo.es\/diario\/wp-json\/wp\/v2\/posts"}],"about":[{"href":"https:\/\/www.upo.es\/diario\/wp-json\/wp\/v2\/types\/post"}],"author":[{"embeddable":true,"href":"https:\/\/www.upo.es\/diario\/wp-json\/wp\/v2\/users\/14"}],"replies":[{"embeddable":true,"href":"https:\/\/www.upo.es\/diario\/wp-json\/wp\/v2\/comments?post=30876619"}],"version-history":[{"count":4,"href":"https:\/\/www.upo.es\/diario\/wp-json\/wp\/v2\/posts\/30876619\/revisions"}],"predecessor-version":[{"id":30876628,"href":"https:\/\/www.upo.es\/diario\/wp-json\/wp\/v2\/posts\/30876619\/revisions\/30876628"}],"wp:featuredmedia":[{"embeddable":true,"href":"https:\/\/www.upo.es\/diario\/wp-json\/wp\/v2\/media\/30876620"}],"wp:attachment":[{"href":"https:\/\/www.upo.es\/diario\/wp-json\/wp\/v2\/media?parent=30876619"}],"wp:term":[{"taxonomy":"category","embeddable":true,"href":"https:\/\/www.upo.es\/diario\/wp-json\/wp\/v2\/categories?post=30876619"},{"taxonomy":"post_tag","embeddable":true,"href":"https:\/\/www.upo.es\/diario\/wp-json\/wp\/v2\/tags?post=30876619"}],"curies":[{"name":"wp","href":"https:\/\/api.w.org\/{rel}","templated":true}]}}