{"id":30876656,"date":"2022-12-22T15:34:55","date_gmt":"2022-12-22T14:34:55","guid":{"rendered":"https:\/\/www.upo.es\/diario\/?p=30876656"},"modified":"2023-01-17T10:17:59","modified_gmt":"2023-01-17T09:17:59","slug":"el-rector-informa-de-mejoras-en-el-campus-y-del-exito-en-los-programas-investigo-y-primera-experiencia-profesional-en-el-ultimo-consejo-de-gobierno-de-2022","status":"publish","type":"post","link":"https:\/\/www.upo.es\/diario\/institucional\/2022\/12\/el-rector-informa-de-mejoras-en-el-campus-y-del-exito-en-los-programas-investigo-y-primera-experiencia-profesional-en-el-ultimo-consejo-de-gobierno-de-2022\/","title":{"rendered":"El rector informa de mejoras en el campus y del \u00e9xito en los programas Investigo y Primera Experiencia Profesional en el \u00faltimo Consejo de Gobierno de 2022"},"content":{"rendered":"<figure id=\"attachment_30876658\" aria-describedby=\"caption-attachment-30876658\" style=\"width: 750px\" class=\"wp-caption aligncenter\"><a href=\"https:\/\/www.upo.es\/diario\/wp-content\/uploads\/2022\/12\/CG_20221221_2-1-scaled.jpg\"><img loading=\"lazy\" decoding=\"async\" class=\"size-large wp-image-30876658\" src=\"https:\/\/www.upo.es\/diario\/wp-content\/uploads\/2022\/12\/CG_20221221_2-1-750x500.jpg\" alt=\"25\u00aa sesi\u00f3n del Consejo de Gobierno\" width=\"750\" height=\"500\" srcset=\"https:\/\/www.upo.es\/diario\/wp-content\/uploads\/2022\/12\/CG_20221221_2-1-750x500.jpg 750w, https:\/\/www.upo.es\/diario\/wp-content\/uploads\/2022\/12\/CG_20221221_2-1-385x257.jpg 385w, https:\/\/www.upo.es\/diario\/wp-content\/uploads\/2022\/12\/CG_20221221_2-1-768x512.jpg 768w, https:\/\/www.upo.es\/diario\/wp-content\/uploads\/2022\/12\/CG_20221221_2-1-1536x1024.jpg 1536w, https:\/\/www.upo.es\/diario\/wp-content\/uploads\/2022\/12\/CG_20221221_2-1-2048x1365.jpg 2048w\" sizes=\"auto, (max-width: 750px) 100vw, 750px\" \/><\/a><figcaption id=\"caption-attachment-30876658\" class=\"wp-caption-text\">25\u00aa sesi\u00f3n del Consejo de Gobierno<\/figcaption><\/figure>\n<p>Francisco Oliva, rector de la Universidad Pablo de Olavide, ha repasado durante su \u00faltimo informe en Consejo de Gobierno de 2022, correspondiente a la 25\u00aa sesi\u00f3n, algunas de las novedades que traer\u00e1n el pr\u00f3ximo a\u00f1o y la gesti\u00f3n universitaria llevada a cabo desde el Rectorado en este \u00faltimo mes.<\/p>\n<p>Entre las novedades que traer\u00e1 el pr\u00f3ximo a\u00f1o, Francisco Oliva ha destacado que, gracias al \u00e9xito de las solicitudes presentadas por la Universidad a las convocatorias de los programas <strong>Investigo<\/strong> y <strong>Primera Experiencia Profesional en las Administraciones P\u00fablicas<\/strong>, la UPO contar\u00e1 en 2023 con <strong>25 plazas de ayuda a la investigaci\u00f3n y 21 plazas para sostenibilidad (5) y competencia digital (16)<\/strong>. El rector ha informado que este personal t\u00e9cnico se incorporar\u00e1 transversalmente en aquellas \u00e1reas en las que su aportaci\u00f3n suponga un mayor impulso a los objetivos prioritarios en estos \u00e1mbitos.<\/p>\n<p>Siguiendo con las novedades sobre personal, el rector ha informado que se sigue trabajando en la <strong>II Fase del Plan de Fortalecimiento de la Plantilla<\/strong>, con el objetivo de estabilizarla.<\/p>\n<p>En el plano internacional, Francisco Oliva ha anunciado que <strong>la Universidad Pablo de Olavide es una de las instituciones que forman parte de COARA<\/strong> desde su inicio, participando en la asamblea constitutiva el pasado 1 de diciembre. <a href=\"https:\/\/coara.eu\/\">Coalition for Advancing Research Assessment<\/a> (COARA) es una asociaci\u00f3n que agrupa a entidades y organizaciones de m\u00e1s de 40 pa\u00edses con el objetivo de cambiar la evaluaci\u00f3n de la investigaci\u00f3n hacia criterios de calidad y de transferencia, haciendo un llamamiento al uso responsable de indicadores y m\u00e9tricas cuantitativas. Se trata de una l\u00ednea apoyada desde la Uni\u00f3n Europea.<\/p>\n<p>Continuando con la tem\u00e1tica internacional, el rector se felicit\u00f3 de que la UPO haya obtenido el <strong>Sello de Calidad del Cuerpo Europeo de Solidaridad<\/strong>, una acreditaci\u00f3n que permitir\u00e1 optar a fondos del Cuerpo Europeo de Solidaridad. La solicitud para lograr este sello ha sido evaluada con 90 puntos, destacando el trabajo desarrollado por la Oficina de Voluntariado y Solidaridad.<\/p>\n<p>Prosiguiendo con su informe, el rector ha anunciado dos importantes mejoras en las instalaciones del campus universitario. Por un lado, gracias al <a href=\"https:\/\/www.upo.es\/diario\/institucional\/2022\/12\/la-upo-y-la-junta-de-andalucia-firman-un-convenio-para-la-rehabilitacion-del-edificio-de-la-termica\/\">convenio firmado con la Junta de Andaluc\u00eda<\/a>, se iniciar\u00e1 la <strong>rehabilitaci\u00f3n de la Central T\u00e9rmica<\/strong>, edificio que ser\u00e1 incorporado a las dotaciones universitarias \u2013\u00faltimo procedente de la Universidad Laboral pendiente de recuperar\u2013, como un espacio de <em>coworking<\/em> para el profesorado. Por otra parte, los trabajos para que la Universidad cuente con una <strong>planta fotovoltaica<\/strong>, y produzca su propia energ\u00eda verde, podr\u00e1n dar comienzo en 2023 ya que el recurso que exist\u00eda sobre este contrato ha sido desestimado.<\/p>\n<h3><strong>Distinciones por el 25 Aniversario y Medallas al M\u00e9rito<\/strong><\/h3>\n<p>El Consejo de Gobierno ha aprobado unas distinciones especiales con motivo del 25 Aniversario de la Universidad, otorgadas a personas que tuvieron especial relevancia y responsabilidad en la puesta en marcha de la UPO durante sus dos primeros a\u00f1os. Ante la imposibilidad de otorgar este reconocimiento a todas las personas que construyeron Universidad en este periodo inicial, la distinci\u00f3n ser\u00e1 otorgada a quienes ejercieron una mayor responsabilidad en la gesti\u00f3n al frente de vicerrectorados, facultades y escuelas universitarias, departamentos y \u00e1reas administrativas. Por otra parte, ha sido aprobada la concesi\u00f3n a t\u00edtulo p\u00f3stumo de las medallas al M\u00e9rito a Juan Marchena Fern\u00e1ndez, catedr\u00e1tico de Historia de Am\u00e9rica, y M\u00aa Dolores Barcia Tirado, t\u00e9cnico del Centro de Inform\u00e1tica y Comunicaciones de la Universidad. Tanto las nuevas distinciones como las Medallas al M\u00e9rito ser\u00e1n entregadas en el acto con motivo del D\u00eda de la Universidad Pablo de Olavide que tendr\u00e1 lugar en el Paraninfo el 25 de enero de 2023.<\/p>\n<p>&nbsp;<\/p>\n<p><strong>M\u00e1s informaci\u00f3n:<\/strong><\/p>\n<p>Todos los acuerdos adoptados por el Consejo de Gobierno de la Universidad Pablo de Olavide pueden consultarse en los en el espacio \u2018Acuerdos\u2019, web de Secretar\u00eda General:<\/p>\n<p><a href=\"http:\/\/www.upo.es\/organos-colegiados\/consejo-de-gobierno\/informes-acuerdos-y-actas\/acuerdos\/2022\/\">www.upo.es\/organos-colegiados\/consejo-de-gobierno\/informes-acuerdos-y-actas\/acuerdos\/2022\/<\/a><\/p>\n","protected":false},"excerpt":{"rendered":"<p>Francisco Oliva, rector de la Universidad Pablo de Olavide, ha repasado durante su \u00faltimo informe en Consejo de Gobierno de 2022, correspondiente a la 25\u00aa sesi\u00f3n, algunas de las novedades que traer\u00e1n el pr\u00f3ximo a\u00f1o y la gesti\u00f3n universitaria llevada a cabo desde el Rectorado en este \u00faltimo mes. Entre las novedades que traer\u00e1 el pr\u00f3ximo a\u00f1o, Francisco Oliva ha<a class=\"read-more\" href=\"https:\/\/www.upo.es\/diario\/institucional\/2022\/12\/el-rector-informa-de-mejoras-en-el-campus-y-del-exito-en-los-programas-investigo-y-primera-experiencia-profesional-en-el-ultimo-consejo-de-gobierno-de-2022\/\">[Read More&#8230;]<\/a><\/p>\n","protected":false},"author":6,"featured_media":30876658,"comment_status":"closed","ping_status":"open","sticky":false,"template":"","format":"standard","meta":{"_monsterinsights_skip_tracking":false,"_monsterinsights_sitenote_active":false,"_monsterinsights_sitenote_note":"","_monsterinsights_sitenote_category":0,"footnotes":""},"categories":[6],"tags":[107,102,682,1218,199],"class_list":["post-30876656","post","type-post","status-publish","format-standard","has-post-thumbnail","hentry","category-institucional","tag-campus","tag-consejo-de-gobierno","tag-pas","tag-pdi","tag-profesorado"],"_links":{"self":[{"href":"https:\/\/www.upo.es\/diario\/wp-json\/wp\/v2\/posts\/30876656","targetHints":{"allow":["GET"]}}],"collection":[{"href":"https:\/\/www.upo.es\/diario\/wp-json\/wp\/v2\/posts"}],"about":[{"href":"https:\/\/www.upo.es\/diario\/wp-json\/wp\/v2\/types\/post"}],"author":[{"embeddable":true,"href":"https:\/\/www.upo.es\/diario\/wp-json\/wp\/v2\/users\/6"}],"replies":[{"embeddable":true,"href":"https:\/\/www.upo.es\/diario\/wp-json\/wp\/v2\/comments?post=30876656"}],"version-history":[{"count":2,"href":"https:\/\/www.upo.es\/diario\/wp-json\/wp\/v2\/posts\/30876656\/revisions"}],"predecessor-version":[{"id":30876659,"href":"https:\/\/www.upo.es\/diario\/wp-json\/wp\/v2\/posts\/30876656\/revisions\/30876659"}],"wp:featuredmedia":[{"embeddable":true,"href":"https:\/\/www.upo.es\/diario\/wp-json\/wp\/v2\/media\/30876658"}],"wp:attachment":[{"href":"https:\/\/www.upo.es\/diario\/wp-json\/wp\/v2\/media?parent=30876656"}],"wp:term":[{"taxonomy":"category","embeddable":true,"href":"https:\/\/www.upo.es\/diario\/wp-json\/wp\/v2\/categories?post=30876656"},{"taxonomy":"post_tag","embeddable":true,"href":"https:\/\/www.upo.es\/diario\/wp-json\/wp\/v2\/tags?post=30876656"}],"curies":[{"name":"wp","href":"https:\/\/api.w.org\/{rel}","templated":true}]}}