{"id":30876666,"date":"2023-01-04T20:09:24","date_gmt":"2023-01-04T19:09:24","guid":{"rendered":"https:\/\/www.upo.es\/diario\/?p=30876666"},"modified":"2023-01-09T10:18:13","modified_gmt":"2023-01-09T09:18:13","slug":"la-paradoja-espanola-los-ninos-cumplen-las-recomendaciones-de-actividad-fisica-pero-siguen-siendo-demasiado-sedentarios","status":"publish","type":"post","link":"https:\/\/www.upo.es\/diario\/theconversation\/2023\/01\/la-paradoja-espanola-los-ninos-cumplen-las-recomendaciones-de-actividad-fisica-pero-siguen-siendo-demasiado-sedentarios\/","title":{"rendered":"La paradoja espa\u00f1ola: los ni\u00f1os cumplen las recomendaciones de actividad f\u00edsica, pero siguen siendo demasiado sedentarios"},"content":{"rendered":"<figure id=\"attachment_30876668\" aria-describedby=\"caption-attachment-30876668\" style=\"width: 750px\" class=\"wp-caption aligncenter\"><img loading=\"lazy\" decoding=\"async\" class=\"wp-image-30876668 size-large\" src=\"https:\/\/www.upo.es\/diario\/wp-content\/uploads\/2023\/01\/escolares-patio-colegio-750x506.jpg\" alt=\"Escolares en el patio de un colegio\" width=\"750\" height=\"506\" srcset=\"https:\/\/www.upo.es\/diario\/wp-content\/uploads\/2023\/01\/escolares-patio-colegio-750x506.jpg 750w, https:\/\/www.upo.es\/diario\/wp-content\/uploads\/2023\/01\/escolares-patio-colegio-385x260.jpg 385w, https:\/\/www.upo.es\/diario\/wp-content\/uploads\/2023\/01\/escolares-patio-colegio-768x518.jpg 768w, https:\/\/www.upo.es\/diario\/wp-content\/uploads\/2023\/01\/escolares-patio-colegio-1536x1036.jpg 1536w, https:\/\/www.upo.es\/diario\/wp-content\/uploads\/2023\/01\/escolares-patio-colegio-2048x1381.jpg 2048w\" sizes=\"auto, (max-width: 750px) 100vw, 750px\" \/><figcaption id=\"caption-attachment-30876668\" class=\"wp-caption-text\">Shutterstock \/ Alina Ieromenko<\/figcaption><\/figure>\n<p><a href=\"https:\/\/theconversation.com\/profiles\/javier-brazo-sayavera-1219184\">Javier Brazo-Sayavera<\/a>, <em><a href=\"https:\/\/theconversation.com\/institutions\/universidad-pablo-de-olavide-1362\">Universidad Pablo de Olavide<\/a><\/em>; <a href=\"https:\/\/theconversation.com\/profiles\/blanca-roman-vinas-1400534\">Blanca Roman Vi\u00f1as<\/a>, <em><a href=\"https:\/\/theconversation.com\/institutions\/universitat-ramon-llull-4745\">Universitat Ramon Llull<\/a><\/em> y <a href=\"https:\/\/theconversation.com\/profiles\/susana-aznar-1400533\">Susana Aznar<\/a>, <em><a href=\"https:\/\/theconversation.com\/institutions\/universidad-de-castilla-la-mancha-3661\">Universidad de Castilla-La Mancha<\/a><\/em><\/p>\n<p>Las recomendaciones internacionales para una mayor salud f\u00edsica y mental pautan realizar 60 minutos en promedio diario de actividad f\u00edsica de moderada a vigorosa intensidad. Al mismo tiempo, recomiendan no pasar m\u00e1s de 2 horas diarias del tiempo de ocio utilizando pantallas. Ambas recomendaciones ayudan tambi\u00e9n al \u00e9xito acad\u00e9mico de ni\u00f1os y adolescentes. \u00bfPero cu\u00e1ntos las cumplen?<\/p>\n<p>El estudio global de actividad f\u00edsica en ni\u00f1os y adolescentes del periodo 2018-22, denominado <a href=\"https:\/\/www.activehealthykids.org\/4-0\/\">Matriz Global 4.0<\/a>, tiene la respuesta. Se trata de una comparativa internacional que ha involucrado a 682 expertos que han desarrollado 57 informes de calificaciones alrededor del mundo. Publicada por la Alianza Global por una Infancia Activa y Saludable, incluye las calificaciones de 10 indicadores comunes relacionados con <a href=\"https:\/\/doi.org\/10.1123\/jpah.2022-0456\">la actividad f\u00edsica en ni\u00f1os y adolescentes<\/a>.<\/p>\n<p>Los resultados muestran que solo alrededor de un tercio de los ni\u00f1os y adolescentes a nivel mundial realizan 60 minutos diarios de actividad f\u00edsica. Y algo m\u00e1s de un tercio siguen las recomendaciones de tiempo de ocio con pantallas.<\/p>\n<p>A pesar del incremento de la preocupaci\u00f3n sobre actividad f\u00edsica y el comportamiento sedentario en ni\u00f1os y adolescentes, <a href=\"https:\/\/doi.org\/10.1123\/jpah.2022-0312\">la situaci\u00f3n global no ha mejorado en relaci\u00f3n a la d\u00e9cada anterior a la pandemia de covid-19<\/a>. Es m\u00e1s, los niveles de actividad f\u00edsica, tiempo de pantalla y tiempo invertido en importantes comportamientos como jugar y pasar tiempo al aire libre han empeorado durante la pandemia a nivel global. Los ni\u00f1os y adolescentes presentan niveles m\u00e1s altos de uso de pantallas, pasan menos tiempo realizando actividades deportivas organizadas y tienen menos actividad f\u00edsica a nivel general.<\/p>\n<h3>\u00bfY qu\u00e9 pasa con los ni\u00f1os espa\u00f1oles?<\/h3>\n<p>Espa\u00f1a ha creado su tercer reporte de calificaciones sobre indicadores relacionados con la actividad f\u00edsica, <a href=\"https:\/\/theconversation.com\/la-pandemia-ha-aumentado-la-inactividad-fisica-en-los-jovenes-esta-red-global-quiere-solucionarlo-157626\">tal y como se adelant\u00f3 previamente<\/a>.<\/p>\n<p>En comparaci\u00f3n con el resto del mundo, los ni\u00f1os y adolescentes espa\u00f1oles est\u00e1n entre los f\u00edsicamente m\u00e1s activos: reciben una calificaci\u00f3n de B-. Adem\u00e1s, han alcanzado una meritoria calificaci\u00f3n B+ en actividades deportivas organizadas, una B- en el juego activo y la misma calificaci\u00f3n para el indicador de transporte activo.<\/p>\n<p>No obstante, existe una destacada diferencia de g\u00e9nero. Las ni\u00f1as y adolescentes son menos activas en casi todos los dominios de la actividad f\u00edsica, principalmente en actividad f\u00edsica general, actividades deportivas organizadas y juego activo.<\/p>\n<p>Por otro lado, Espa\u00f1a suspende en el indicador de comportamiento sedentario, en el que ha logrado una calificaci\u00f3n de D. Si sirve de consuelo, la mayor\u00eda de los pa\u00edses que ha participado en la Matriz Global 4.0 han suspendido en este indicador. Lo que nos conduce a subrayar la importancia de crear conciencia sobre los potenciales efectos negativos de las actividades sedentarias.<\/p>\n<p>Dado que Espa\u00f1a ha mejorado en el indicador de actividad f\u00edsica general y ha empeorado el indicador de comportamiento sedentario, los esfuerzos para abordar la crisis de la inactividad deben incluir planes para reducir las actividades de comportamiento sedentario. Algunas <a href=\"https:\/\/theconversation.com\/como-luchar-contra-el-sedentarismo-en-los-centros-educativos-180758\">recomendaciones pueden ser implementadas en el contexto escolar<\/a>.<\/p>\n<figure class=\"align-center zoomable\">\n<p><figure style=\"width: 381px\" class=\"wp-caption alignright\"><a href=\"https:\/\/images.theconversation.com\/files\/502450\/original\/file-20221221-18-jw4s39.jpg?ixlib=rb-1.1.0&amp;q=45&amp;auto=format&amp;w=1000&amp;fit=clip\"><img loading=\"lazy\" decoding=\"async\" src=\"https:\/\/images.theconversation.com\/files\/502450\/original\/file-20221221-18-jw4s39.jpg?ixlib=rb-1.1.0&amp;q=45&amp;auto=format&amp;w=754&amp;fit=clip\" sizes=\"auto, (min-width: 1466px) 754px, (max-width: 599px) 100vw, (min-width: 600px) 600px, 237px\" srcset=\"https:\/\/images.theconversation.com\/files\/502450\/original\/file-20221221-18-jw4s39.jpg?ixlib=rb-1.1.0&amp;q=45&amp;auto=format&amp;w=600&amp;h=400&amp;fit=crop&amp;dpr=1 600w, https:\/\/images.theconversation.com\/files\/502450\/original\/file-20221221-18-jw4s39.jpg?ixlib=rb-1.1.0&amp;q=30&amp;auto=format&amp;w=600&amp;h=400&amp;fit=crop&amp;dpr=2 1200w, https:\/\/images.theconversation.com\/files\/502450\/original\/file-20221221-18-jw4s39.jpg?ixlib=rb-1.1.0&amp;q=15&amp;auto=format&amp;w=600&amp;h=400&amp;fit=crop&amp;dpr=3 1800w, https:\/\/images.theconversation.com\/files\/502450\/original\/file-20221221-18-jw4s39.jpg?ixlib=rb-1.1.0&amp;q=45&amp;auto=format&amp;w=754&amp;h=503&amp;fit=crop&amp;dpr=1 754w, https:\/\/images.theconversation.com\/files\/502450\/original\/file-20221221-18-jw4s39.jpg?ixlib=rb-1.1.0&amp;q=30&amp;auto=format&amp;w=754&amp;h=503&amp;fit=crop&amp;dpr=2 1508w, https:\/\/images.theconversation.com\/files\/502450\/original\/file-20221221-18-jw4s39.jpg?ixlib=rb-1.1.0&amp;q=15&amp;auto=format&amp;w=754&amp;h=503&amp;fit=crop&amp;dpr=3 2262w\" alt=\"Actividad n\u00e1utica infantil en una playa de Murcia.\" width=\"381\" height=\"254\" \/><\/a><figcaption class=\"wp-caption-text\">Actividad n\u00e1utica infantil en una playa de Murcia. Shutterstock \/ David Moreno Hernandez<\/figcaption><\/figure><\/figure>\n<h3>Diferencias entre Comunidades Aut\u00f3nomas<\/h3>\n<p>La actual edici\u00f3n de la Matriz Global ha sido especial para Espa\u00f1a porque ha sido la primera vez en la que las regiones han participado en esta iniciativa global.<\/p>\n<p>El Pa\u00eds Vasco, Extremadura y la Regi\u00f3n de Murcia han completado exitosamente el proceso de elaboraci\u00f3n de los reportes de calificaciones sobre indicadores relacionados con la actividad f\u00edsica en la infancia y la adolescencia. Las diferencias regionales observadas en el an\u00e1lisis de los indicadores de comportamiento llevan a una reflexi\u00f3n sobre la necesidad de estos reportes a nivel regional, en los que los resultados pueden ser diferentes en comparaci\u00f3n con los obtenidos a nivel nacional.<\/p>\n<p>Eso ha permitido detectar que, aunque Espa\u00f1a presenta una calificaci\u00f3n alta en el indicador de actividad f\u00edsica general, algunas regiones como Pa\u00eds Vasco han logrado calificaciones bajas o incompletas. En otros comportamientos activos, los datos nacionales son consistentes con Pa\u00eds Vasco y Regi\u00f3n de Murcia, mientras que Extremadura ha logrado calificaciones m\u00e1s bajas. Adem\u00e1s, mientras Extremadura y la Regi\u00f3n de Murcia est\u00e1n en concordancia con las bajas calificaciones mostradas en Espa\u00f1a para el indicador de Comportamiento Sedentario, Pa\u00eds Vasco ha alcanzado una de las calificaciones m\u00e1s altas entre los pa\u00edses participantes.<\/p>\n<p>La diversidad observada en las regiones ha aportado algunos mensajes positivos. Adicionalmente, regiones dentro de un mismo pa\u00eds pueden ser ejemplo de buenas pr\u00e1cticas, ayudando con mejoras a lo largo del tiempo.<\/p>\n<p>Por ejemplo, Regi\u00f3n de Murcia y Pa\u00eds Vasco han logrado una calificaci\u00f3n alta en Actividades Deportivas Organizadas. La Regi\u00f3n de Murcia, ubicada en la costa y con muchas horas de sol al a\u00f1o, es la participante con la calificaci\u00f3n m\u00e1s alta en el indicador de Juego Activo y tambi\u00e9n con una calificaci\u00f3n alta en el indicador de Transporte Activo. En l\u00ednea con esto, Extremadura es una de las participantes con una calificaci\u00f3n A en el indicador de Familia y Pares o con la calificaci\u00f3n B en el indicador de Comunidad y Ambiente.<\/p>\n<p>A\u00fan necesitamos hacer mucho para mejorar todos los indicadores, pero la participaci\u00f3n de estas regiones ha sido un importante hito. Esto es una llamada de atenci\u00f3n para reducir el problema relacionado con el comportamiento sedentario en la infancia y la adolescencia. La iniciativa Matriz Global vigilar\u00e1 el progreso, intentando ser una herramienta para la implementaci\u00f3n de pol\u00edticas basadas en la evidencia cient\u00edfica.<\/p>\n<p><a href=\"https:\/\/theconversation.com\/profiles\/javier-brazo-sayavera-1219184\">Javier Brazo-Sayavera<\/a>, Profesor del \u00e1rea de Educaci\u00f3n F\u00edsica y Deportiva, <em><a href=\"https:\/\/theconversation.com\/institutions\/universidad-pablo-de-olavide-1362\">Universidad Pablo de Olavide<\/a><\/em>; <a href=\"https:\/\/theconversation.com\/profiles\/blanca-roman-vinas-1400534\">Blanca Roman Vi\u00f1as<\/a>, Profesora asociada, <em><a href=\"https:\/\/theconversation.com\/institutions\/universitat-ramon-llull-4745\">Universitat Ramon Llull<\/a><\/em> y <a href=\"https:\/\/theconversation.com\/profiles\/susana-aznar-1400533\">Susana Aznar<\/a>, Catedr\u00e1tica en Actividad F\u00edsica y Salud, <em><a href=\"https:\/\/theconversation.com\/institutions\/universidad-de-castilla-la-mancha-3661\">Universidad de Castilla-La Mancha<\/a><\/em><\/p>\n<p>Este art\u00edculo fue publicado originalmente en <a href=\"https:\/\/theconversation.com\">The Conversation<\/a>. Lea el <a href=\"https:\/\/theconversation.com\/la-paradoja-espanola-los-ninos-cumplen-las-recomendaciones-de-actividad-fisica-pero-siguen-siendo-demasiado-sedentarios-194835\">original<\/a>.<\/p>\n<p><img loading=\"lazy\" decoding=\"async\" style=\"border: none !important; box-shadow: none !important; margin: 0 !important; max-height: 1px !important; max-width: 1px !important; min-height: 1px !important; min-width: 1px !important; opacity: 0 !important; outline: none !important; padding: 0 !important;\" src=\"https:\/\/counter.theconversation.com\/content\/194835\/count.gif?distributor=republish-lightbox-advanced\" alt=\"The Conversation\" width=\"1\" height=\"1\" \/><\/p>\n","protected":false},"excerpt":{"rendered":"<p>Las recomendaciones internacionales para una mayor salud f\u00edsica y mental pautan realizar 60 minutos en promedio diario de actividad f\u00edsica de moderada a vigorosa intensidad. Al mismo tiempo, recomiendan no pasar m\u00e1s de 2 horas diarias del tiempo de ocio utilizando pantallas. Ambas recomendaciones ayudan tambi\u00e9n al \u00e9xito acad\u00e9mico de ni\u00f1os y adolescentes. \u00bfPero cu\u00e1ntos las cumplen?<\/p>\n","protected":false},"author":6,"featured_media":30876668,"comment_status":"closed","ping_status":"open","sticky":false,"template":"","format":"standard","meta":{"_monsterinsights_skip_tracking":false,"_monsterinsights_sitenote_active":false,"_monsterinsights_sitenote_note":"","_monsterinsights_sitenote_category":0,"footnotes":""},"categories":[5390],"tags":[666,541,451,218],"class_list":["post-30876666","post","type-post","status-publish","format-standard","has-post-thumbnail","hentry","category-theconversation","tag-actividad-fisica","tag-deporte","tag-infancia","tag-salud"],"_links":{"self":[{"href":"https:\/\/www.upo.es\/diario\/wp-json\/wp\/v2\/posts\/30876666","targetHints":{"allow":["GET"]}}],"collection":[{"href":"https:\/\/www.upo.es\/diario\/wp-json\/wp\/v2\/posts"}],"about":[{"href":"https:\/\/www.upo.es\/diario\/wp-json\/wp\/v2\/types\/post"}],"author":[{"embeddable":true,"href":"https:\/\/www.upo.es\/diario\/wp-json\/wp\/v2\/users\/6"}],"replies":[{"embeddable":true,"href":"https:\/\/www.upo.es\/diario\/wp-json\/wp\/v2\/comments?post=30876666"}],"version-history":[{"count":3,"href":"https:\/\/www.upo.es\/diario\/wp-json\/wp\/v2\/posts\/30876666\/revisions"}],"predecessor-version":[{"id":30876670,"href":"https:\/\/www.upo.es\/diario\/wp-json\/wp\/v2\/posts\/30876666\/revisions\/30876670"}],"wp:featuredmedia":[{"embeddable":true,"href":"https:\/\/www.upo.es\/diario\/wp-json\/wp\/v2\/media\/30876668"}],"wp:attachment":[{"href":"https:\/\/www.upo.es\/diario\/wp-json\/wp\/v2\/media?parent=30876666"}],"wp:term":[{"taxonomy":"category","embeddable":true,"href":"https:\/\/www.upo.es\/diario\/wp-json\/wp\/v2\/categories?post=30876666"},{"taxonomy":"post_tag","embeddable":true,"href":"https:\/\/www.upo.es\/diario\/wp-json\/wp\/v2\/tags?post=30876666"}],"curies":[{"name":"wp","href":"https:\/\/api.w.org\/{rel}","templated":true}]}}