{"id":30876687,"date":"2023-01-10T11:32:29","date_gmt":"2023-01-10T10:32:29","guid":{"rendered":"https:\/\/www.upo.es\/diario\/?p=30876687"},"modified":"2023-01-16T13:00:40","modified_gmt":"2023-01-16T12:00:40","slug":"una-investigacion-de-la-upo-relaciona-la-evolucion-del-relieve-de-distintas-zonas-de-andalucia-con-actividad-reciente-de-fallas-tectonicas","status":"publish","type":"post","link":"https:\/\/www.upo.es\/diario\/ciencia\/2023\/01\/una-investigacion-de-la-upo-relaciona-la-evolucion-del-relieve-de-distintas-zonas-de-andalucia-con-actividad-reciente-de-fallas-tectonicas\/","title":{"rendered":"Una investigaci\u00f3n de la UPO relaciona la evoluci\u00f3n del relieve de distintas zonas de Andaluc\u00eda con actividad reciente de fallas tect\u00f3nicas"},"content":{"rendered":"<figure id=\"attachment_30876688\" aria-describedby=\"caption-attachment-30876688\" style=\"width: 385px\" class=\"wp-caption alignright\"><a href=\"https:\/\/www.upo.es\/diario\/wp-content\/uploads\/2023\/01\/Foto3-Investigacion-Geologia.jpg\"><img loading=\"lazy\" decoding=\"async\" class=\"size-medium wp-image-30876688\" src=\"https:\/\/www.upo.es\/diario\/wp-content\/uploads\/2023\/01\/Foto3-Investigacion-Geologia-385x213.jpg\" alt=\"\" width=\"385\" height=\"213\" srcset=\"https:\/\/www.upo.es\/diario\/wp-content\/uploads\/2023\/01\/Foto3-Investigacion-Geologia-385x213.jpg 385w, https:\/\/www.upo.es\/diario\/wp-content\/uploads\/2023\/01\/Foto3-Investigacion-Geologia-750x416.jpg 750w, https:\/\/www.upo.es\/diario\/wp-content\/uploads\/2023\/01\/Foto3-Investigacion-Geologia-768x426.jpg 768w, https:\/\/www.upo.es\/diario\/wp-content\/uploads\/2023\/01\/Foto3-Investigacion-Geologia.jpg 1299w\" sizes=\"auto, (max-width: 385px) 100vw, 385px\" \/><\/a><figcaption id=\"caption-attachment-30876688\" class=\"wp-caption-text\">Evoluci\u00f3n reciente de las cuencas de drenaje endorreicas analizadas<\/figcaption><\/figure>\n<p>El <strong>Arco de Gibraltar, que incluye las cordilleras B\u00e9tica y Rife\u00f1a, sigue activo<\/strong> y as\u00ed lo demuestra la actividad s\u00edsmica moderada que se registra en gran parte de Andaluc\u00eda, en el mar de Albor\u00e1n y en la costa magreb\u00ed. A pesar de que su periodo de mayor actividad se produjo entre el Pale\u00f3geno superior y el Mioceno inferior, es decir, entre 66 y 16 millones de a\u00f1os aproximadamente, resulta razonable que <strong>la actividad reciente de fallas tect\u00f3nicas asociadas a este cintur\u00f3n orog\u00e9nico tenga influencia en la evoluci\u00f3n reciente del paisaje<\/strong>.<\/p>\n<p>En concreto, el <strong>Proyecto de Investigaci\u00f3n \u2018An\u00e1lisis Multidisciplinar y Multiescala de los mecanismos de localizaci\u00f3n y reparto de la deformaci\u00f3n cortical en convergencia oblicua\u2019<\/strong> (PGC2018-100914-B-I00) de la Universidad Pablo de Olavide, liderado por <strong>Inmaculada Exp\u00f3sito<\/strong> y <strong>Manuel D\u00edaz<\/strong> del \u00c1rea de Geodin\u00e1mica Interna, ha publicado recientemente resultados de dos estudios sobre la influencia de la actividad cuaternaria de fallas tect\u00f3nicas en la evoluci\u00f3n del <strong>relieve de Sierra Morena y de la campi\u00f1a andaluza<\/strong>. La actividad de estas fallas pudo influir en el abandono de <strong>Medina Azahara<\/strong>, en la provincia de C\u00f3rdoba, y en la desecaci\u00f3n de una laguna de tiempos romanos cercana a <strong>Sierra de Yeguas<\/strong>, en la provincia de M\u00e1laga.<\/p>\n<figure id=\"attachment_30876689\" aria-describedby=\"caption-attachment-30876689\" style=\"width: 385px\" class=\"wp-caption alignleft\"><a href=\"https:\/\/www.upo.es\/diario\/wp-content\/uploads\/2023\/01\/Foto2-Investigacion-Geologia.jpg\"><img loading=\"lazy\" decoding=\"async\" class=\"size-medium wp-image-30876689\" src=\"https:\/\/www.upo.es\/diario\/wp-content\/uploads\/2023\/01\/Foto2-Investigacion-Geologia-385x203.jpg\" alt=\"\" width=\"385\" height=\"203\" srcset=\"https:\/\/www.upo.es\/diario\/wp-content\/uploads\/2023\/01\/Foto2-Investigacion-Geologia-385x203.jpg 385w, https:\/\/www.upo.es\/diario\/wp-content\/uploads\/2023\/01\/Foto2-Investigacion-Geologia-750x396.jpg 750w, https:\/\/www.upo.es\/diario\/wp-content\/uploads\/2023\/01\/Foto2-Investigacion-Geologia-768x406.jpg 768w, https:\/\/www.upo.es\/diario\/wp-content\/uploads\/2023\/01\/Foto2-Investigacion-Geologia-1536x812.jpg 1536w, https:\/\/www.upo.es\/diario\/wp-content\/uploads\/2023\/01\/Foto2-Investigacion-Geologia-1320x697.jpg 1320w, https:\/\/www.upo.es\/diario\/wp-content\/uploads\/2023\/01\/Foto2-Investigacion-Geologia.jpg 1656w\" sizes=\"auto, (max-width: 385px) 100vw, 385px\" \/><\/a><figcaption id=\"caption-attachment-30876689\" class=\"wp-caption-text\">Falla del Viar con actividad cuaternaria y mapa geol\u00f3gico del sector de Medina Azahara<\/figcaption><\/figure>\n<p>El yacimiento arqueol\u00f3gico de la ciudad califal de Medina Azahara, declarado Patrimonio de la Humanidad por la UNESCO, se encuentra al pie del escal\u00f3n topogr\u00e1fico de Sierra Morena, que est\u00e1 controlado por una falla subvertical. El estudio de los investigadores e investigadoras de la UPO ha concluido que la actividad de esta falla es tan joven como 1.000 a\u00f1os cuando, aproximadamente, la ciudad omeya fue abandonada. Por lo tanto, seg\u00fan los est\u00e1ndares geol\u00f3gicos, se trata de un proceso activo.<\/p>\n<p>Por otra parte, el grupo de investigaci\u00f3n analiz\u00f3 diversas lagunas de campi\u00f1a situadas en la confluencia de las provincias de Sevilla, C\u00f3rdoba y M\u00e1laga, las cuales se forman en el centro de peque\u00f1as cuencas endorreicas, ya que su escorrent\u00eda no fluye hacia ning\u00fan cauce fluvial. Estas lagunas son ecosistemas de alto valor ecol\u00f3gico, por lo que son consideradas Reservas Naturales.<\/p>\n<p>En este caso, el estudio llevado a cabo en el entorno de la laguna del Gosque sirvi\u00f3 para comprobar que la cuenca de abastecimiento de esta se ha visto reducida por la captura que ha hecho el arroyo de la Albina y que est\u00e1 relacionada con actividad reciente de alguna de las fallas del entorno. De hecho, en un proceso previo, este mismo arroyo habr\u00eda capturado la cuenca que abastec\u00eda de agua a una laguna ahora desaparecida que, seg\u00fan la presencia de restos arqueol\u00f3gicos en la zona, exist\u00eda en tiempos romanos junto a la poblaci\u00f3n de Sierra de Yeguas, en la provincia de M\u00e1laga.<\/p>\n<p>Este Proyecto de Investigaci\u00f3n ha sido financiado por el Ministerio de Ciencia, Innovaci\u00f3n y Universidades del Gobierno de Espa\u00f1a a trav\u00e9s de la Convocatoria 2018 de Proyectos I+D de \u2018Generaci\u00f3n de Conocimiento\u2019 del Programa Estatal de Generaci\u00f3n de Conocimiento y Fortalecimiento Cient\u00edfico y Tecnol\u00f3gico del Sistema I+D, en el marco del Plan Estatal de Investigaci\u00f3n Cient\u00edfica y T\u00e9cnica y de Innovaci\u00f3n 2017-2020.<\/p>\n<p><strong>Referencias:<\/strong><\/p>\n<p>Exp\u00f3sito, I.; Jim\u00e9nez-Bonilla, A.; Delchiaro, M.; Yanes, J.L.; Balany\u00e1, J.C., Moral, F.; Della Seta, M. Geomorphic signature of segmented relief rejuvenation in the Sierra Morena, Betic forebulge, Spain. Earth Surface Dynamics 2022, 10, 1017\u20131039. <a href=\"https:\/\/doi.org\/10.5194\/esurf-10-1017-2022\">https:\/\/doi.org\/10.5194\/esurf-10-1017-2022<\/a>.<\/p>\n<p>Jim\u00e9nez-Bonilla, A.; D\u00edaz-Azpiroz, M.; Rodr\u00edguez-Rodr\u00edguez, M. Tectonics may affect closed watersheds used to monitor climate change and human activity effects. Terra Nova 2022, <a href=\"https:\/\/onlinelibrary.wiley.com\/doi\/epdf\/10.1111\/ter.12629\">https:\/\/onlinelibrary.wiley.com\/doi\/epdf\/10.1111\/ter.12629<\/a>.<\/p>\n<figure id=\"attachment_30876690\" aria-describedby=\"caption-attachment-30876690\" style=\"width: 750px\" class=\"wp-caption aligncenter\"><a href=\"https:\/\/www.upo.es\/diario\/wp-content\/uploads\/2023\/01\/Foto1-Investigacion-Geologia.jpg\"><img loading=\"lazy\" decoding=\"async\" class=\"size-large wp-image-30876690\" src=\"https:\/\/www.upo.es\/diario\/wp-content\/uploads\/2023\/01\/Foto1-Investigacion-Geologia-750x562.jpg\" alt=\"\" width=\"750\" height=\"562\" srcset=\"https:\/\/www.upo.es\/diario\/wp-content\/uploads\/2023\/01\/Foto1-Investigacion-Geologia-750x562.jpg 750w, https:\/\/www.upo.es\/diario\/wp-content\/uploads\/2023\/01\/Foto1-Investigacion-Geologia-385x289.jpg 385w, https:\/\/www.upo.es\/diario\/wp-content\/uploads\/2023\/01\/Foto1-Investigacion-Geologia-768x576.jpg 768w, https:\/\/www.upo.es\/diario\/wp-content\/uploads\/2023\/01\/Foto1-Investigacion-Geologia.jpg 1301w\" sizes=\"auto, (max-width: 750px) 100vw, 750px\" \/><\/a><figcaption id=\"caption-attachment-30876690\" class=\"wp-caption-text\">Manuel D\u00edaz, Miguel Rodr\u00edguez, Juan Carlos Balany\u00e1, Inmaculada Exp\u00f3sito, Alejandro Jim\u00e9nez y Paco Moral<\/figcaption><\/figure>\n","protected":false},"excerpt":{"rendered":"<p>El Arco de Gibraltar, que incluye las cordilleras B\u00e9tica y Rife\u00f1a, sigue activo y as\u00ed lo demuestra la actividad s\u00edsmica moderada que se registra en gran parte de Andaluc\u00eda, en el mar de Albor\u00e1n y en la costa magreb\u00ed. A pesar de que su periodo de mayor actividad se produjo entre el Pale\u00f3geno superior y el Mioceno inferior, es decir, entre 66 y 16 millones de a\u00f1os aproximadamente, resulta razonable que la actividad reciente de fallas tect\u00f3nicas asociadas a este cintur\u00f3n orog\u00e9nico tenga influencia en la evoluci\u00f3n reciente del paisaje.<\/p>\n","protected":false},"author":14,"featured_media":30876689,"comment_status":"closed","ping_status":"open","sticky":false,"template":"","format":"standard","meta":{"_monsterinsights_skip_tracking":false,"_monsterinsights_sitenote_active":false,"_monsterinsights_sitenote_note":"","_monsterinsights_sitenote_category":0,"footnotes":""},"categories":[3],"tags":[8164,190,8166,8165,4224,8167,5453,8169,8168,3136],"class_list":["post-30876687","post","type-post","status-publish","format-standard","has-post-thumbnail","hentry","category-ciencia","tag-actividad-sismica","tag-andalucia","tag-area-de-geodinamica-interna","tag-fallas-tectonicas","tag-investigacion-cientifica","tag-medina-azahara","tag-ministerio-de-ciencia-innovacion-y-universidades","tag-plan-estatal-de-investigacion-cientifica","tag-sierra-de-yeguas","tag-sierra-morena"],"_links":{"self":[{"href":"https:\/\/www.upo.es\/diario\/wp-json\/wp\/v2\/posts\/30876687","targetHints":{"allow":["GET"]}}],"collection":[{"href":"https:\/\/www.upo.es\/diario\/wp-json\/wp\/v2\/posts"}],"about":[{"href":"https:\/\/www.upo.es\/diario\/wp-json\/wp\/v2\/types\/post"}],"author":[{"embeddable":true,"href":"https:\/\/www.upo.es\/diario\/wp-json\/wp\/v2\/users\/14"}],"replies":[{"embeddable":true,"href":"https:\/\/www.upo.es\/diario\/wp-json\/wp\/v2\/comments?post=30876687"}],"version-history":[{"count":2,"href":"https:\/\/www.upo.es\/diario\/wp-json\/wp\/v2\/posts\/30876687\/revisions"}],"predecessor-version":[{"id":30876692,"href":"https:\/\/www.upo.es\/diario\/wp-json\/wp\/v2\/posts\/30876687\/revisions\/30876692"}],"wp:featuredmedia":[{"embeddable":true,"href":"https:\/\/www.upo.es\/diario\/wp-json\/wp\/v2\/media\/30876689"}],"wp:attachment":[{"href":"https:\/\/www.upo.es\/diario\/wp-json\/wp\/v2\/media?parent=30876687"}],"wp:term":[{"taxonomy":"category","embeddable":true,"href":"https:\/\/www.upo.es\/diario\/wp-json\/wp\/v2\/categories?post=30876687"},{"taxonomy":"post_tag","embeddable":true,"href":"https:\/\/www.upo.es\/diario\/wp-json\/wp\/v2\/tags?post=30876687"}],"curies":[{"name":"wp","href":"https:\/\/api.w.org\/{rel}","templated":true}]}}