{"id":30876743,"date":"2023-01-18T12:39:46","date_gmt":"2023-01-18T11:39:46","guid":{"rendered":"https:\/\/www.upo.es\/diario\/?p=30876743"},"modified":"2023-01-23T12:00:53","modified_gmt":"2023-01-23T11:00:53","slug":"el-rector-de-la-universidad-pablo-de-olavide-se-reune-con-el-presidente-de-la-real-academia-san-dionisio","status":"publish","type":"post","link":"https:\/\/www.upo.es\/diario\/institucional\/2023\/01\/el-rector-de-la-universidad-pablo-de-olavide-se-reune-con-el-presidente-de-la-real-academia-san-dionisio\/","title":{"rendered":"Francisco Oliva se re\u00fane con el presidente de la Real Academia San Dionisio de Jerez de la Frontera"},"content":{"rendered":"<figure id=\"attachment_30876744\" aria-describedby=\"caption-attachment-30876744\" style=\"width: 750px\" class=\"wp-caption aligncenter\"><a href=\"https:\/\/www.upo.es\/diario\/wp-content\/uploads\/2023\/01\/ReunionSanDionisio02.jpg\"><img loading=\"lazy\" decoding=\"async\" class=\"size-large wp-image-30876744\" src=\"https:\/\/www.upo.es\/diario\/wp-content\/uploads\/2023\/01\/ReunionSanDionisio02-750x463.jpg\" alt=\"\" width=\"750\" height=\"463\" srcset=\"https:\/\/www.upo.es\/diario\/wp-content\/uploads\/2023\/01\/ReunionSanDionisio02-750x463.jpg 750w, https:\/\/www.upo.es\/diario\/wp-content\/uploads\/2023\/01\/ReunionSanDionisio02-385x238.jpg 385w, https:\/\/www.upo.es\/diario\/wp-content\/uploads\/2023\/01\/ReunionSanDionisio02-768x474.jpg 768w, https:\/\/www.upo.es\/diario\/wp-content\/uploads\/2023\/01\/ReunionSanDionisio02-1536x948.jpg 1536w, https:\/\/www.upo.es\/diario\/wp-content\/uploads\/2023\/01\/ReunionSanDionisio02-1320x815.jpg 1320w, https:\/\/www.upo.es\/diario\/wp-content\/uploads\/2023\/01\/ReunionSanDionisio02.jpg 2000w\" sizes=\"auto, (max-width: 750px) 100vw, 750px\" \/><\/a><figcaption id=\"caption-attachment-30876744\" class=\"wp-caption-text\">Jos\u00e9 Luis Cantero, Juan Salido, Francisco Oliva, Jos\u00e9 Luis Zarzana, Silvia Mar\u00eda P\u00e9rez y Manuel Antonio Barea<\/figcaption><\/figure>\n<p>El rector de la Universidad Pablo de Olavide, <strong>Francisco Oliva Bl\u00e1zquez<\/strong>, se ha reunido con una representaci\u00f3n de la Real Academia San Dionisio de Ciencias, Artes y Letras de Jerez de la Frontera (C\u00e1diz) encabezada por su presidente, <strong>Juan Salido Freyre<\/strong>.<\/p>\n<p>Durante el encuentro, Oliva y Salido han destacado la <strong>necesaria colaboraci\u00f3n entre ambas instituciones acad\u00e9micas con el objetivo de abrir nuevas v\u00edas de cooperaci\u00f3n entre las mismas<\/strong>. Adem\u00e1s de su presidente, han asistido a la reuni\u00f3n <strong>Jos\u00e9 Luis Zarzana Palma<\/strong>, responsable de Relaciones Institucionales de la Real Academia; <strong>Manuel Antonio Barea Rodr\u00edguez<\/strong>, bibliotecario de la misma; y la acad\u00e9mica <strong>Silvia Mar\u00eda P\u00e9rez Gonz\u00e1lez<\/strong> y el acad\u00e9mico<strong> Jos\u00e9 Luis Cantero Lorente<\/strong>, que tambi\u00e9n pertenecen al cuerpo del profesorado de la Universidad Pablo de Olavide.<\/p>\n<figure id=\"attachment_30876745\" aria-describedby=\"caption-attachment-30876745\" style=\"width: 385px\" class=\"wp-caption alignright\"><a href=\"https:\/\/www.upo.es\/diario\/wp-content\/uploads\/2023\/01\/ReunionSanDionisio03.jpg\"><img loading=\"lazy\" decoding=\"async\" class=\"size-medium wp-image-30876745\" src=\"https:\/\/www.upo.es\/diario\/wp-content\/uploads\/2023\/01\/ReunionSanDionisio03-385x233.jpg\" alt=\"\" width=\"385\" height=\"233\" srcset=\"https:\/\/www.upo.es\/diario\/wp-content\/uploads\/2023\/01\/ReunionSanDionisio03-385x233.jpg 385w, https:\/\/www.upo.es\/diario\/wp-content\/uploads\/2023\/01\/ReunionSanDionisio03-750x454.jpg 750w, https:\/\/www.upo.es\/diario\/wp-content\/uploads\/2023\/01\/ReunionSanDionisio03-768x465.jpg 768w, https:\/\/www.upo.es\/diario\/wp-content\/uploads\/2023\/01\/ReunionSanDionisio03-1536x930.jpg 1536w, https:\/\/www.upo.es\/diario\/wp-content\/uploads\/2023\/01\/ReunionSanDionisio03-1320x799.jpg 1320w, https:\/\/www.upo.es\/diario\/wp-content\/uploads\/2023\/01\/ReunionSanDionisio03.jpg 2000w\" sizes=\"auto, (max-width: 385px) 100vw, 385px\" \/><\/a><figcaption id=\"caption-attachment-30876745\" class=\"wp-caption-text\">Reuni\u00f3n entre la UPO y la Real Academia San Dionisio<\/figcaption><\/figure>\n<p>La Real Academia San Dionisio de Ciencias, Artes y Letras fue inaugurada el 12 de octubre de 1948 y es una instituci\u00f3n de naturaleza esencialmente cultural que tiene como finalidad principal fomentar trabajos de investigaci\u00f3n y difusi\u00f3n de toda clase de conocimientos en cualquiera de las ramas que su t\u00edtulo comprende.<\/p>\n","protected":false},"excerpt":{"rendered":"<p>El rector de la Universidad Pablo de Olavide, Francisco Oliva Bl\u00e1zquez, se ha reunido con una representaci\u00f3n de la Real Academia San Dionisio de Ciencias, Artes y Letras de Jerez de la Frontera (C\u00e1diz) encabezada por su presidente, Juan Salido Freyre.<\/p>\n","protected":false},"author":14,"featured_media":30876744,"comment_status":"closed","ping_status":"open","sticky":false,"template":"","format":"standard","meta":{"_monsterinsights_skip_tracking":false,"_monsterinsights_sitenote_active":false,"_monsterinsights_sitenote_note":"","_monsterinsights_sitenote_category":0,"footnotes":""},"categories":[6],"tags":[3542,8179,5834,970,4224,8178,38],"class_list":["post-30876743","post","type-post","status-publish","format-standard","has-post-thumbnail","hentry","category-institucional","tag-academia","tag-cooperacion-institucional","tag-cultura","tag-divulgacion","tag-investigacion-cientifica","tag-real-academia-san-dionisio","tag-rector"],"_links":{"self":[{"href":"https:\/\/www.upo.es\/diario\/wp-json\/wp\/v2\/posts\/30876743","targetHints":{"allow":["GET"]}}],"collection":[{"href":"https:\/\/www.upo.es\/diario\/wp-json\/wp\/v2\/posts"}],"about":[{"href":"https:\/\/www.upo.es\/diario\/wp-json\/wp\/v2\/types\/post"}],"author":[{"embeddable":true,"href":"https:\/\/www.upo.es\/diario\/wp-json\/wp\/v2\/users\/14"}],"replies":[{"embeddable":true,"href":"https:\/\/www.upo.es\/diario\/wp-json\/wp\/v2\/comments?post=30876743"}],"version-history":[{"count":2,"href":"https:\/\/www.upo.es\/diario\/wp-json\/wp\/v2\/posts\/30876743\/revisions"}],"predecessor-version":[{"id":30876755,"href":"https:\/\/www.upo.es\/diario\/wp-json\/wp\/v2\/posts\/30876743\/revisions\/30876755"}],"wp:featuredmedia":[{"embeddable":true,"href":"https:\/\/www.upo.es\/diario\/wp-json\/wp\/v2\/media\/30876744"}],"wp:attachment":[{"href":"https:\/\/www.upo.es\/diario\/wp-json\/wp\/v2\/media?parent=30876743"}],"wp:term":[{"taxonomy":"category","embeddable":true,"href":"https:\/\/www.upo.es\/diario\/wp-json\/wp\/v2\/categories?post=30876743"},{"taxonomy":"post_tag","embeddable":true,"href":"https:\/\/www.upo.es\/diario\/wp-json\/wp\/v2\/tags?post=30876743"}],"curies":[{"name":"wp","href":"https:\/\/api.w.org\/{rel}","templated":true}]}}