{"id":30876756,"date":"2023-01-20T13:02:17","date_gmt":"2023-01-20T12:02:17","guid":{"rendered":"https:\/\/www.upo.es\/diario\/?p=30876756"},"modified":"2023-01-23T12:00:44","modified_gmt":"2023-01-23T11:00:44","slug":"pan-para-hoy-y-salud-para-manana-con-un-taller-de-elaboracion-artesanal-en-la-upo","status":"publish","type":"post","link":"https:\/\/www.upo.es\/diario\/comunidad\/2023\/01\/pan-para-hoy-y-salud-para-manana-con-un-taller-de-elaboracion-artesanal-en-la-upo\/","title":{"rendered":"Pan para hoy y salud para ma\u00f1ana con un taller de elaboraci\u00f3n artesanal en la UPO"},"content":{"rendered":"<p><a href=\"https:\/\/www.upo.es\/diario\/wp-content\/uploads\/2023\/01\/PanArtesanal7.JPG.jpeg\"><img loading=\"lazy\" decoding=\"async\" class=\"aligncenter wp-image-30876757 size-large\" src=\"https:\/\/www.upo.es\/diario\/wp-content\/uploads\/2023\/01\/PanArtesanal7.JPG-e1674221823389-750x328.jpeg\" alt=\"Taller de pan artesanal\" width=\"750\" height=\"328\" srcset=\"https:\/\/www.upo.es\/diario\/wp-content\/uploads\/2023\/01\/PanArtesanal7.JPG-e1674221823389-750x328.jpeg 750w, https:\/\/www.upo.es\/diario\/wp-content\/uploads\/2023\/01\/PanArtesanal7.JPG-e1674221823389-385x168.jpeg 385w, https:\/\/www.upo.es\/diario\/wp-content\/uploads\/2023\/01\/PanArtesanal7.JPG-e1674221823389-768x336.jpeg 768w, https:\/\/www.upo.es\/diario\/wp-content\/uploads\/2023\/01\/PanArtesanal7.JPG-e1674221823389-1320x577.jpeg 1320w, https:\/\/www.upo.es\/diario\/wp-content\/uploads\/2023\/01\/PanArtesanal7.JPG-e1674221823389.jpeg 1513w\" sizes=\"auto, (max-width: 750px) 100vw, 750px\" \/><\/a>El <strong>Vicerrectorado de Campus Saludable y Deporte<\/strong> de la Universidad Pablo de Olavide, en colaboraci\u00f3n con el <strong>\u00c1rea de Nutrici\u00f3n y Bromatolog\u00eda<\/strong>, ha organizado el <strong>Taller de Pan Artesanal<\/strong> con el objetivo de promover h\u00e1bitos saludables de alimentaci\u00f3n entre la comunidad universitaria.<\/p>\n<p>La iniciativa ha tenido una gran acogida entre los miembros de la UPO, que agotaron las plazas disponibles r\u00e1pidamente. \u201cCon esta actividad, queremos seguir ofertando<strong> propuestas atractivas que ayuden a promocionar h\u00e1bitos saludables, en concreto, los h\u00e1bitos alimentarios basados en la dieta mediterr\u00e1nea<\/strong>, donde el pan es un pilar fundamental\u201d, ha se\u00f1alado el vicerrector de Campus Saludable y Deporte, <strong>Antonio Fern\u00e1ndez Mart\u00ednez<\/strong>.<\/p>\n<p>Como indica el vicerrector, gracias a este este taller, sus participantes trabajan su cualificaci\u00f3n para implementar \u201cuna alimentaci\u00f3n saludable y equilibrada que, junto a la pr\u00e1ctica regular de actividad f\u00edsica, son dos aspectos fundamentales para mantener un estado de salud \u00f3ptimo\u201d.<\/p>\n<p>El Taller de Pan Artesanal ha sido impartido por <strong>Eva Mar\u00eda Garc\u00eda Mart\u00ednez<\/strong> y <strong>Noelia Est\u00e9vez Guerrero<\/strong>, alumnas de 4\u00ba curso del Grado de Nutrici\u00f3n Humana y Diet\u00e9tica. Durante el mismo, se han elaborado cinco tipos de panes diferentes: de trigo integral con queso de cabra, d\u00e1tiles y nueces; integral con c\u00farcuma, pimienta y semillas; de espelta; de centeno y semillas; e integral de avena.<\/p>\n<p><a href=\"https:\/\/www.upo.es\/diario\/wp-content\/uploads\/2023\/01\/PanArtesanal3.jpg\"><img loading=\"lazy\" decoding=\"async\" class=\"alignleft size-medium wp-image-30876758\" src=\"https:\/\/www.upo.es\/diario\/wp-content\/uploads\/2023\/01\/PanArtesanal3-299x385.jpg\" alt=\"\" width=\"299\" height=\"385\" srcset=\"https:\/\/www.upo.es\/diario\/wp-content\/uploads\/2023\/01\/PanArtesanal3-299x385.jpg 299w, https:\/\/www.upo.es\/diario\/wp-content\/uploads\/2023\/01\/PanArtesanal3-583x750.jpg 583w, https:\/\/www.upo.es\/diario\/wp-content\/uploads\/2023\/01\/PanArtesanal3-768x987.jpg 768w, https:\/\/www.upo.es\/diario\/wp-content\/uploads\/2023\/01\/PanArtesanal3-1195x1536.jpg 1195w, https:\/\/www.upo.es\/diario\/wp-content\/uploads\/2023\/01\/PanArtesanal3-1320x1697.jpg 1320w, https:\/\/www.upo.es\/diario\/wp-content\/uploads\/2023\/01\/PanArtesanal3.jpg 1334w\" sizes=\"auto, (max-width: 299px) 100vw, 299px\" \/><\/a>Adem\u00e1s, durante la sesi\u00f3n, se ha impartido una <em>masterclass<\/em> sobre el origen del pan, su valor nutricional y conservaci\u00f3n y las diferencias entre los varios tipos de panes, harinas m\u00e1s utilizadas, la masa madre y el elaborado con y sin gluten. Asimismo, se ha dado las pautas para identificar un buen pan en un supermercado. El taller ha concluido con un Kahoot! en el que han competido las personas participantes y la cata de los panes elaborados.<\/p>\n<p>&nbsp;<\/p>\n","protected":false},"excerpt":{"rendered":"<p>El Vicerrectorado de Campus Saludable y Deporte de la Universidad Pablo de Olavide, en colaboraci\u00f3n con el \u00c1rea de Nutrici\u00f3n y Bromatolog\u00eda, ha organizado el Taller de Pan Artesanal con el objetivo de promover h\u00e1bitos saludables de alimentaci\u00f3n entre la comunidad universitaria.<\/p>\n","protected":false},"author":14,"featured_media":30876757,"comment_status":"closed","ping_status":"open","sticky":false,"template":"","format":"standard","meta":{"_monsterinsights_skip_tracking":false,"_monsterinsights_sitenote_active":false,"_monsterinsights_sitenote_note":"","_monsterinsights_sitenote_category":0,"footnotes":""},"categories":[5842],"tags":[674,8184,8186,861,8185,218,7253],"class_list":["post-30876756","post","type-post","status-publish","format-standard","has-post-thumbnail","hentry","category-comunidad","tag-alimentacion","tag-area-de-nutricion-y-bromatologia","tag-dieta-mediterranea","tag-habitos-saludables","tag-pan","tag-salud","tag-vicerrectorado-de-campus-saludable-y-deporte"],"_links":{"self":[{"href":"https:\/\/www.upo.es\/diario\/wp-json\/wp\/v2\/posts\/30876756","targetHints":{"allow":["GET"]}}],"collection":[{"href":"https:\/\/www.upo.es\/diario\/wp-json\/wp\/v2\/posts"}],"about":[{"href":"https:\/\/www.upo.es\/diario\/wp-json\/wp\/v2\/types\/post"}],"author":[{"embeddable":true,"href":"https:\/\/www.upo.es\/diario\/wp-json\/wp\/v2\/users\/14"}],"replies":[{"embeddable":true,"href":"https:\/\/www.upo.es\/diario\/wp-json\/wp\/v2\/comments?post=30876756"}],"version-history":[{"count":2,"href":"https:\/\/www.upo.es\/diario\/wp-json\/wp\/v2\/posts\/30876756\/revisions"}],"predecessor-version":[{"id":30876770,"href":"https:\/\/www.upo.es\/diario\/wp-json\/wp\/v2\/posts\/30876756\/revisions\/30876770"}],"wp:featuredmedia":[{"embeddable":true,"href":"https:\/\/www.upo.es\/diario\/wp-json\/wp\/v2\/media\/30876757"}],"wp:attachment":[{"href":"https:\/\/www.upo.es\/diario\/wp-json\/wp\/v2\/media?parent=30876756"}],"wp:term":[{"taxonomy":"category","embeddable":true,"href":"https:\/\/www.upo.es\/diario\/wp-json\/wp\/v2\/categories?post=30876756"},{"taxonomy":"post_tag","embeddable":true,"href":"https:\/\/www.upo.es\/diario\/wp-json\/wp\/v2\/tags?post=30876756"}],"curies":[{"name":"wp","href":"https:\/\/api.w.org\/{rel}","templated":true}]}}