{"id":30876777,"date":"2023-01-24T09:27:11","date_gmt":"2023-01-24T08:27:11","guid":{"rendered":"https:\/\/www.upo.es\/diario\/?p=30876777"},"modified":"2023-01-27T15:10:59","modified_gmt":"2023-01-27T14:10:59","slug":"la-lucha-entre-los-derechos-y-el-algoritmo-tematica-del-seminario-del-master-en-derechos-humanos","status":"publish","type":"post","link":"https:\/\/www.upo.es\/diario\/docencia-formacion\/2023\/01\/la-lucha-entre-los-derechos-y-el-algoritmo-tematica-del-seminario-del-master-en-derechos-humanos\/","title":{"rendered":"La lucha entre los derechos y el algoritmo, tem\u00e1tica del seminario del M\u00e1ster en Derechos Humanos"},"content":{"rendered":"<p><a href=\"https:\/\/www.upo.es\/diario\/wp-content\/uploads\/2023\/01\/Sem-DDHH_13ed-scaled.jpg\"><img loading=\"lazy\" decoding=\"async\" class=\"aligncenter size-large wp-image-30876789\" src=\"https:\/\/www.upo.es\/diario\/wp-content\/uploads\/2023\/01\/Sem-DDHH_13ed-750x422.jpg\" alt=\"Francisco Infante, Francisco Oliva y Carol Proner en la mesa inaugural del Seminario\" width=\"750\" height=\"422\" srcset=\"https:\/\/www.upo.es\/diario\/wp-content\/uploads\/2023\/01\/Sem-DDHH_13ed-750x422.jpg 750w, https:\/\/www.upo.es\/diario\/wp-content\/uploads\/2023\/01\/Sem-DDHH_13ed-385x217.jpg 385w, https:\/\/www.upo.es\/diario\/wp-content\/uploads\/2023\/01\/Sem-DDHH_13ed-768x432.jpg 768w, https:\/\/www.upo.es\/diario\/wp-content\/uploads\/2023\/01\/Sem-DDHH_13ed-1536x864.jpg 1536w, https:\/\/www.upo.es\/diario\/wp-content\/uploads\/2023\/01\/Sem-DDHH_13ed-2048x1152.jpg 2048w\" sizes=\"auto, (max-width: 750px) 100vw, 750px\" \/><\/a>El <a href=\"https:\/\/www.upo.es\/postgrado\/Master-Oficial-Derechos-Humanos-Interculturalidad-y-Desarrollo\/\">M\u00e1ster en Derechos Humanos, Interculturalidad y Desarrollo<\/a> de la Universidad Pablo de Olavide y la Universidad Internacional de Andaluc\u00eda, junto con el Instituto Joaqu\u00edn Herrera Flores (Espa\u00f1a y Am\u00e9rica Latina), han organizado el <strong>XIII Seminario de Teor\u00eda Cr\u00edtica de los Derechos Humanos<\/strong> que bajo el t\u00edtulo <a href=\"https:\/\/www.upo.es\/diario\/wp-content\/uploads\/2023\/01\/cartel-seminario-DDHH.jpg\">\u2018La lucha por derechos y la tiran\u00eda del algoritmo\u2019<\/a> ha comenzado hoy en el campus de la Universidad Pablo de Olavide.<\/p>\n<p>Las <strong>ponencias y mesas de discusi\u00f3n de este encuentro analizar\u00e1n la implicaci\u00f3n del mundo digital en los \u00e1mbitos de la sociedad actual<\/strong> (cultura, arte, mundo laboral, libertad y concepci\u00f3n de los Estados) y el reto que esto supone para las democracias modernas por el socavamiento constante que sufren los derechos sociales y sus propias instituciones. De esta forma, algunos de los asuntos clave que ser\u00e1n tratados en el seminario tienen que ver con la tecnolog\u00eda, la econom\u00eda digital, los espacios p\u00fablicos y la lucha por los derechos sociales en el neoliberalismo, que pondr\u00e1n el foco en el impacto del mundo digital y su alcance tanto en sus aspectos positivos como negativos.<\/p>\n<p><img loading=\"lazy\" decoding=\"async\" class=\"alignright size-medium wp-image-30876778\" src=\"https:\/\/www.upo.es\/diario\/wp-content\/uploads\/2023\/01\/Imagen_Sem_DDHH2-385x261.png\" alt=\"\" width=\"385\" height=\"261\" srcset=\"https:\/\/www.upo.es\/diario\/wp-content\/uploads\/2023\/01\/Imagen_Sem_DDHH2-385x261.png 385w, https:\/\/www.upo.es\/diario\/wp-content\/uploads\/2023\/01\/Imagen_Sem_DDHH2.png 566w\" sizes=\"auto, (max-width: 385px) 100vw, 385px\" \/>En la presentaci\u00f3n del Seminario, el catedr\u00e1tico <strong>Francisco Infante<\/strong>, acompa\u00f1ado de <strong>Carol Proner<\/strong>, codirectores del M\u00e1ster en Derechos Humanos, Interculturalidad y Desarrollo, ha puesto de relieve el hecho de que la brecha econ\u00f3mica y digital se est\u00e1 viendo ensanchada por el algoritmo, poniendo en duda que la soluci\u00f3n a este problema pueda venir de la llamada \u201calfabetizaci\u00f3n digital\u201d. Por su parte, <strong>el rector de la Universidad Pablo de Olavide, tambi\u00e9n docente del M\u00e1ster, ha resaltado durante la inauguraci\u00f3n del Seminario la importancia de foros como este ya que \u201cen la Universidad tenemos la obligaci\u00f3n de pensar en el futuro, siempre con la justicia y el compromiso social como referentes\u201d.<\/strong> Asimismo, ha hecho hincapi\u00e9 en la necesidad de un pacto social que someta los algoritmos al sistema de derecho y de garant\u00edas sociales, abogando por la transparencia de la inteligencia artificial. \u201cLa tecnolog\u00eda es positiva, pero siempre sometida a los intereses de la sociedad. Un algoritmo mal desarrollado puede traer consecuencias graves y agredir de manera invisible los Derechos Humanos\u201d, ha concluido.<\/p>\n<p>Tras la inauguraci\u00f3n, el programa del Seminario ha dado comienzo con una conferencia a cargo de Mar\u00eda Jos\u00e9 Fari\u00f1as Dulce, de la Universidad Carlos III, y Carol Proner. Asimismo, la de clausura ser\u00e1 pronunciada por Antonio Baylos Grau, de la Universidad de Castilla la Mancha, y Gerardo Pisarello, de la Universidad de Barcelona y diputado del Congreso.<\/p>\n<p>El resto del seminario se ha programado en <strong>cuatro mesas de debate bajo los t\u00edtulos: \u2018Cultura y Subjetividad\u2019, \u2018Desaf\u00edos para las luchas por derechos\u2019, \u2018Lucha por la democracia\u2019 y \u2018Mundo del trabajo y luchas por derechos\u2019<\/strong>. En ellas, se abordar\u00e1n cuestiones como las tensiones y potencialidades que abren las nuevas tecnolog\u00edas de la informaci\u00f3n en la construcci\u00f3n de un imaginario social instituyente de derechos, la capacidad de estas tecnolog\u00edas para agotar la capacidad de articulaci\u00f3n colectiva en la lucha por los derechos, las herramientas democr\u00e1ticas que han sido capturadas por los usos sesgados o la alternativa entre personas trabajadoras unidas y dictadura de lo digital.<\/p>\n<p>El XIII Seminario de Teor\u00eda Cr\u00edtica de los Derechos Humanos cuenta con la colaboraci\u00f3n de entidades internacionales como Ju\u00edzes para a Democracia, Escola Judicial do TRT da 4\u00aa Regiao, Faculdade Cesusc, Centro Univers\u00e1terio Aut\u00f4nomo do Brasil, UGV-Centro Universit\u00e1rio Faculdade Campo Real y EMERJ UCP (Brasil) y la Asociaci\u00f3n Rosario Valpuesta (Espa\u00f1a).<\/p>\n","protected":false},"excerpt":{"rendered":"<p>El M\u00e1ster en Derechos Humanos, Interculturalidad y Desarrollo de la Universidad Pablo de Olavide y la Universidad Internacional de Andaluc\u00eda, junto con el Instituto Joaqu\u00edn Herrera Flores (Espa\u00f1a y Am\u00e9rica Latina), han organizado el XIII Seminario de Teor\u00eda Cr\u00edtica de los Derechos Humanos que bajo el t\u00edtulo \u2018La lucha por derechos y la tiran\u00eda del algoritmo\u2019 ha comenzado hoy en el campus de la Universidad Pablo de Olavide.<\/p>\n","protected":false},"author":14,"featured_media":30876789,"comment_status":"closed","ping_status":"open","sticky":false,"template":"","format":"standard","meta":{"_monsterinsights_skip_tracking":false,"_monsterinsights_sitenote_active":false,"_monsterinsights_sitenote_note":"","_monsterinsights_sitenote_category":0,"footnotes":""},"categories":[2779],"tags":[6656,92,3526,4641,151,3832,8188,170],"class_list":["post-30876777","post","type-post","status-publish","format-standard","has-post-thumbnail","hentry","category-docencia-formacion","tag-algoritmos","tag-derechos-humanos","tag-derechos-sociales","tag-instituto-joaquin-herrera-flores","tag-inteligencia-artificial","tag-master-en-derechos-humanos-interculturalidad-y-desarrollo","tag-sociedad-digital","tag-unia"],"_links":{"self":[{"href":"https:\/\/www.upo.es\/diario\/wp-json\/wp\/v2\/posts\/30876777","targetHints":{"allow":["GET"]}}],"collection":[{"href":"https:\/\/www.upo.es\/diario\/wp-json\/wp\/v2\/posts"}],"about":[{"href":"https:\/\/www.upo.es\/diario\/wp-json\/wp\/v2\/types\/post"}],"author":[{"embeddable":true,"href":"https:\/\/www.upo.es\/diario\/wp-json\/wp\/v2\/users\/14"}],"replies":[{"embeddable":true,"href":"https:\/\/www.upo.es\/diario\/wp-json\/wp\/v2\/comments?post=30876777"}],"version-history":[{"count":5,"href":"https:\/\/www.upo.es\/diario\/wp-json\/wp\/v2\/posts\/30876777\/revisions"}],"predecessor-version":[{"id":30876791,"href":"https:\/\/www.upo.es\/diario\/wp-json\/wp\/v2\/posts\/30876777\/revisions\/30876791"}],"wp:featuredmedia":[{"embeddable":true,"href":"https:\/\/www.upo.es\/diario\/wp-json\/wp\/v2\/media\/30876789"}],"wp:attachment":[{"href":"https:\/\/www.upo.es\/diario\/wp-json\/wp\/v2\/media?parent=30876777"}],"wp:term":[{"taxonomy":"category","embeddable":true,"href":"https:\/\/www.upo.es\/diario\/wp-json\/wp\/v2\/categories?post=30876777"},{"taxonomy":"post_tag","embeddable":true,"href":"https:\/\/www.upo.es\/diario\/wp-json\/wp\/v2\/tags?post=30876777"}],"curies":[{"name":"wp","href":"https:\/\/api.w.org\/{rel}","templated":true}]}}