{"id":30876797,"date":"2023-01-25T16:17:42","date_gmt":"2023-01-25T15:17:42","guid":{"rendered":"https:\/\/www.upo.es\/diario\/?p=30876797"},"modified":"2023-01-31T14:53:43","modified_gmt":"2023-01-31T13:53:43","slug":"dia-upo-25-aniversario","status":"publish","type":"post","link":"https:\/\/www.upo.es\/diario\/institucional\/2023\/01\/dia-upo-25-aniversario\/","title":{"rendered":"La Universidad Pablo de Olavide celebra su d\u00eda en el marco del 25\u00ba Aniversario de su creaci\u00f3n"},"content":{"rendered":"<p><iframe loading=\"lazy\" title=\"YouTube video player\" src=\"https:\/\/www.youtube.com\/embed\/VuUiyWIaRHY\" width=\"560\" height=\"315\" frameborder=\"0\" allowfullscreen=\"allowfullscreen\"><\/iframe><br \/>\nEl rector de la Universidad Pablo de Olavide, Francisco Oliva Bl\u00e1zquez, ha presidido el <strong>acto de celebraci\u00f3n del D\u00eda de la UPO que, en esta ocasi\u00f3n, ha coincidido con el 25\u00ba Aniversario de la creaci\u00f3n de la instituci\u00f3n<\/strong>. Por este motivo, adem\u00e1s de las tradicionales entregas de distinciones por los servicios prestados al personal docente e investigador y al de administraci\u00f3n y servicios, se ha hecho entrega de un reconocimiento a las personas que asumieron los principales puestos de responsabilidad en los a\u00f1os 1997 y 1998.<\/p>\n<p>Entre las autoridades asistentes a este acto de celebraci\u00f3n se han sumado el consejero de Universidades, Investigaci\u00f3n e Innovaci\u00f3n de la Junta de Andaluc\u00eda, Jos\u00e9 Carlos G\u00f3mez Villamandos; el rector de la Universidad Internacional de Andaluc\u00eda, Jos\u00e9 Ignacio Garc\u00eda P\u00e9rez; la presidenta del Consejo Social de la UPO, Roc\u00edo Reinoso Cuevas; el alcalde de Dos Hermanas, Francisco Rodr\u00edguez Garc\u00eda; la alcaldesa de Alcal\u00e1 de Guada\u00edra, Ana Isabel Jim\u00e9nez Contreras; el alcalde del Ayuntamiento de Carmona, Juan \u00c1vila Guti\u00e9rrez; el Defensor del Pueblo Andaluz, Jes\u00fas Maeztu Gregorio de Tejada; y el delegado del \u00c1rea de Juventud, Ciencia y Universidades y Cooperaci\u00f3n al Desarrollo del Ayuntamiento de Sevilla, Juan Antonio Barrionuevo Fern\u00e1ndez; adem\u00e1s del equipo de gobierno y diversos cargos institucionales de la Universidad Pablo de Olavide.<\/p>\n<p><a href=\"https:\/\/www.upo.es\/diario\/wp-content\/uploads\/2023\/01\/Discurso-Rector-UPO.jpg\"><img loading=\"lazy\" decoding=\"async\" class=\"alignleft size-medium wp-image-30876801\" src=\"https:\/\/www.upo.es\/diario\/wp-content\/uploads\/2023\/01\/Discurso-Rector-UPO-385x257.jpg\" alt=\"\" width=\"385\" height=\"257\" srcset=\"https:\/\/www.upo.es\/diario\/wp-content\/uploads\/2023\/01\/Discurso-Rector-UPO-385x257.jpg 385w, https:\/\/www.upo.es\/diario\/wp-content\/uploads\/2023\/01\/Discurso-Rector-UPO-750x500.jpg 750w, https:\/\/www.upo.es\/diario\/wp-content\/uploads\/2023\/01\/Discurso-Rector-UPO-768x512.jpg 768w, https:\/\/www.upo.es\/diario\/wp-content\/uploads\/2023\/01\/Discurso-Rector-UPO-1536x1024.jpg 1536w, https:\/\/www.upo.es\/diario\/wp-content\/uploads\/2023\/01\/Discurso-Rector-UPO-165x109.jpg 165w, https:\/\/www.upo.es\/diario\/wp-content\/uploads\/2023\/01\/Discurso-Rector-UPO-1320x880.jpg 1320w, https:\/\/www.upo.es\/diario\/wp-content\/uploads\/2023\/01\/Discurso-Rector-UPO.jpg 2048w\" sizes=\"auto, (max-width: 385px) 100vw, 385px\" \/><\/a>En su intervenci\u00f3n,<strong> el rector ha recordado la creaci\u00f3n de la Universidad Pablo de Olavide mediante la Ley del Parlamento de Andaluc\u00eda de 1 de julio de 1997 y se ha mostrado \u201corgulloso de portar este ilustre nombre de una persona que fue emblema hisp\u00e1nico del Siglo de las Luces y que luch\u00f3 por renovar un arcaico sistema universitario espa\u00f1ol\u201d<\/strong>.<\/p>\n<p>En este sentido, ha subrayado \u201cel papel imprescindible de las universidades\u201d, ya que la reciente crisis pand\u00e9mica ha puesto de manifiesto \u201cla importancia que tiene la ciencia y la innovaci\u00f3n en nuestra sociedad. Nos encontramos ante un momento de cambio hist\u00f3rico en el que la revoluci\u00f3n 4.0, la digitalizaci\u00f3n, la econom\u00eda verde, el desarrollo sostenible, la salud p\u00fablica, la igualdad y la inclusi\u00f3n son los grandes vectores de desarrollo del siglo XXI\u201d.<\/p>\n<p>As\u00ed, ha destacado de la Universidad Pablo de Olavide su trabajo en una \u201cinvestigaci\u00f3n de excelencia, consolidada como una de las instituciones con mayor productividad a nivel nacional y con referentes destacados\u201d. As\u00ed como su \u201cpermanente compromiso social\u201d, con un programa pionero de voluntariado y la Residencia Flora Trist\u00e1n en Pol\u00edgono Sur, un proyecto \u00fanico en Espa\u00f1a de transformaci\u00f3n social; y su trabajo por la igualdad de g\u00e9nero gracias a tres Planes de Igualdad o la implantaci\u00f3n de unos presupuestos con perspectiva de g\u00e9nero. A ello, el rector ha sumado los retos de alcanzar un modelo de universidad m\u00e1s inclusivo y un ejercicio firme de responsabilidad medioambiental.<\/p>\n<p>Por otra parte, ha destacado que la UPO fue pionera en la implementaci\u00f3n de los Dobles Grados en Andaluc\u00eda, en la oferta de titulaciones conjuntas e internacionales, en la formaci\u00f3n biling\u00fce o el sistema de Microcredenciales. \u201cSiempre nos ha gustado asumir los retos que impliquen transici\u00f3n y transformaci\u00f3n hacia novedosos modelos que trasciendan los l\u00edmites m\u00e1s cl\u00e1sicos y ortodoxos de la ense\u00f1anza superior\u201d, ha se\u00f1alado. En este sentido, ha apuntado hacia el nuevo Decreto de ordenaci\u00f3n de las ense\u00f1anzas universitarias para \u201cseguir ofertando nuevos t\u00edtulos que respondan a la realidad de nuestros tiempos, complementando nuestra oferta en el \u00e1mbito de las STEM o implementando formatos educativos vanguardistas como los Grados duales o los abiertos\u201d.<\/p>\n<p>Por su parte, <strong>Jos\u00e9 Carlos G\u00f3mez Villamandos<\/strong> ha felicitado a los miembros de la Universidad Pablo de Olavide \u201cpor el trabajo tan bien realizado en estos 25 a\u00f1os para hacer una instituci\u00f3n moderna, referente y cercana a la sociedad. Nada de lo que hacen las universidades tendr\u00eda sentido si no se hace con los valores de la sociedad\u201d. Adem\u00e1s, el consejero ha destacado el liderazgo de la UPO en la inclusi\u00f3n real y el trabajo por la igualdad de oportunidades: \u201cImplicadnos en todas las acciones que emprend\u00e1is en este \u00e1mbito porque queremos que el sistema universitario andaluz sea inclusivo. No basta con ser universidad, sino que hay que desarrollar todo el potencial para la b\u00fasqueda de una sociedad mejor. Y eso lo hace la Universidad Pablo de Olavide\u201d, ha se\u00f1alado.<\/p>\n<h3><strong>Distinciones por el 25\u00ba Aniversario<\/strong><\/h3>\n<figure id=\"attachment_30876799\" aria-describedby=\"caption-attachment-30876799\" style=\"width: 385px\" class=\"wp-caption alignleft\"><a href=\"https:\/\/www.upo.es\/diario\/wp-content\/uploads\/2023\/01\/ComisionGestoraUPO.jpg\"><img loading=\"lazy\" decoding=\"async\" class=\"size-medium wp-image-30876799\" src=\"https:\/\/www.upo.es\/diario\/wp-content\/uploads\/2023\/01\/ComisionGestoraUPO-385x272.jpg\" alt=\"Integrantes de la comisi\u00f3n gestora en 1997\" width=\"385\" height=\"272\" srcset=\"https:\/\/www.upo.es\/diario\/wp-content\/uploads\/2023\/01\/ComisionGestoraUPO-385x272.jpg 385w, https:\/\/www.upo.es\/diario\/wp-content\/uploads\/2023\/01\/ComisionGestoraUPO-750x530.jpg 750w, https:\/\/www.upo.es\/diario\/wp-content\/uploads\/2023\/01\/ComisionGestoraUPO-768x543.jpg 768w, https:\/\/www.upo.es\/diario\/wp-content\/uploads\/2023\/01\/ComisionGestoraUPO-1536x1086.jpg 1536w, https:\/\/www.upo.es\/diario\/wp-content\/uploads\/2023\/01\/ComisionGestoraUPO-1320x933.jpg 1320w, https:\/\/www.upo.es\/diario\/wp-content\/uploads\/2023\/01\/ComisionGestoraUPO.jpg 2048w\" sizes=\"auto, (max-width: 385px) 100vw, 385px\" \/><\/a><figcaption id=\"caption-attachment-30876799\" class=\"wp-caption-text\">Integrantes de la comisi\u00f3n gestora en 1997<\/figcaption><\/figure>\n<p>El Consejo de Gobierno de la Universidad Pablo de Olavide, en su sesi\u00f3n de 21 de diciembre, acord\u00f3 <strong>distinguir especialmente a las personas que asumieron los principales puestos de responsabilidad en los a\u00f1os 1997 y 1998<\/strong>. De esta forma, y con motivo de la celebraci\u00f3n del 25\u00ba Aniversario, se ha reconocido a las <strong>personas integrantes de la Comisi\u00f3n Gestora<\/strong>: Fernando Juan Garc\u00eda Lara, Agust\u00edn Madrid Parra, Jos\u00e9 Luis Mart\u00edn Mart\u00edn, Mar\u00eda Rosal\u00eda Mart\u00ednez Garc\u00eda, Pl\u00e1cido Navas Lloret, Manuel Jes\u00fas Porras S\u00e1nchez y Felipe Tudela Garc\u00eda. Adem\u00e1s, comoEquipo presidente del Consejo Social, a Antonio Ojeda Escobar.<\/p>\n<p>Por otra parte, como <strong>decanos y decanas<\/strong>: Santiago Lago Aranda, Jos\u00e9 Mar\u00eda O\u00b4Kean Alonso, Juan Manuel Su\u00e1rez Jap\u00f3n y Carmen Velasco Garc\u00eda. A Jos\u00e9 Luis Malag\u00f3n Bernal como director de Escuela Universitaria; y a Jos\u00e9 \u00c1ngel Merino Ortega, Luc\u00eda Mill\u00e1n Moro, Juan Francisco Ojeda Rivera, Jos\u00e9 Emilio Palacios Esteban y Ram\u00f3n Valle Cabrera en las direcciones de Departamento.<\/p>\n<figure id=\"attachment_30876803\" aria-describedby=\"caption-attachment-30876803\" style=\"width: 385px\" class=\"wp-caption alignleft\"><a href=\"https:\/\/www.upo.es\/diario\/wp-content\/uploads\/2023\/01\/DireccionesAdministrativasUPO.jpg\"><img loading=\"lazy\" decoding=\"async\" class=\"size-medium wp-image-30876803\" src=\"https:\/\/www.upo.es\/diario\/wp-content\/uploads\/2023\/01\/DireccionesAdministrativasUPO-385x246.jpg\" alt=\"\" width=\"385\" height=\"246\" srcset=\"https:\/\/www.upo.es\/diario\/wp-content\/uploads\/2023\/01\/DireccionesAdministrativasUPO-385x246.jpg 385w, https:\/\/www.upo.es\/diario\/wp-content\/uploads\/2023\/01\/DireccionesAdministrativasUPO-750x479.jpg 750w, https:\/\/www.upo.es\/diario\/wp-content\/uploads\/2023\/01\/DireccionesAdministrativasUPO-768x490.jpg 768w, https:\/\/www.upo.es\/diario\/wp-content\/uploads\/2023\/01\/DireccionesAdministrativasUPO-1536x980.jpg 1536w, https:\/\/www.upo.es\/diario\/wp-content\/uploads\/2023\/01\/DireccionesAdministrativasUPO-1320x842.jpg 1320w, https:\/\/www.upo.es\/diario\/wp-content\/uploads\/2023\/01\/DireccionesAdministrativasUPO.jpg 2048w\" sizes=\"auto, (max-width: 385px) 100vw, 385px\" \/><\/a><figcaption id=\"caption-attachment-30876803\" class=\"wp-caption-text\">Responsables de \u00e1reas administrativas en 1997\/98<\/figcaption><\/figure>\n<p>Finalmente, en el caso de las <strong>direcciones de \u00e1reas administrativas<\/strong>: a Clara Amparo \u00c1lvarez N\u00fa\u00f1ez, Carmen Baena D\u00edaz, Mar\u00eda del Carmen Borreguero G\u00f3mez, Antonio Gumersindo Caballero G\u00f3mez, Juan Miguel Camarillo Casado, Mart\u00edn Delgado Galv\u00e1n, Braulio Luis Flores Mor\u00f3n, Mar\u00eda Adela Gald\u00f3n Conejo, Francisco de Paula Hidalgo Rosendo, Mar\u00eda Dolores Mu\u00f1oz G\u00f3mez, Ana Mar\u00eda Recio G\u00f3mez, Mar\u00eda Rodr\u00edguez Mart\u00ednez y Jos\u00e9 Manuel Rosado Daza.<\/p>\n<p>Respecto a la entrega anual de honores y distinciones, la Universidad Pablo de Olavide ha concedido la<strong> Insignia de Plata<\/strong> a Santiago Gonz\u00e1lez Ortega, Guillermo Dom\u00ednguez Fern\u00e1ndez, Clara Isabel Rodr\u00edguez Luque, Mar\u00eda del Carmen Aguilera Guti\u00e9rrez, Mar\u00eda Yolanda Herraiz Pe\u00f1a y Juan V\u00e1zquez Garrido. Asimismo, la<strong> Insignia de Oro<\/strong> a Clara Amparo \u00c1lvarez N\u00fa\u00f1ez y Rosa G\u00f3mez Fern\u00e1ndez.<\/p>\n<figure id=\"attachment_30876804\" aria-describedby=\"caption-attachment-30876804\" style=\"width: 385px\" class=\"wp-caption alignleft\"><a href=\"https:\/\/www.upo.es\/diario\/wp-content\/uploads\/2023\/01\/MedallaMeritoUPO-scaled.jpg\"><img loading=\"lazy\" decoding=\"async\" class=\"size-medium wp-image-30876804\" src=\"https:\/\/www.upo.es\/diario\/wp-content\/uploads\/2023\/01\/MedallaMeritoUPO-385x257.jpg\" alt=\"Concepci\u00f3n \u00c1lvarez-Dardet y Juan Fern\u00e1ndez, medallas al m\u00e9rito\" width=\"385\" height=\"257\" srcset=\"https:\/\/www.upo.es\/diario\/wp-content\/uploads\/2023\/01\/MedallaMeritoUPO-385x257.jpg 385w, https:\/\/www.upo.es\/diario\/wp-content\/uploads\/2023\/01\/MedallaMeritoUPO-750x500.jpg 750w, https:\/\/www.upo.es\/diario\/wp-content\/uploads\/2023\/01\/MedallaMeritoUPO-768x512.jpg 768w, https:\/\/www.upo.es\/diario\/wp-content\/uploads\/2023\/01\/MedallaMeritoUPO-1536x1024.jpg 1536w, https:\/\/www.upo.es\/diario\/wp-content\/uploads\/2023\/01\/MedallaMeritoUPO-2048x1365.jpg 2048w, https:\/\/www.upo.es\/diario\/wp-content\/uploads\/2023\/01\/MedallaMeritoUPO-165x109.jpg 165w, https:\/\/www.upo.es\/diario\/wp-content\/uploads\/2023\/01\/MedallaMeritoUPO-1320x880.jpg 1320w\" sizes=\"auto, (max-width: 385px) 100vw, 385px\" \/><\/a><figcaption id=\"caption-attachment-30876804\" class=\"wp-caption-text\">Concepci\u00f3n \u00c1lvarez-Dardet y Juan Fern\u00e1ndez, medallas al m\u00e9rito<\/figcaption><\/figure>\n<p>Con la <strong>Medalla Olavide<\/strong> se ha distinguido a Agust\u00edn Madrid Parra, Mar\u00eda Guadalupe Cordero Mart\u00edn y Mart\u00edn Delgado Galv\u00e1n; con la <strong>Medalla al M\u00e9rito<\/strong>, a Concepci\u00f3n \u00c1lvarez-Dardet Espejo y Juan Fern\u00e1ndez Valverde; y con la Medalla al M\u00e9rito a t\u00edtulo p\u00f3stumo, a Mar\u00eda Dolores Barcia Tirado y Juan Marchena Fern\u00e1ndez.<\/p>\n<p>Al acto de celebraci\u00f3n del D\u00eda de la Universidad Pablo de Olavide, le seguir\u00e1n en siguientes fechas otros en reconocimiento, tanto del compromiso y desempe\u00f1o de los estudiantes y las estudiantes de la UPO, como, posteriormente, uno de car\u00e1cter social con la participaci\u00f3n de las empresas, entidades e instituciones que han acompa\u00f1ado estos 25 a\u00f1os a la Universidad en el logro de sus fines acad\u00e9micos, cient\u00edficos y de compromiso social.<\/p>\n<h3><strong>Una historia de 3.200 a m\u00e1s de 13.000 estudiantes<\/strong><\/h3>\n<p>La Universidad Pablo de Olavide abri\u00f3 sus puertas el 14 de octubre de 1997 para 3.200 estudiantes a quienes se ofertaron las licenciaturas de Derecho y Administraci\u00f3n y Direcci\u00f3n de Empresas y las diplomaturas en Relaciones Laborales, Ciencias Empresariales y Trabajo Social. En la actualidad, el estudiantado de la UPO est\u00e1 formado por m\u00e1s de 13.000 personas que cursan estudios de Grados y Postgrado oficial, adem\u00e1s de 2.000 en Formaci\u00f3n Permanente. La comunidad universitaria la completan 1.089 profesores y profesoras y 356 miembros del personal de administraci\u00f3n y servicios.<\/p>\n<p>Respecto a la oferta acad\u00e9mica, actualmente se incluyen 23 t\u00edtulos de Grado y 17 Dobles Grados, 43 M\u00e1steres Oficiales, 9 programas de Doctorado y 62 T\u00edtulos Propios. En estos 25 a\u00f1os, se ha defendido hasta 1.348 tesis doctorales. En el presente curso 2022\/2023, se ha ofertado 2.633 plazas de nuevo ingreso, de las que se han completado 2.632, es decir, solo una menos.<\/p>\n<p>En el \u00e1mbito de la investigaci\u00f3n, la Universidad Pablo de Olavide cuenta con 98 grupos de investigaci\u00f3n compuestos por 1.445 investigadores e investigadoras, 8 centros propios y 2 de car\u00e1cter mixto (CABD y CABIMER).<\/p>\n<p>Adem\u00e1s, la UPO ha sido la primera universidad de Espa\u00f1a con todos sus centros de estudios de grado certificados por el programa AUDIT de la Agencia Nacional de Evaluaci\u00f3n de la Calidad y Acreditaci\u00f3n; y su Biblioteca, con m\u00e1s de 15.000 metros cuadrados, est\u00e1 dotada de una colecci\u00f3n que roza el mill\u00f3n de ejemplares y ha sido considerada como la segunda m\u00e1s eficiente de Espa\u00f1a en el Secaba-Rank-Universitarias.<\/p>\n<p><a title=\"D\u00eda de la UPO en su 25 aniversario\" href=\"https:\/\/www.flickr.com\/photos\/pablodeolavide\/albums\/72177720305522256\" data-flickr-embed=\"true\" data-header=\"true\"><img loading=\"lazy\" decoding=\"async\" src=\"https:\/\/live.staticflickr.com\/65535\/52650468893_f752e4e616_z.jpg\" alt=\"D\u00eda de la UPO en su 25 aniversario\" width=\"640\" height=\"480\" \/><\/a><script async src=\"\/\/embedr.flickr.com\/assets\/client-code.js\" charset=\"utf-8\"><\/script><\/p>\n","protected":false},"excerpt":{"rendered":"<p>El rector de la UPO, Francisco Oliva, ha presidido un acto institucional en el que ha destacado la trayectoria de la Universidad en \u00e1mbitos como la excelencia acad\u00e9mica, la investigaci\u00f3n y el compromiso social.<\/p>\n","protected":false},"author":6,"featured_media":30876799,"comment_status":"closed","ping_status":"open","sticky":false,"template":"","format":"standard","meta":{"_monsterinsights_skip_tracking":false,"_monsterinsights_sitenote_active":false,"_monsterinsights_sitenote_note":"","_monsterinsights_sitenote_category":0,"footnotes":""},"categories":[6],"tags":[8016,568,7770,7706,4751,4021,7708,6031,199,38],"class_list":["post-30876797","post","type-post","status-publish","format-standard","has-post-thumbnail","hentry","category-institucional","tag-25-aniversario","tag-aniversario","tag-dia-de-la-upo","tag-distinciones","tag-equipo-de-gobierno","tag-francisco-oliva-blazquez","tag-medallas-al-merito","tag-personal-de-administracion-y-servicios","tag-profesorado","tag-rector"],"_links":{"self":[{"href":"https:\/\/www.upo.es\/diario\/wp-json\/wp\/v2\/posts\/30876797","targetHints":{"allow":["GET"]}}],"collection":[{"href":"https:\/\/www.upo.es\/diario\/wp-json\/wp\/v2\/posts"}],"about":[{"href":"https:\/\/www.upo.es\/diario\/wp-json\/wp\/v2\/types\/post"}],"author":[{"embeddable":true,"href":"https:\/\/www.upo.es\/diario\/wp-json\/wp\/v2\/users\/6"}],"replies":[{"embeddable":true,"href":"https:\/\/www.upo.es\/diario\/wp-json\/wp\/v2\/comments?post=30876797"}],"version-history":[{"count":10,"href":"https:\/\/www.upo.es\/diario\/wp-json\/wp\/v2\/posts\/30876797\/revisions"}],"predecessor-version":[{"id":30876819,"href":"https:\/\/www.upo.es\/diario\/wp-json\/wp\/v2\/posts\/30876797\/revisions\/30876819"}],"wp:featuredmedia":[{"embeddable":true,"href":"https:\/\/www.upo.es\/diario\/wp-json\/wp\/v2\/media\/30876799"}],"wp:attachment":[{"href":"https:\/\/www.upo.es\/diario\/wp-json\/wp\/v2\/media?parent=30876797"}],"wp:term":[{"taxonomy":"category","embeddable":true,"href":"https:\/\/www.upo.es\/diario\/wp-json\/wp\/v2\/categories?post=30876797"},{"taxonomy":"post_tag","embeddable":true,"href":"https:\/\/www.upo.es\/diario\/wp-json\/wp\/v2\/tags?post=30876797"}],"curies":[{"name":"wp","href":"https:\/\/api.w.org\/{rel}","templated":true}]}}