{"id":30876816,"date":"2023-01-26T12:40:54","date_gmt":"2023-01-26T11:40:54","guid":{"rendered":"https:\/\/www.upo.es\/diario\/?p=30876816"},"modified":"2023-01-27T12:47:55","modified_gmt":"2023-01-27T11:47:55","slug":"la-upo-acoge-el-congreso-sobre-subvenciones-de-la-asociacion-de-profesores-de-derecho-administrativo","status":"publish","type":"post","link":"https:\/\/www.upo.es\/diario\/docencia-formacion\/2023\/01\/la-upo-acoge-el-congreso-sobre-subvenciones-de-la-asociacion-de-profesores-de-derecho-administrativo\/","title":{"rendered":"La UPO acoge el Congreso sobre subvenciones de la Asociaci\u00f3n de Profesores de Derecho Administrativo"},"content":{"rendered":"<p><a href=\"https:\/\/www.upo.es\/diario\/wp-content\/uploads\/2023\/01\/cong_aepda-1.png\"><img loading=\"lazy\" decoding=\"async\" class=\"alignright wp-image-30876820 size-medium\" src=\"https:\/\/www.upo.es\/diario\/wp-content\/uploads\/2023\/01\/cong_aepda-1-272x385.png\" alt=\"XVII Congreso AEPDA\" width=\"272\" height=\"385\" srcset=\"https:\/\/www.upo.es\/diario\/wp-content\/uploads\/2023\/01\/cong_aepda-1-272x385.png 272w, https:\/\/www.upo.es\/diario\/wp-content\/uploads\/2023\/01\/cong_aepda-1-530x750.png 530w, https:\/\/www.upo.es\/diario\/wp-content\/uploads\/2023\/01\/cong_aepda-1-768x1086.png 768w, https:\/\/www.upo.es\/diario\/wp-content\/uploads\/2023\/01\/cong_aepda-1-1086x1536.png 1086w, https:\/\/www.upo.es\/diario\/wp-content\/uploads\/2023\/01\/cong_aepda-1-1448x2048.png 1448w, https:\/\/www.upo.es\/diario\/wp-content\/uploads\/2023\/01\/cong_aepda-1-1320x1866.png 1320w, https:\/\/www.upo.es\/diario\/wp-content\/uploads\/2023\/01\/cong_aepda-1.png 1754w\" sizes=\"auto, (max-width: 272px) 100vw, 272px\" \/><\/a>La Universidad Pablo de Olavide acoge el <a href=\"https:\/\/www.congresoaepdasevilla2023.es\/\">XVII Congreso de la Asociaci\u00f3n Espa\u00f1ola de Profesores de Derecho Administrativo<\/a> que bajo el lema \u201920 a\u00f1os de la Ley General de Subvenciones\u2019 se celebra los d\u00edas 27 y 28 de enero organizado por el <a href=\"https:\/\/www.upo.es\/facultad-derecho\/es\/oferta-academica\/grados\/grado-en-ciencias-politicas-y-de-la-administracion\/planificacion-de-la-ensenanza\/asignaturas\/103026-DERECHO-ADMINISTRATIVO\/\">\u00c1rea de Derecho Administrativo<\/a> de la UPO y el <a href=\"https:\/\/www.aepda.es\/index.aspx\">Asociaci\u00f3n Espa\u00f1ola de Profesores de esta disciplina<\/a> (AEPDA). Este foro tiene como objetivo ofrecer <strong>nuevas soluciones a la problem\u00e1tica que actualmente conlleva el r\u00e9gimen de subvenciones<\/strong> y, para ello, contar\u00e1 con la participaci\u00f3n de m\u00e1s de 300 especialistas de Espa\u00f1a y el extranjero.<\/p>\n<p>En palabras del catedr\u00e1tico de Derecho Administrativo de la UPO <strong>Eduardo Gamero Casado<\/strong>, director del Comit\u00e9 Organizador del congreso, \u201clas subvenciones han sido tradicionalmente la cara amable de la Administraci\u00f3n y, como medida de fomento, ha sido un instrumento decisivo para posibilitar muchas actividades privadas de inter\u00e9s p\u00fablico. Sin embargo, en los \u00faltimos a\u00f1os, todo lo que las rodea adquiere cada vez m\u00e1s los tintes de una pesadilla por los tr\u00e1mites que conlleva\u201d.<\/p>\n<p>As\u00ed, el congreso abordar\u00e1 cuestiones como la presentaci\u00f3n de la solicitud y sus requisitos; el cobro efectivo de la subvenci\u00f3n, en ocasiones varios a\u00f1os despu\u00e9s de la realizaci\u00f3n de la actividad; las dificultades de ejecuci\u00f3n de la actividad comprometida, por la rigidez para el cambio de destino de las partidas concedidas; o el exhaustivo control de cumplimiento, que aboca a muy frecuentes reintegros por sumas elevadas, a veces por razones puramente formales. \u201cLa situaci\u00f3n es desmoralizante, no solo para la ciudadan\u00eda, sino tambi\u00e9n para la gesti\u00f3n p\u00fablica y esto es algo que requiere soluciones. En particular, cuando est\u00e1 en juego la ejecuci\u00f3n de los Fondos Next Generation, articulada en un amplio porcentaje mediante subvenciones p\u00fablicas\u201d, ha se\u00f1alado Gamero.<\/p>\n<p>El Congreso se ha programado en cuatro grandes sesiones tem\u00e1ticas que tienen previstas hasta 12 ponencias, varias docenas de comunicaciones y coloquios de personas expertas. La jornada del viernes se desarrollar\u00e1 en el Paraninfo del campus de la Universidad Pablo de Olavide y comenzar\u00e1 con la inauguraci\u00f3n del Congreso, que contar\u00e1 con la participaci\u00f3n del consejero de Justicia, Administraci\u00f3n Local y Funci\u00f3n P\u00fablica de la Junta de Andaluc\u00eda, <strong>Jos\u00e9 Antonio Nieto Ballesteros<\/strong>; y la vicerrectora de Relaciones Institucionales y Fundaciones de la UPO, <strong>Laura L\u00f3pez de la Cruz<\/strong>, entre otras autoridades.<\/p>\n<p>A continuaci\u00f3n, se desarrollar\u00e1 la primera sesi\u00f3n bajo el t\u00edtulo \u2018El universo de los incentivos: \u00e1mbitos material y subjetivo\u2019. La segunda abordar\u00e1 el \u2018Reparto competencial y procedimientos\u2019 y la tercera sesi\u00f3n, que ser\u00e1 la \u00faltima del viernes, \u2018Patolog\u00edas y controles\u2019. Ya el s\u00e1bado 28 de enero, la jornada tendr\u00e1 lugar en el Auditorio de Capitan\u00eda General de la Plaza de Espa\u00f1a de Sevilla y comenzar\u00e1 con la Asamblea General de AEPDA y el Informe del Grupo de Metodolog\u00eda e Innovaci\u00f3n Docente. El encuentro concluir\u00e1 con la cuarta sesi\u00f3n, que lleva por t\u00edtulo \u2018El reflorecimiento de la Uni\u00f3n Europea y el r\u00e9gimen de las subvenciones a los 20 a\u00f1os de la Ley General\u2019, y las ponencias conclusivas de cuatro personas expertas del \u00e1mbito universitario.<\/p>\n<p>El XVII Congreso de la Asociaci\u00f3n Espa\u00f1ola de Profesores de Derecho Administrativo cuenta con la colaboraci\u00f3n de la Fundaci\u00f3n Cajasol, Montero Aramburu Abogados, Real Alc\u00e1zar de Sevilla, la Consejer\u00eda de Justicia, Administraci\u00f3n Local y Funci\u00f3n P\u00fablica de la Junta de Andaluc\u00eda, el Cuartel General de la Fuerza Terrestre, Hozono Global, Egea Villalba Abogados y NTT DATA.<\/p>\n<p>Tanto las ponencias como las comunicaciones se ofrecen en abierto en <a href=\"https:\/\/www.aepda.es\/AEPDAEntrada-3662-XVII-Congreso-AEPDA-20-anos-de-la-Ley-General-de-Subvenciones.aspx\">https:\/\/www.aepda.es\/AEPDAEntrada-3662-XVII-Congreso-AEPDA-20-anos-de-la-Ley-General-de-Subvenciones.aspx<\/a><\/p>\n","protected":false},"excerpt":{"rendered":"<p>La Universidad Pablo de Olavide acoge el XVII Congreso de la Asociaci\u00f3n Espa\u00f1ola de Profesores de Derecho Administrativo que bajo el lema \u201920 a\u00f1os de la Ley General de Subvenciones\u2019 se celebra los d\u00edas 27 y 28 de enero organizado por el \u00c1rea de Derecho Administrativo de la UPO y el Asociaci\u00f3n Espa\u00f1ola de Profesores de esta disciplina (AEPDA). Este foro tiene como objetivo ofrecer nuevas soluciones a la problem\u00e1tica que actualmente conlleva el r\u00e9gimen de subvenciones y, para ello, contar\u00e1 con la participaci\u00f3n de m\u00e1s de 300 especialistas de Espa\u00f1a y el extranjero.<\/p>\n","protected":false},"author":14,"featured_media":30876820,"comment_status":"closed","ping_status":"open","sticky":false,"template":"","format":"standard","meta":{"_monsterinsights_skip_tracking":false,"_monsterinsights_sitenote_active":false,"_monsterinsights_sitenote_note":"","_monsterinsights_sitenote_category":0,"footnotes":""},"categories":[2779],"tags":[8190,4169,354,1002,3386,543,2395,8191],"class_list":["post-30876816","post","type-post","status-publish","format-standard","has-post-thumbnail","hentry","category-docencia-formacion","tag-aepda","tag-area-de-derecho-administrativo","tag-congreso","tag-consejeria-de-justicia","tag-derecho-administrativo","tag-eduardo-gamero","tag-junta-de-andalcia","tag-subvenciones"],"_links":{"self":[{"href":"https:\/\/www.upo.es\/diario\/wp-json\/wp\/v2\/posts\/30876816","targetHints":{"allow":["GET"]}}],"collection":[{"href":"https:\/\/www.upo.es\/diario\/wp-json\/wp\/v2\/posts"}],"about":[{"href":"https:\/\/www.upo.es\/diario\/wp-json\/wp\/v2\/types\/post"}],"author":[{"embeddable":true,"href":"https:\/\/www.upo.es\/diario\/wp-json\/wp\/v2\/users\/14"}],"replies":[{"embeddable":true,"href":"https:\/\/www.upo.es\/diario\/wp-json\/wp\/v2\/comments?post=30876816"}],"version-history":[{"count":4,"href":"https:\/\/www.upo.es\/diario\/wp-json\/wp\/v2\/posts\/30876816\/revisions"}],"predecessor-version":[{"id":30876832,"href":"https:\/\/www.upo.es\/diario\/wp-json\/wp\/v2\/posts\/30876816\/revisions\/30876832"}],"wp:featuredmedia":[{"embeddable":true,"href":"https:\/\/www.upo.es\/diario\/wp-json\/wp\/v2\/media\/30876820"}],"wp:attachment":[{"href":"https:\/\/www.upo.es\/diario\/wp-json\/wp\/v2\/media?parent=30876816"}],"wp:term":[{"taxonomy":"category","embeddable":true,"href":"https:\/\/www.upo.es\/diario\/wp-json\/wp\/v2\/categories?post=30876816"},{"taxonomy":"post_tag","embeddable":true,"href":"https:\/\/www.upo.es\/diario\/wp-json\/wp\/v2\/tags?post=30876816"}],"curies":[{"name":"wp","href":"https:\/\/api.w.org\/{rel}","templated":true}]}}