{"id":30876823,"date":"2023-01-26T14:38:10","date_gmt":"2023-01-26T13:38:10","guid":{"rendered":"https:\/\/www.upo.es\/diario\/?p=30876823"},"modified":"2023-02-02T14:33:33","modified_gmt":"2023-02-02T13:33:33","slug":"abierta-la-convocatoria-2023-de-cultura-minima-de-la-upo-para-la-propuesta-de-actividades","status":"publish","type":"post","link":"https:\/\/www.upo.es\/diario\/cultura-social\/2023\/01\/abierta-la-convocatoria-2023-de-cultura-minima-de-la-upo-para-la-propuesta-de-actividades\/","title":{"rendered":"Abierta la convocatoria 2023 de \u2018Cultura M\u00ednima\u2019 de la UPO para la propuesta de actividades"},"content":{"rendered":"<p><a href=\"https:\/\/www.upo.es\/diario\/wp-content\/uploads\/2023\/01\/Imagen_CulturaMinima.png\"><img loading=\"lazy\" decoding=\"async\" class=\"aligncenter size-large wp-image-30876824\" src=\"https:\/\/www.upo.es\/diario\/wp-content\/uploads\/2023\/01\/Imagen_CulturaMinima-750x750.png\" alt=\"\" width=\"750\" height=\"750\" srcset=\"https:\/\/www.upo.es\/diario\/wp-content\/uploads\/2023\/01\/Imagen_CulturaMinima-750x750.png 750w, https:\/\/www.upo.es\/diario\/wp-content\/uploads\/2023\/01\/Imagen_CulturaMinima-385x385.png 385w, https:\/\/www.upo.es\/diario\/wp-content\/uploads\/2023\/01\/Imagen_CulturaMinima-150x150.png 150w, https:\/\/www.upo.es\/diario\/wp-content\/uploads\/2023\/01\/Imagen_CulturaMinima-768x768.png 768w, https:\/\/www.upo.es\/diario\/wp-content\/uploads\/2023\/01\/Imagen_CulturaMinima.png 1080w\" sizes=\"auto, (max-width: 750px) 100vw, 750px\" \/><\/a><\/p>\n<p>La Universidad Pablo de Olavide ha abierto el plazo para la presentaci\u00f3n de propuestas a la convocatoria del programa <strong>\u2018Cultura M\u00ednima\u2019 para el a\u00f1o 2023<\/strong>, una iniciativa del <strong>Vicerrectorado de Cultura y Pol\u00edticas Sociales<\/strong>, a trav\u00e9s del <strong>Servicio de Extensi\u00f3n Cultural<\/strong>, que en este a\u00f1o cumple su novena edici\u00f3n. El plazo para la presentaci\u00f3n de solicitudes concluye el <strong>19 de febrero<\/strong>.<\/p>\n<p>Esta convocatoria est\u00e1 abierta a cualquier disciplina (m\u00fasica, artes esc\u00e9nicas, cine, literatura, etc\u00e9tera), por lo que est\u00e1 dirigida a artistas, creadores y\/o agrupaciones pertenecientes a la comunidad universitaria de Sevilla y a la sociedad en general que deseen participar con sus propuestas art\u00edsticas. Para ello, <strong>se aceptar\u00e1n formatos susceptibles de adaptar a las condiciones espaciales y la dotaci\u00f3n t\u00e9cnico\/art\u00edstica que ofrece el Espacio Cultural de la UPO \u2018El Entramado\u2019<\/strong>.<\/p>\n<p>A la finalizaci\u00f3n del plazo de presentaci\u00f3n de propuestas, ser\u00e1 una Comisi\u00f3n de Evaluaci\u00f3n la que seleccionar\u00e1 las diez piezas que integrar\u00e1n la programaci\u00f3n de eventos de la <strong>Agenda Cultural de la UPO, que se desarrollar\u00e1 entre los meses de marzo a junio<\/strong>. La Comisi\u00f3n tendr\u00e1 en cuenta como criterios generales, entre otros, la disciplina art\u00edstica y su aportaci\u00f3n al car\u00e1cter diverso del programa; la tem\u00e1tica abordada; su creatividad, vanguardia y contemporaneidad; la dramaturgia espectacular; el virtuosismo t\u00e9cnico; y la adecuaci\u00f3n al espacio de representaci\u00f3n.<\/p>\n<p>Para las propuestas seleccionadas, la Universidad pablo de Olavide ofrece, adem\u00e1s del espacio de representaci\u00f3n, equipamiento y servicios t\u00e9cnicos, apoyo al montaje, gesti\u00f3n de sesi\u00f3n de ensayo general, comunicaci\u00f3n y difusi\u00f3n, servicios audiovisuales y una ayuda econ\u00f3mica de 300 euros como apoyo a la realizaci\u00f3n de la propuesta.<\/p>\n<p>\u2018Cultura M\u00ednima\u2019 es un programa que promueve el disfrute del arte y la cultura en la Universidad Pablo de Olavide mediante una convocatoria abierta a recibir las propuestas art\u00edsticas y culturales de artistas y creadores. De esta forma, la UPO dispone de una actividad cultural permanente que amplifica su agenda y potencia su car\u00e1cter variado, diverso, contempor\u00e1neo y atractivo. De hecho, cada a\u00f1o crece el n\u00famero de propuestas, tanto a nivel local, como regional y nacional, que est\u00e1n interesadas en formar parte de la programaci\u00f3n cultural de la Universidad.<\/p>\n<p>El objetivo del programa \u2018Cultura M\u00ednima\u2019 es ofrecer la Universidad Pablo de Olavide, su p\u00fablico y su espacio cultural para sumar y favorecer el consumo cultural de la comunidad universitaria y, con ello, del territorio de alrededor para acercar a nuevos p\u00fablicos a la vivencia cultural que ofrece la Universidad. De esta forma, artistas y creadores encuentran la acogida que buscan y el p\u00fablico disfruta de una programaci\u00f3n actualizada.<\/p>\n<ul>\n<li>Toda la informaci\u00f3n sobre la convocatoria en <a href=\"https:\/\/www.upo.es\/upsc\/extension_cultural\/cultura-minima\/\">https:\/\/www.upo.es\/upsc\/extension_cultural\/cultura-minima\/<\/a><\/li>\n<\/ul>\n","protected":false},"excerpt":{"rendered":"<p>La Universidad Pablo de Olavide ha abierto el plazo para la presentaci\u00f3n de propuestas a la convocatoria del programa \u2018Cultura M\u00ednima\u2019 para el a\u00f1o 2023, una iniciativa del Vicerrectorado de Cultura y Pol\u00edticas Sociales, a trav\u00e9s del Servicio de Extensi\u00f3n Cultural, que en este a\u00f1o cumple su novena edici\u00f3n. El plazo para la presentaci\u00f3n de solicitudes concluye el 19 de febrero.<\/p>\n","protected":false},"author":14,"featured_media":30876824,"comment_status":"closed","ping_status":"open","sticky":false,"template":"","format":"standard","meta":{"_monsterinsights_skip_tracking":false,"_monsterinsights_sitenote_active":false,"_monsterinsights_sitenote_note":"","_monsterinsights_sitenote_category":0,"footnotes":""},"categories":[5843],"tags":[7982,1264,1961,3869,5788,8192,3746,7194],"class_list":["post-30876823","post","type-post","status-publish","format-standard","has-post-thumbnail","hentry","category-cultura-social","tag-agenda-cultural","tag-arte-y-cultura","tag-convocatoria","tag-cultura-minima","tag-el-entramado","tag-propuestas-artisticas","tag-servicio-de-extension-cultural","tag-vicerrectorado-de-cultura-y-politicas-sociales"],"_links":{"self":[{"href":"https:\/\/www.upo.es\/diario\/wp-json\/wp\/v2\/posts\/30876823","targetHints":{"allow":["GET"]}}],"collection":[{"href":"https:\/\/www.upo.es\/diario\/wp-json\/wp\/v2\/posts"}],"about":[{"href":"https:\/\/www.upo.es\/diario\/wp-json\/wp\/v2\/types\/post"}],"author":[{"embeddable":true,"href":"https:\/\/www.upo.es\/diario\/wp-json\/wp\/v2\/users\/14"}],"replies":[{"embeddable":true,"href":"https:\/\/www.upo.es\/diario\/wp-json\/wp\/v2\/comments?post=30876823"}],"version-history":[{"count":1,"href":"https:\/\/www.upo.es\/diario\/wp-json\/wp\/v2\/posts\/30876823\/revisions"}],"predecessor-version":[{"id":30876825,"href":"https:\/\/www.upo.es\/diario\/wp-json\/wp\/v2\/posts\/30876823\/revisions\/30876825"}],"wp:featuredmedia":[{"embeddable":true,"href":"https:\/\/www.upo.es\/diario\/wp-json\/wp\/v2\/media\/30876824"}],"wp:attachment":[{"href":"https:\/\/www.upo.es\/diario\/wp-json\/wp\/v2\/media?parent=30876823"}],"wp:term":[{"taxonomy":"category","embeddable":true,"href":"https:\/\/www.upo.es\/diario\/wp-json\/wp\/v2\/categories?post=30876823"},{"taxonomy":"post_tag","embeddable":true,"href":"https:\/\/www.upo.es\/diario\/wp-json\/wp\/v2\/tags?post=30876823"}],"curies":[{"name":"wp","href":"https:\/\/api.w.org\/{rel}","templated":true}]}}