{"id":30876843,"date":"2023-01-30T13:26:47","date_gmt":"2023-01-30T12:26:47","guid":{"rendered":"https:\/\/www.upo.es\/diario\/?p=30876843"},"modified":"2023-10-31T14:38:14","modified_gmt":"2023-10-31T13:38:14","slug":"la-odisea-de-las-escritoras-un-proyecto-de-la-upo-para-fomentar-las-vocaciones-cientificas-en-humanidades","status":"publish","type":"post","link":"https:\/\/www.upo.es\/diario\/docencia-formacion\/2023\/01\/la-odisea-de-las-escritoras-un-proyecto-de-la-upo-para-fomentar-las-vocaciones-cientificas-en-humanidades\/","title":{"rendered":"\u2018La Odisea de las Escritoras\u2019, un proyecto de la UPO para fomentar las vocaciones cient\u00edficas en Humanidades"},"content":{"rendered":"<figure id=\"attachment_30876844\" aria-describedby=\"caption-attachment-30876844\" style=\"width: 750px\" class=\"wp-caption aligncenter\"><a href=\"https:\/\/www.upo.es\/diario\/wp-content\/uploads\/2023\/01\/Present_OdiseaEscritoras3.jpg\"><img loading=\"lazy\" decoding=\"async\" class=\"size-large wp-image-30876844\" src=\"https:\/\/www.upo.es\/diario\/wp-content\/uploads\/2023\/01\/Present_OdiseaEscritoras3-750x500.jpg\" alt=\"\" width=\"750\" height=\"500\" srcset=\"https:\/\/www.upo.es\/diario\/wp-content\/uploads\/2023\/01\/Present_OdiseaEscritoras3-750x500.jpg 750w, https:\/\/www.upo.es\/diario\/wp-content\/uploads\/2023\/01\/Present_OdiseaEscritoras3-385x257.jpg 385w, https:\/\/www.upo.es\/diario\/wp-content\/uploads\/2023\/01\/Present_OdiseaEscritoras3-768x512.jpg 768w, https:\/\/www.upo.es\/diario\/wp-content\/uploads\/2023\/01\/Present_OdiseaEscritoras3-1536x1025.jpg 1536w, https:\/\/www.upo.es\/diario\/wp-content\/uploads\/2023\/01\/Present_OdiseaEscritoras3-165x109.jpg 165w, https:\/\/www.upo.es\/diario\/wp-content\/uploads\/2023\/01\/Present_OdiseaEscritoras3-1320x880.jpg 1320w, https:\/\/www.upo.es\/diario\/wp-content\/uploads\/2023\/01\/Present_OdiseaEscritoras3.jpg 2000w\" sizes=\"auto, (max-width: 750px) 100vw, 750px\" \/><\/a><figcaption id=\"caption-attachment-30876844\" class=\"wp-caption-text\">Presentaci\u00f3n de &#8216;La Odisea de las Escritoras&#8217;<\/figcaption><\/figure>\n<p>La vicerrectora de Investigaci\u00f3n, Transferencia y Doctorado de la Universidad Pablo de Olavide, <strong>Antonia Jim\u00e9nez Rodr\u00edguez<\/strong>, ha presentado <a href=\"https:\/\/eventos.upo.es\/91280\/detail\/la-odisea-de-las-escritoras-080223.html\">\u2018La Odisea de las Escritoras\u2019<\/a>, un proyecto de un grupo de investigaci\u00f3n liderado por la profesora <strong>Rosario Moreno Soldevila<\/strong>, decana de la Facultad de Humanidades, que ha sido financiado por la <strong>Fundaci\u00f3n Espa\u00f1ola para la Ciencia y la Tecnolog\u00eda<\/strong> (FECYT) del Ministerio de Ciencia e Innovaci\u00f3n.<\/p>\n<p>Esta es una iniciativa de divulgaci\u00f3n dirigida a estudiantado de Bachillerato que tiene como objetivo <strong>fomentar las vocaciones cient\u00edficas en el \u00e1mbito de las Humanidades<\/strong>. De esta forma, este proyecto pretende conseguir la visibilizaci\u00f3n del papel de las mujeres a lo largo de la historia de la literatura y reflexionar sobre las circunstancias que han conducido a que el canon literario occidental siga siendo, hoy en d\u00eda, androc\u00e9ntrico.<\/p>\n<p>De esta forma, se pone de manifiesto, seg\u00fan este grupo de investigaci\u00f3n, la necesidad de <strong>repensar la historia de la Literatura y, en definitiva, la historia cultural y social con el objetivo de seguir dando pasos hacia una sociedad m\u00e1s inclusiva y justa<\/strong>. Al mismo tiempo, el proyecto contribuir\u00e1 a incrementar y mejorar la cultura cient\u00edfica e innovadora entre el estudiantado de Bachillerato, al difundir de una manera amena y participativa las investigaciones en este \u00e1mbito.<\/p>\n<p>Seg\u00fan ha informado Rosario Moreno, el proyecto se desarrollar\u00e1 en forma de <strong>Jornadas que combinan actividades l\u00fadicas y formativas con talleres de investigaci\u00f3n<\/strong>. Las primeras de ellas est\u00e1n programadas para los d\u00edas 8, 15 y 22 de febrero, con la participaci\u00f3n de <strong>550 estudiantes de 13 centros de Bachillerato de las provincias de Sevilla, C\u00f3rdoba y Huelva<\/strong>: IES Llanes, IES Antonio Dom\u00ednguez Ortiz, IES Santa Aurelia, IES Ram\u00f3n Carande e IES Albert Einstein, de Sevilla capital; IES Al-Guadaira y Colegio San Alberto Magno, de Alcal\u00e1 de Guada\u00edra; IES Torre de los Herberos e IES Ibn Jald\u00fan, de Dos Hermanas; IES Torre de los Guzmanes, de la Algaba; IES Laguna de Toll\u00f3n, de El Cuervo de Sevilla; CES Lope de Vega, de C\u00f3rdoba; e IES La Palma, de La Palma del Condado.<\/p>\n<figure id=\"attachment_30876845\" aria-describedby=\"caption-attachment-30876845\" style=\"width: 385px\" class=\"wp-caption alignright\"><a href=\"https:\/\/www.upo.es\/diario\/wp-content\/uploads\/2023\/01\/Present_OdiseaEscritoras2.jpg\"><img loading=\"lazy\" decoding=\"async\" class=\"size-medium wp-image-30876845\" src=\"https:\/\/www.upo.es\/diario\/wp-content\/uploads\/2023\/01\/Present_OdiseaEscritoras2-385x239.jpg\" alt=\"\" width=\"385\" height=\"239\" srcset=\"https:\/\/www.upo.es\/diario\/wp-content\/uploads\/2023\/01\/Present_OdiseaEscritoras2-385x239.jpg 385w, https:\/\/www.upo.es\/diario\/wp-content\/uploads\/2023\/01\/Present_OdiseaEscritoras2-750x466.jpg 750w, https:\/\/www.upo.es\/diario\/wp-content\/uploads\/2023\/01\/Present_OdiseaEscritoras2-768x477.jpg 768w, https:\/\/www.upo.es\/diario\/wp-content\/uploads\/2023\/01\/Present_OdiseaEscritoras2-1536x954.jpg 1536w, https:\/\/www.upo.es\/diario\/wp-content\/uploads\/2023\/01\/Present_OdiseaEscritoras2-1320x820.jpg 1320w, https:\/\/www.upo.es\/diario\/wp-content\/uploads\/2023\/01\/Present_OdiseaEscritoras2.jpg 2000w\" sizes=\"auto, (max-width: 385px) 100vw, 385px\" \/><\/a><figcaption id=\"caption-attachment-30876845\" class=\"wp-caption-text\">Antonia Jim\u00e9nez y Rosario Moreno<\/figcaption><\/figure>\n<p>Los talleres previstos para estas jornadas estar\u00e1n a cargo de investigadores e investigadoras de la Universidad Pablo de Olavide bajo las tem\u00e1ticas: \u2018Escritoras y lectoras de la ficci\u00f3n g\u00f3tica: un viaje inesperado\u2019 (Daniel Nisa C\u00e1ceres); \u2018Cuando una escritora se imagina lo peor: El cuento de la criada\u2019 (Carmen Velasco-Montiel); \u2018\u00bfHace falta llevar pantalones y llamarse Jorge para ser escritora?\u2019 (Anne Aubry); \u2018Alguien hablar\u00e1 de nosotras: Safo de Lesbos, la mujer que amaba\u2019 (Marta Cuevas Caballero); \u2018\u00bfCarmen de Burgos o Colombine? C\u00f3mo (sobre)vivir de la literatura sin que te lo reconozcan\u2019 (Miguel Cisneros Perales); \u2018La historia de la escritora y premio Nobel de literatura Grazia Deledda y el extra\u00f1o caso de Su marido o el moderno marido\u201d (Alicia L\u00f3pez M\u00e1rquez); \u2018Diotima de Mantinea: amor, sabidur\u00eda, revoluci\u00f3n\u2019 (Alberto Marina Castillo); y \u2018Mujer y literatura en la Roma antigua: la historia que no nos contaron\u2019 (Rosario Moreno Soldevila).<\/p>\n<p>\u2018La Odisea de las Escritoras\u2019 contin\u00faa el trabajo que se inici\u00f3 con el proyecto \u2018Mujeres que hacen historia\u2019 que tambi\u00e9n obtuvo financiaci\u00f3n de la FECYT y que se desarroll\u00f3 entre los a\u00f1os 2017 y 2022.<\/p>\n<p>&nbsp;<\/p>\n","protected":false},"excerpt":{"rendered":"<p>La vicerrectora de Investigaci\u00f3n, Transferencia y Doctorado de la Universidad Pablo de Olavide, Antonia Jim\u00e9nez Rodr\u00edguez, ha presentado \u2018La Odisea de las Escritoras\u2019, un proyecto de un grupo de investigaci\u00f3n liderado por la profesora Rosario Moreno Soldevila, decana de la Facultad de Humanidades, que ha sido financiado por la Fundaci\u00f3n Espa\u00f1ola para la Ciencia y la Tecnolog\u00eda (FECYT) del Ministerio de Ciencia e Innovaci\u00f3n. <\/p>\n","protected":false},"author":14,"featured_media":30876844,"comment_status":"closed","ping_status":"open","sticky":false,"template":"","format":"standard","meta":{"_monsterinsights_skip_tracking":false,"_monsterinsights_sitenote_active":false,"_monsterinsights_sitenote_note":"","_monsterinsights_sitenote_category":0,"footnotes":""},"categories":[2779],"tags":[644,8194,96,132,5883,56,6244,5827,7331,8195],"class_list":["post-30876843","post","type-post","status-publish","format-standard","has-post-thumbnail","hentry","category-docencia-formacion","tag-bachillerato","tag-escritoras","tag-facultad-de-humanidades","tag-humanidades","tag-igualdad-de-genero","tag-investigacion","tag-perspectiva-de-genero","tag-rosario-moreno","tag-vicerrectorado-de-investigacion","tag-vocaciones-cientificas"],"_links":{"self":[{"href":"https:\/\/www.upo.es\/diario\/wp-json\/wp\/v2\/posts\/30876843","targetHints":{"allow":["GET"]}}],"collection":[{"href":"https:\/\/www.upo.es\/diario\/wp-json\/wp\/v2\/posts"}],"about":[{"href":"https:\/\/www.upo.es\/diario\/wp-json\/wp\/v2\/types\/post"}],"author":[{"embeddable":true,"href":"https:\/\/www.upo.es\/diario\/wp-json\/wp\/v2\/users\/14"}],"replies":[{"embeddable":true,"href":"https:\/\/www.upo.es\/diario\/wp-json\/wp\/v2\/comments?post=30876843"}],"version-history":[{"count":1,"href":"https:\/\/www.upo.es\/diario\/wp-json\/wp\/v2\/posts\/30876843\/revisions"}],"predecessor-version":[{"id":30876846,"href":"https:\/\/www.upo.es\/diario\/wp-json\/wp\/v2\/posts\/30876843\/revisions\/30876846"}],"wp:featuredmedia":[{"embeddable":true,"href":"https:\/\/www.upo.es\/diario\/wp-json\/wp\/v2\/media\/30876844"}],"wp:attachment":[{"href":"https:\/\/www.upo.es\/diario\/wp-json\/wp\/v2\/media?parent=30876843"}],"wp:term":[{"taxonomy":"category","embeddable":true,"href":"https:\/\/www.upo.es\/diario\/wp-json\/wp\/v2\/categories?post=30876843"},{"taxonomy":"post_tag","embeddable":true,"href":"https:\/\/www.upo.es\/diario\/wp-json\/wp\/v2\/tags?post=30876843"}],"curies":[{"name":"wp","href":"https:\/\/api.w.org\/{rel}","templated":true}]}}