{"id":30876847,"date":"2023-01-31T13:41:36","date_gmt":"2023-01-31T12:41:36","guid":{"rendered":"https:\/\/www.upo.es\/diario\/?p=30876847"},"modified":"2023-01-31T13:41:36","modified_gmt":"2023-01-31T12:41:36","slug":"la-upo-recibe-la-donacion-de-la-biblioteca-privada-del-presidente-de-la-comunidad-israelita-de-sevilla-hasta-1995","status":"publish","type":"post","link":"https:\/\/www.upo.es\/diario\/institucional\/2023\/01\/la-upo-recibe-la-donacion-de-la-biblioteca-privada-del-presidente-de-la-comunidad-israelita-de-sevilla-hasta-1995\/","title":{"rendered":"La UPO recibe la donaci\u00f3n de la biblioteca privada del presidente de la Comunidad Israelita de Sevilla hasta 1995"},"content":{"rendered":"<figure id=\"attachment_30876848\" aria-describedby=\"caption-attachment-30876848\" style=\"width: 750px\" class=\"wp-caption aligncenter\"><a href=\"https:\/\/www.upo.es\/diario\/wp-content\/uploads\/2023\/01\/foto3-donacionHassan.jpg\"><img loading=\"lazy\" decoding=\"async\" class=\"size-large wp-image-30876848\" src=\"https:\/\/www.upo.es\/diario\/wp-content\/uploads\/2023\/01\/foto3-donacionHassan-750x563.jpg\" alt=\"\" width=\"750\" height=\"563\" srcset=\"https:\/\/www.upo.es\/diario\/wp-content\/uploads\/2023\/01\/foto3-donacionHassan-750x563.jpg 750w, https:\/\/www.upo.es\/diario\/wp-content\/uploads\/2023\/01\/foto3-donacionHassan-385x289.jpg 385w, https:\/\/www.upo.es\/diario\/wp-content\/uploads\/2023\/01\/foto3-donacionHassan-768x576.jpg 768w, https:\/\/www.upo.es\/diario\/wp-content\/uploads\/2023\/01\/foto3-donacionHassan-1536x1152.jpg 1536w, https:\/\/www.upo.es\/diario\/wp-content\/uploads\/2023\/01\/foto3-donacionHassan-1320x990.jpg 1320w, https:\/\/www.upo.es\/diario\/wp-content\/uploads\/2023\/01\/foto3-donacionHassan.jpg 1600w\" sizes=\"auto, (max-width: 750px) 100vw, 750px\" \/><\/a><figcaption id=\"caption-attachment-30876848\" class=\"wp-caption-text\">Mois\u00e9s Hass\u00e1n, Jos\u00e9 Cruz, Noa Hakim y Roc\u00edo Fern\u00e1ndez<\/figcaption><\/figure>\n<p>La directora de la Biblioteca\/CRAI de la Universidad Pablo de Olavide, <strong>Roc\u00edo Fern\u00e1ndez Cordero<\/strong>, ha recepcionado la donaci\u00f3n de la <strong>biblioteca privada de Sim\u00f3n Hass\u00e1n Benasayag<\/strong>, quien fuera presidente de la Comunidad Israelita de Sevilla desde su creaci\u00f3n en 1968 hasta su fallecimiento en 1995. Se trata de una colecci\u00f3n de <strong>entre 350 y 400 obras sobre juda\u00edsmo y el holocausto<\/strong> que ha donado la familia a la universidad. A ellas se suma la donaci\u00f3n de diez vol\u00famenes de la Embajada de Israel en Espa\u00f1a.<\/p>\n<p><a href=\"https:\/\/www.upo.es\/diario\/wp-content\/uploads\/2023\/01\/foto1-DonacionHassan.jpg\"><img loading=\"lazy\" decoding=\"async\" class=\"alignright size-medium wp-image-30876849\" src=\"https:\/\/www.upo.es\/diario\/wp-content\/uploads\/2023\/01\/foto1-DonacionHassan-385x289.jpg\" alt=\"\" width=\"385\" height=\"289\" srcset=\"https:\/\/www.upo.es\/diario\/wp-content\/uploads\/2023\/01\/foto1-DonacionHassan-385x289.jpg 385w, https:\/\/www.upo.es\/diario\/wp-content\/uploads\/2023\/01\/foto1-DonacionHassan-750x563.jpg 750w, https:\/\/www.upo.es\/diario\/wp-content\/uploads\/2023\/01\/foto1-DonacionHassan-768x576.jpg 768w, https:\/\/www.upo.es\/diario\/wp-content\/uploads\/2023\/01\/foto1-DonacionHassan-1536x1152.jpg 1536w, https:\/\/www.upo.es\/diario\/wp-content\/uploads\/2023\/01\/foto1-DonacionHassan-1320x990.jpg 1320w, https:\/\/www.upo.es\/diario\/wp-content\/uploads\/2023\/01\/foto1-DonacionHassan.jpg 1600w\" sizes=\"auto, (max-width: 385px) 100vw, 385px\" \/><\/a>Al acto han asistido <strong>Mois\u00e9s Hass\u00e1n<\/strong>, hijo de Sim\u00f3n Hass\u00e1n y profesor colaborador honorario de la Universidad Pablo de Olavide, y su nieto <strong>Sim\u00f3n<\/strong> en representaci\u00f3n del resto de sus hijos <strong>Deborah, Daniel y David<\/strong>. Asimismo, han participado en el acto el director del Departamento de Derecho P\u00fablico de la UPO, <strong>Luis Miguel Arroyo Yanes<\/strong>; la portavoz de la Embajada de Israel en Espa\u00f1a, <strong>Noa Hakim<\/strong>; el codirector del Seminario de Estudios sobre el Holocausto (Sho\u00e1) y Antisemitismo de la Universidad Pablo de Olavide,<strong> Jos\u00e9 Cruz D\u00edaz<\/strong>; y el catedr\u00e1tico de la UPO, <strong>Rafael Rodr\u00edguez Prieto<\/strong>.<\/p>\n","protected":false},"excerpt":{"rendered":"<p>La directora de la Biblioteca\/CRAI de la Universidad Pablo de Olavide, Roc\u00edo Fern\u00e1ndez Cordero, ha recepcionado la donaci\u00f3n de la biblioteca privada de Sim\u00f3n Hass\u00e1n Benasayag, quien fuera presidente de la Comunidad Israelita de Sevilla desde su creaci\u00f3n en 1968 hasta su fallecimiento en 1995. Se trata de una colecci\u00f3n de entre 350 y 400 obras sobre juda\u00edsmo y el holocausto que ha donado la familia a la universidad.<\/p>\n","protected":false},"author":14,"featured_media":30876848,"comment_status":"closed","ping_status":"open","sticky":false,"template":"","format":"standard","meta":{"_monsterinsights_skip_tracking":false,"_monsterinsights_sitenote_active":false,"_monsterinsights_sitenote_note":"","_monsterinsights_sitenote_category":0,"footnotes":""},"categories":[6],"tags":[125,2491,8196,2106,2013,1029,5835,8197],"class_list":["post-30876847","post","type-post","status-publish","format-standard","has-post-thumbnail","hentry","category-institucional","tag-biblioteca","tag-biblioteca-crai","tag-comunidad-israelita","tag-holocausto","tag-israel","tag-judaismo","tag-libros","tag-simon-hassan"],"_links":{"self":[{"href":"https:\/\/www.upo.es\/diario\/wp-json\/wp\/v2\/posts\/30876847","targetHints":{"allow":["GET"]}}],"collection":[{"href":"https:\/\/www.upo.es\/diario\/wp-json\/wp\/v2\/posts"}],"about":[{"href":"https:\/\/www.upo.es\/diario\/wp-json\/wp\/v2\/types\/post"}],"author":[{"embeddable":true,"href":"https:\/\/www.upo.es\/diario\/wp-json\/wp\/v2\/users\/14"}],"replies":[{"embeddable":true,"href":"https:\/\/www.upo.es\/diario\/wp-json\/wp\/v2\/comments?post=30876847"}],"version-history":[{"count":1,"href":"https:\/\/www.upo.es\/diario\/wp-json\/wp\/v2\/posts\/30876847\/revisions"}],"predecessor-version":[{"id":30876850,"href":"https:\/\/www.upo.es\/diario\/wp-json\/wp\/v2\/posts\/30876847\/revisions\/30876850"}],"wp:featuredmedia":[{"embeddable":true,"href":"https:\/\/www.upo.es\/diario\/wp-json\/wp\/v2\/media\/30876848"}],"wp:attachment":[{"href":"https:\/\/www.upo.es\/diario\/wp-json\/wp\/v2\/media?parent=30876847"}],"wp:term":[{"taxonomy":"category","embeddable":true,"href":"https:\/\/www.upo.es\/diario\/wp-json\/wp\/v2\/categories?post=30876847"},{"taxonomy":"post_tag","embeddable":true,"href":"https:\/\/www.upo.es\/diario\/wp-json\/wp\/v2\/tags?post=30876847"}],"curies":[{"name":"wp","href":"https:\/\/api.w.org\/{rel}","templated":true}]}}