{"id":30876854,"date":"2023-01-31T19:24:13","date_gmt":"2023-01-31T18:24:13","guid":{"rendered":"https:\/\/www.upo.es\/diario\/?p=30876854"},"modified":"2023-02-02T15:31:30","modified_gmt":"2023-02-02T14:31:30","slug":"arranca-la-semana-de-inmersion-en-la-residencia-universitaria-flora-tristan-para-estudiantes-de-fevida","status":"publish","type":"post","link":"https:\/\/www.upo.es\/diario\/cultura-social\/2023\/01\/arranca-la-semana-de-inmersion-en-la-residencia-universitaria-flora-tristan-para-estudiantes-de-fevida\/","title":{"rendered":"Arranca la semana de inmersi\u00f3n en la Residencia Universitaria Flora Trist\u00e1n para estudiantes de FEVIDA"},"content":{"rendered":"<p><img loading=\"lazy\" decoding=\"async\" class=\"aligncenter size-large wp-image-30876856\" src=\"https:\/\/www.upo.es\/diario\/wp-content\/uploads\/2023\/01\/FEVIDA_300123_1-750x500.jpg\" alt=\"Estudiantes de FEVIDA en la RU Flora Trist\u00e1n\" width=\"750\" height=\"500\" srcset=\"https:\/\/www.upo.es\/diario\/wp-content\/uploads\/2023\/01\/FEVIDA_300123_1-750x500.jpg 750w, https:\/\/www.upo.es\/diario\/wp-content\/uploads\/2023\/01\/FEVIDA_300123_1-385x257.jpg 385w, https:\/\/www.upo.es\/diario\/wp-content\/uploads\/2023\/01\/FEVIDA_300123_1-768x512.jpg 768w, https:\/\/www.upo.es\/diario\/wp-content\/uploads\/2023\/01\/FEVIDA_300123_1-1536x1024.jpg 1536w\" sizes=\"auto, (max-width: 750px) 100vw, 750px\" \/>La Residencia Universitaria Flora Trist\u00e1n acoge una nueva edici\u00f3n del programa FEVIDA, en la que<strong> diecisiete estudiantes de la Universidad Pablo de Olavide con diversidad funcional cognitiva convivir\u00e1n a lo largo de esta semana con universitarios<\/strong> que residen en la misma. El alumnado forma parte del <strong>t\u00edtulo propio \u2018Formaci\u00f3n para el empleo y la vida aut\u00f3noma de personas con discapacidad intelectual\u2019 (FEVIDA)<\/strong>, que celebra este curso su sexta edici\u00f3n y que est\u00e1 orientado a la formaci\u00f3n y preparaci\u00f3n laboral de personas con diversidad funcional cognitiva.<\/p>\n<p>Desde 2017, en el que arranc\u00f3 la primera edici\u00f3n de este t\u00edtulo propio, han formado parte de FEVIDA m\u00e1s de cien estudiantes en un programa que est\u00e1 financiado por la Fundaci\u00f3n ONCE y la Uni\u00f3n Europea (Fondo Social Europeo, Iniciativa de empleo juvenil), gestionado por la Fundaci\u00f3n Universidad Pablo de Olavide, y que cuenta adem\u00e1s con la colaboraci\u00f3n de entidades como la Asociaci\u00f3n Paz y Bien o Down Sevilla.<\/p>\n<p><a href=\"https:\/\/www.upo.es\/diario\/wp-content\/uploads\/2023\/01\/FEVIDA_300123_5.jpg\"><img loading=\"lazy\" decoding=\"async\" class=\"alignright size-large wp-image-30876857\" src=\"https:\/\/www.upo.es\/diario\/wp-content\/uploads\/2023\/01\/FEVIDA_300123_5.jpg\" alt=\"Jos\u00e9 Manuel Hermida; el coordinador de Distrito Sur, en representaci\u00f3n del Ayuntamiento de Sevilla, Jes\u00fas Gonz\u00e1lez; la directora general de Innovaci\u00f3n Social de la UPO y directora de la Residencia Universitaria Flora Trist\u00e1n, Esther Prieto; la directora acad\u00e9mica del t\u00edtulo y decana de la Facultad de Ciencias Sociales, Rosa D\u00edaz, y el director de la Asociaci\u00f3n Paz y Bien, Jos\u00e9 Luis Gordillo.\" width=\"1\" height=\"1\" \/><\/a><a href=\"https:\/\/www.upo.es\/diario\/wp-content\/uploads\/2023\/01\/FEVIDA_300123_5.jpg\"><img loading=\"lazy\" decoding=\"async\" class=\"alignright size-large wp-image-30876857\" src=\"https:\/\/www.upo.es\/diario\/wp-content\/uploads\/2023\/01\/FEVIDA_300123_5.jpg\" alt=\"Jos\u00e9 Manuel Hermida; el coordinador de Distrito Sur, en representaci\u00f3n del Ayuntamiento de Sevilla, Jes\u00fas Gonz\u00e1lez; la directora general de Innovaci\u00f3n Social de la UPO y directora de la Residencia Universitaria Flora Trist\u00e1n, Esther Prieto; la directora acad\u00e9mica del t\u00edtulo y decana de la Facultad de Ciencias Sociales, Rosa D\u00edaz, y el director de la Asociaci\u00f3n Paz y Bien, Jos\u00e9 Luis Gordillo.\" width=\"1\" height=\"1\" \/><\/a>El acto de bienvenida e inicio de la inmersi\u00f3n al alumnado, que ha tenido lugar este lunes en el Sal\u00f3n de Usos M\u00faltiples de la Residencia, ha contado con la asistencia de la directora general de Innovaci\u00f3n Social de la Universidad Pablo de Olavide y directora de la Residencia Universitaria Flora Trist\u00e1n, <strong>Esther Prieto<\/strong>; el coordinador del Distrito Sur, en representaci\u00f3n del Ayuntamiento de Sevilla, <strong>Jes\u00fas Gonz\u00e1lez<\/strong>; la directora acad\u00e9mica del t\u00edtulo y decana de la Facultad de Ciencias sociales, <strong>Rosa D\u00edaz<\/strong>; el director de la Asociaci\u00f3n Paz y Bien, <strong>Jos\u00e9 Luis Gordillo<\/strong> y el director de Down Sevilla, <strong>Jos\u00e9 Manuel Hermida<\/strong>, as\u00ed como miembros de las asociaciones colaboradoras y trabajadores y residentes de la propia residencia universitaria.<\/p>\n<p>Durante su intervenci\u00f3n, la directora general de Innovaci\u00f3n Social de la UPO, ha subrayado que \u201cla inclusi\u00f3n es una de las principales banderas de la Universidad Pablo de Olavide, por su marcado compromiso con la sociedad, intentando estar siempre a disposici\u00f3n de lo que la sociedad nos demanda\u201d. Y dentro de estas pol\u00edticas que favorecen la inclusi\u00f3n, el programa FEVIDA es uno de los referentes de la Universidad. Adem\u00e1s, ha hecho hincapi\u00e9 en que todos los alumnos y alumnas de este programa deben tener presente que son estudiantes universitarios y residentes de la Flora Trist\u00e1n y \u201ctodos nuestros residentes tienen un compromiso muy alto con el barrio\u201d.<\/p>\n<p>Por su parte, la directora del t\u00edtulo les ha explicado que esta semana de inmersi\u00f3n comunitaria es una asignatura diferente porque \u201cvivir en la Flora es una manera de aprender a vivir solos, de probar que est\u00e1is preparados para asumir esta responsabilidad, una oportunidad para progresar, tambi\u00e9n para equivocarse y aprender a tomar decisiones\u201d y les ha insistido en la idea de que tengan muy presente que est\u00e1n \u201cpreparados para estar aqu\u00ed y estamos muy orgullosos de vosotros y vosotras\u201d.<\/p>\n<p>Por \u00faltimo, desde las entidades colaboradoras los directores de la Asociaci\u00f3n Paz y Bien y Down Sevilla, les han se\u00f1alado que esta semana \u201cser\u00e1, sin duda, la asignatura que m\u00e1s recuerden en el futuro de este programa\u201d, les han felicitado por formar parte de la sexta edici\u00f3n de FEVIDA y los han animado a disfrutar de cada una de las actividades de estos d\u00edas de convivencia en la Residencia.<\/p>\n<p><img loading=\"lazy\" decoding=\"async\" class=\"size-medium wp-image-30876915 alignleft\" src=\"https:\/\/www.upo.es\/diario\/wp-content\/uploads\/2023\/01\/FEVIDA_300123_6-385x218.jpg\" alt=\"Recepci\u00f3n de los estudiantes de FEVIDA en el Ayuntamiento\" width=\"385\" height=\"218\" srcset=\"https:\/\/www.upo.es\/diario\/wp-content\/uploads\/2023\/01\/FEVIDA_300123_6-385x218.jpg 385w, https:\/\/www.upo.es\/diario\/wp-content\/uploads\/2023\/01\/FEVIDA_300123_6-750x424.jpg 750w, https:\/\/www.upo.es\/diario\/wp-content\/uploads\/2023\/01\/FEVIDA_300123_6-768x434.jpg 768w, https:\/\/www.upo.es\/diario\/wp-content\/uploads\/2023\/01\/FEVIDA_300123_6.jpg 1015w\" sizes=\"auto, (max-width: 385px) 100vw, 385px\" \/>Entre las actividades destacadas de la semana, <strong>el alumnado ha sido recibido en la ma\u00f1ana de hoy por el alcalde de Sevilla, en una recepci\u00f3n en la que han tenido oportunidad de trasladarle sus propuestas para la mejora de la ciudad<\/strong>. Adem\u00e1s, durante estos d\u00edas, los alumnos y alumnas de FEVIDA participar\u00e1n en un encuentro con profesores de la Universidad Camilo Jos\u00e9 Cela; compartir\u00e1n actividades con mayores de la Asociaci\u00f3n Entre Amigos, visitar\u00e1n el Comisionado y tambi\u00e9n realizar\u00e1n talleres de baile, cinef\u00f3rum y actividades deportivas, entre otras.<\/p>\n<p>Con esta semana de inmersi\u00f3n comunitaria se pretende <strong>fomentar la autonom\u00eda en la vida de las personas con discapacidad cognitiva<\/strong>, donde adem\u00e1s podr\u00e1n experimentar la convivencia junto con otros residentes universitarios. De este modo, el alumnado se integrar\u00e1 en la vida cotidiana de la propia Residencia y formar\u00e1 parte de las distintas acciones enmarcadas dentro de proyectos sociales en el Pol\u00edgono Sur, que ponen de manifiesto las pol\u00edticas activas en materia social que desarrolla la universidad en su entorno.<\/p>\n<p>Este t\u00edtulo propio, orientado a la preparaci\u00f3n laboral del estudiantado, se estructura en materias de habilidades, human\u00edsticas y profesionales que, complementadas con actividades extracurriculares en el campus y actividades compartidas con alumnos de grado y postgrado de la Universidad, enriquecen estos estudios para conseguir el objetivo planteado y la integraci\u00f3n en la vida social de las personas con diversidad funcional.<\/p>\n<p>Fuente: Fundaci\u00f3n Universidad Pablo de Olavide<\/p>\n","protected":false},"excerpt":{"rendered":"<p>Se integrar\u00e1n junto con otros universitarios en la vida cotidiana de la residencia y participar\u00e1n en los proyectos de pol\u00edtica social que se desarrollan en el Pol\u00edgono Sur.<\/p>\n","protected":false},"author":6,"featured_media":30876856,"comment_status":"closed","ping_status":"open","sticky":false,"template":"","format":"standard","meta":{"_monsterinsights_skip_tracking":false,"_monsterinsights_sitenote_active":false,"_monsterinsights_sitenote_note":"","_monsterinsights_sitenote_category":0,"footnotes":""},"categories":[5843],"tags":[5056,2540,1745,166,7194],"class_list":["post-30876854","post","type-post","status-publish","format-standard","has-post-thumbnail","hentry","category-cultura-social","tag-fevida","tag-inclusion-social","tag-residencia-universitaria-flora-tristan","tag-titulo-propio","tag-vicerrectorado-de-cultura-y-politicas-sociales"],"_links":{"self":[{"href":"https:\/\/www.upo.es\/diario\/wp-json\/wp\/v2\/posts\/30876854","targetHints":{"allow":["GET"]}}],"collection":[{"href":"https:\/\/www.upo.es\/diario\/wp-json\/wp\/v2\/posts"}],"about":[{"href":"https:\/\/www.upo.es\/diario\/wp-json\/wp\/v2\/types\/post"}],"author":[{"embeddable":true,"href":"https:\/\/www.upo.es\/diario\/wp-json\/wp\/v2\/users\/6"}],"replies":[{"embeddable":true,"href":"https:\/\/www.upo.es\/diario\/wp-json\/wp\/v2\/comments?post=30876854"}],"version-history":[{"count":6,"href":"https:\/\/www.upo.es\/diario\/wp-json\/wp\/v2\/posts\/30876854\/revisions"}],"predecessor-version":[{"id":30876918,"href":"https:\/\/www.upo.es\/diario\/wp-json\/wp\/v2\/posts\/30876854\/revisions\/30876918"}],"wp:featuredmedia":[{"embeddable":true,"href":"https:\/\/www.upo.es\/diario\/wp-json\/wp\/v2\/media\/30876856"}],"wp:attachment":[{"href":"https:\/\/www.upo.es\/diario\/wp-json\/wp\/v2\/media?parent=30876854"}],"wp:term":[{"taxonomy":"category","embeddable":true,"href":"https:\/\/www.upo.es\/diario\/wp-json\/wp\/v2\/categories?post=30876854"},{"taxonomy":"post_tag","embeddable":true,"href":"https:\/\/www.upo.es\/diario\/wp-json\/wp\/v2\/tags?post=30876854"}],"curies":[{"name":"wp","href":"https:\/\/api.w.org\/{rel}","templated":true}]}}