{"id":30876899,"date":"2023-02-02T14:32:30","date_gmt":"2023-02-02T13:32:30","guid":{"rendered":"https:\/\/www.upo.es\/diario\/?p=30876899"},"modified":"2023-02-06T09:38:33","modified_gmt":"2023-02-06T08:38:33","slug":"el-aula-abierta-de-mayores-de-la-upo-celebra-sus-seminarios-academicos","status":"publish","type":"post","link":"https:\/\/www.upo.es\/diario\/cultura-social\/2023\/02\/el-aula-abierta-de-mayores-de-la-upo-celebra-sus-seminarios-academicos\/","title":{"rendered":"El Aula Abierta de Mayores de la UPO celebra sus seminarios acad\u00e9micos"},"content":{"rendered":"<figure id=\"attachment_30876900\" aria-describedby=\"caption-attachment-30876900\" style=\"width: 750px\" class=\"wp-caption aligncenter\"><a href=\"https:\/\/www.upo.es\/diario\/wp-content\/uploads\/2023\/02\/01022023_8-scaled.jpg\"><img loading=\"lazy\" decoding=\"async\" class=\"wp-image-30876900 size-large\" src=\"https:\/\/www.upo.es\/diario\/wp-content\/uploads\/2023\/02\/01022023_8-750x500.jpg\" alt=\"\" width=\"750\" height=\"500\" srcset=\"https:\/\/www.upo.es\/diario\/wp-content\/uploads\/2023\/02\/01022023_8-750x500.jpg 750w, https:\/\/www.upo.es\/diario\/wp-content\/uploads\/2023\/02\/01022023_8-385x257.jpg 385w, https:\/\/www.upo.es\/diario\/wp-content\/uploads\/2023\/02\/01022023_8-768x512.jpg 768w, https:\/\/www.upo.es\/diario\/wp-content\/uploads\/2023\/02\/01022023_8-1536x1024.jpg 1536w, https:\/\/www.upo.es\/diario\/wp-content\/uploads\/2023\/02\/01022023_8-2048x1365.jpg 2048w, https:\/\/www.upo.es\/diario\/wp-content\/uploads\/2023\/02\/01022023_8-165x109.jpg 165w, https:\/\/www.upo.es\/diario\/wp-content\/uploads\/2023\/02\/01022023_8-1320x880.jpg 1320w\" sizes=\"auto, (max-width: 750px) 100vw, 750px\" \/><\/a><figcaption id=\"caption-attachment-30876900\" class=\"wp-caption-text\">Seminarios Acad\u00e9micos de la UPO en el Paraninfo<\/figcaption><\/figure>\n<p>La Universidad Pablo de Olavide ha inaugurado esta ma\u00f1ana sus <strong>seminarios acad\u00e9micos<\/strong>, una actividad que se desarrollar\u00e1 hoy y ma\u00f1ana en el Paraninfo de la Universidad. La actividad, <strong>dirigida a personas mayores de 50 a\u00f1os que forman parte del programa Aula Abierta de Mayores<\/strong> en las 23 sedes universitarias que el programa tiene activas en este curso 2022\/2023, est\u00e1 organizada por el <strong>Vicerrectorado de Cultura y Pol\u00edticas Sociales<\/strong> y est\u00e1n enmarcadas en el <strong>Programa de Envejecimiento Activo y Solidaridad Intergeneracional<\/strong>.<\/p>\n<p>Durante este encuentro, que este a\u00f1o se enmarca en el vig\u00e9simo aniversario del Aula Abierta de Mayores, el alumnado de las diferentes sedes universitarias tendr\u00e1 la oportunidad de conocer aspectos concretos de distintas \u00e1reas de estudio como: la literatura, la cultura, la psicolog\u00eda y la sociolog\u00eda. Esta actividad tiene como objetivo <strong>complementar las actuaciones acad\u00e9micas desarrolladas en cada una de las sedes<\/strong>, facilitando as\u00ed un espacio de encuentro para compartir conocimientos y experiencias entre el alumnado de las distintas sedes municipales usando como base la docencia del profesorado universitario de la UPO.<\/p>\n<p>La primera jornada ha comenzado a las 10,00 horas, tras la bienvenida y la inauguraci\u00f3n por parte de la directora acad\u00e9mica del programa, <strong>Roc\u00edo Cruz<\/strong>, con la ponencia \u201cEspa\u00f1a en Italia, Italia en Espa\u00f1a. La cultura y la sociedad italiana conocidas en Espa\u00f1a\u201d a cargo de la profesora <strong>Anna Rodella<\/strong>. Posteriormente y tras un descanso, ha continuado a las 12,00 horas con la ponencia \u201c\u00bfPor qu\u00e9 conocemos a tan pocas fil\u00f3sofas? Revisando la Historia de la Filosof\u00eda con perspectiva feminista, impartida por la profesora <strong>Marian P\u00e9rez Bernal<\/strong>.<\/p>\n<p>En esta jornada se han dado cita estudiantes de Alcal\u00e1 de Guadaira, Almensilla, Bollullos de la Mitaci\u00f3n, Casariche, Castilleja de la Cuesta, Dos Hermanas, El Viso del Alcor, Gines, Lebrija, Mairena del Alcor y Salteras.<\/p>\n<p>Por su parte, tras la bienvenida de <strong>Esther Prieto<\/strong>, directora general de Innovaci\u00f3n Social, la segunda jornada comenzar\u00e1 con la ponencia \u201cPsicolog\u00eda de las familias\u201d, que impartir\u00e1 el profesor <strong>Gonzalo del Moral Arroyo<\/strong>. Tras el descanso, continuar\u00e1 a las 12,00 horas la conferencia \u201cLa serpiente. Como escurrirse de las falsas noticias, bulos y medias verdades\u201d, del profesor <strong>Luis Navarro Ardoy<\/strong>. A esta segunda jornada asistir\u00e1n los alumnos y las alumnas de las sedes de Aznalc\u00f3llar, Bormujos, Gerena, Gilena, Herrera, La Algaba, La Puebla de Cazalla, La Puebla del R\u00edo, Las Cabezas de San Juan, Pedrera, Pilas, Santiponce y Tomares.<\/p>\n<p>El Aula Abierta de Mayores de la UPO, gestionada por la Fundaci\u00f3n Universidad Pablo de Olavide, tiene como principal objetivo integrar a las personas mayores en la vida universitaria, ampliando sus conocimientos y promoviendo su participaci\u00f3n en la sociedad a trav\u00e9s de actividades art\u00edsticas y culturales. El programa Aula Abierta de Mayores est\u00e1 financiado por la <strong>Diputaci\u00f3n Provincial de Sevilla<\/strong>, la <strong>Consejer\u00eda de Inclusi\u00f3n Social, Juventud, Familias e Igualdad de la Junta de Andaluc\u00eda<\/strong>, la <strong>Fundaci\u00f3n \u201cLa Caixa\u201d<\/strong> y cuenta con la colaboraci\u00f3n de los diferentes ayuntamientos adscritos al programa.<\/p>\n<p>Fuente: Fundaci\u00f3n Universidad Pablo de Olavide<\/p>\n","protected":false},"excerpt":{"rendered":"<p>La Universidad Pablo de Olavide ha inaugurado esta ma\u00f1ana sus seminarios acad\u00e9micos, una actividad que se desarrollar\u00e1 hoy y ma\u00f1ana en el Paraninfo de la Universidad. La actividad, dirigida a personas mayores de 50 a\u00f1os que forman parte del programa Aula Abierta de Mayores en las 23 sedes universitarias que el programa tiene activas en este curso 2022\/2023, est\u00e1 organizada por el vicerrectorado de Cultura y Pol\u00edticas Sociales y est\u00e1n enmarcadas en el Programa de Envejecimiento Activo y Solidaridad Intergeneracional.<\/p>\n","protected":false},"author":14,"featured_media":30876900,"comment_status":"closed","ping_status":"open","sticky":false,"template":"","format":"standard","meta":{"_monsterinsights_skip_tracking":false,"_monsterinsights_sitenote_active":false,"_monsterinsights_sitenote_note":"","_monsterinsights_sitenote_category":0,"footnotes":""},"categories":[5843],"tags":[52,8123,3690,2859,6971,2160,78,7194],"class_list":["post-30876899","post","type-post","status-publish","format-standard","has-post-thumbnail","hentry","category-cultura-social","tag-aula-abierta-de-mayores","tag-consejeria-de-inclusion-social","tag-diputacion-de-sevilla","tag-envejecimiento-activo","tag-fundacion-la-caixa","tag-personas-mayores","tag-seminario","tag-vicerrectorado-de-cultura-y-politicas-sociales"],"_links":{"self":[{"href":"https:\/\/www.upo.es\/diario\/wp-json\/wp\/v2\/posts\/30876899","targetHints":{"allow":["GET"]}}],"collection":[{"href":"https:\/\/www.upo.es\/diario\/wp-json\/wp\/v2\/posts"}],"about":[{"href":"https:\/\/www.upo.es\/diario\/wp-json\/wp\/v2\/types\/post"}],"author":[{"embeddable":true,"href":"https:\/\/www.upo.es\/diario\/wp-json\/wp\/v2\/users\/14"}],"replies":[{"embeddable":true,"href":"https:\/\/www.upo.es\/diario\/wp-json\/wp\/v2\/comments?post=30876899"}],"version-history":[{"count":4,"href":"https:\/\/www.upo.es\/diario\/wp-json\/wp\/v2\/posts\/30876899\/revisions"}],"predecessor-version":[{"id":30876948,"href":"https:\/\/www.upo.es\/diario\/wp-json\/wp\/v2\/posts\/30876899\/revisions\/30876948"}],"wp:featuredmedia":[{"embeddable":true,"href":"https:\/\/www.upo.es\/diario\/wp-json\/wp\/v2\/media\/30876900"}],"wp:attachment":[{"href":"https:\/\/www.upo.es\/diario\/wp-json\/wp\/v2\/media?parent=30876899"}],"wp:term":[{"taxonomy":"category","embeddable":true,"href":"https:\/\/www.upo.es\/diario\/wp-json\/wp\/v2\/categories?post=30876899"},{"taxonomy":"post_tag","embeddable":true,"href":"https:\/\/www.upo.es\/diario\/wp-json\/wp\/v2\/tags?post=30876899"}],"curies":[{"name":"wp","href":"https:\/\/api.w.org\/{rel}","templated":true}]}}