{"id":30876933,"date":"2023-02-03T14:47:44","date_gmt":"2023-02-03T13:47:44","guid":{"rendered":"https:\/\/www.upo.es\/diario\/?p=30876933"},"modified":"2023-02-09T14:52:21","modified_gmt":"2023-02-09T13:52:21","slug":"nueva-sede-sevilla-pabellon-marruecos-29-cedido-ayuntamiento","status":"publish","type":"post","link":"https:\/\/www.upo.es\/diario\/institucional\/2023\/02\/nueva-sede-sevilla-pabellon-marruecos-29-cedido-ayuntamiento\/","title":{"rendered":"La Universidad Pablo de Olavide tendr\u00e1 su sede en Sevilla en el Pabell\u00f3n de Marruecos del 29 cedido por el Ayuntamiento"},"content":{"rendered":"<figure id=\"attachment_30876935\" aria-describedby=\"caption-attachment-30876935\" style=\"width: 750px\" class=\"wp-caption aligncenter\"><a href=\"https:\/\/www.upo.es\/diario\/wp-content\/uploads\/2023\/02\/Alcalde-Rector_Firma-PM-scaled.jpg\"><img loading=\"lazy\" decoding=\"async\" class=\"size-large wp-image-30876935\" src=\"https:\/\/www.upo.es\/diario\/wp-content\/uploads\/2023\/02\/Alcalde-Rector_Firma-PM-750x449.jpg\" alt=\"Antonio Mu\u00f1oz y Francisco Oliva en el Pabell\u00f3n de Marruecos del 29\" width=\"750\" height=\"449\" srcset=\"https:\/\/www.upo.es\/diario\/wp-content\/uploads\/2023\/02\/Alcalde-Rector_Firma-PM-750x449.jpg 750w, https:\/\/www.upo.es\/diario\/wp-content\/uploads\/2023\/02\/Alcalde-Rector_Firma-PM-385x230.jpg 385w, https:\/\/www.upo.es\/diario\/wp-content\/uploads\/2023\/02\/Alcalde-Rector_Firma-PM-768x459.jpg 768w, https:\/\/www.upo.es\/diario\/wp-content\/uploads\/2023\/02\/Alcalde-Rector_Firma-PM-1536x919.jpg 1536w, https:\/\/www.upo.es\/diario\/wp-content\/uploads\/2023\/02\/Alcalde-Rector_Firma-PM-2048x1225.jpg 2048w, https:\/\/www.upo.es\/diario\/wp-content\/uploads\/2023\/02\/Alcalde-Rector_Firma-PM-1000x600.jpg 1000w, https:\/\/www.upo.es\/diario\/wp-content\/uploads\/2023\/02\/Alcalde-Rector_Firma-PM-2000x1200.jpg 2000w, https:\/\/www.upo.es\/diario\/wp-content\/uploads\/2023\/02\/Alcalde-Rector_Firma-PM-1320x790.jpg 1320w\" sizes=\"auto, (max-width: 750px) 100vw, 750px\" \/><\/a><figcaption id=\"caption-attachment-30876935\" class=\"wp-caption-text\">Antonio Mu\u00f1oz y Francisco Oliva en el Pabell\u00f3n de Marruecos del 29<\/figcaption><\/figure>\n<p>El rector de la Universidad Pablo de Olavide, <strong>Francisco Oliva Bl\u00e1zquez<\/strong>, y el alcalde de Sevilla, <strong>Antonio Mu\u00f1oz Mart\u00ednez<\/strong>, han iniciado hoy el procedimiento que llevar\u00e1 a la UPO a tener una nueva sede en la ciudad de Sevilla, con implantaci\u00f3n y ejecuci\u00f3n en el <strong>Pabell\u00f3n de Marruecos de la Exposici\u00f3n Iberoamericana de 1929<\/strong>. Este edificio, situado en la Avenida de Molin\u00ed \u2013frente al Parque Mar\u00eda Luisa\u2013, es un bien de dominio p\u00fablico, que el consistorio sevillano cede gratuitamente a la UPO, en el que se desarrollar\u00e1 un proyecto cultural, acad\u00e9mico, social y de internacionalizaci\u00f3n de la Universidad.<\/p>\n<p><a href=\"https:\/\/www.upo.es\/diario\/wp-content\/uploads\/2023\/02\/PM-29_exterior-scaled.jpg\"><img loading=\"lazy\" decoding=\"async\" class=\"alignright size-medium wp-image-30876937\" src=\"https:\/\/www.upo.es\/diario\/wp-content\/uploads\/2023\/02\/PM-29_exterior-385x289.jpg\" alt=\"\" width=\"385\" height=\"289\" srcset=\"https:\/\/www.upo.es\/diario\/wp-content\/uploads\/2023\/02\/PM-29_exterior-385x289.jpg 385w, https:\/\/www.upo.es\/diario\/wp-content\/uploads\/2023\/02\/PM-29_exterior-750x563.jpg 750w, https:\/\/www.upo.es\/diario\/wp-content\/uploads\/2023\/02\/PM-29_exterior-768x576.jpg 768w, https:\/\/www.upo.es\/diario\/wp-content\/uploads\/2023\/02\/PM-29_exterior-1536x1152.jpg 1536w, https:\/\/www.upo.es\/diario\/wp-content\/uploads\/2023\/02\/PM-29_exterior-2048x1536.jpg 2048w, https:\/\/www.upo.es\/diario\/wp-content\/uploads\/2023\/02\/PM-29_exterior-1320x990.jpg 1320w\" sizes=\"auto, (max-width: 385px) 100vw, 385px\" \/><\/a>La nueva sede tiene como objetivo convertirse en una estructura para la exposici\u00f3n p\u00fablica de la vida universitaria a trav\u00e9s de su actividad cultural, deportiva, art\u00edstica, adem\u00e1s de acad\u00e9mica y cient\u00edfica, que irradie la imagen de la Universidad Pablo de Olavide a nivel local, nacional e internacional. Y, al mismo tiempo, que suponga para Sevilla, que es una de las cuatro ciudades espa\u00f1olas con mayor n\u00famero de estudiantes universitarios, un relanzamiento de la proyecci\u00f3n de su imagen como ciudad universitaria internacional.<\/p>\n<p>El rector ha se\u00f1alado que contar con esta nueva sede para la Universidad Pablo de Olavide \u201ces un sue\u00f1o hecho realidad porque llevamos mucho tiempo aspirando por una sede hist\u00f3rica como esta, un edificio emblem\u00e1tico de la Exposici\u00f3n del 29\u201d, lo que ha agradecido al alcalde y su equipo. \u201cNo es f\u00e1cil encontrar un espacio para una universidad, pero esto no es un proyecto para que lo disfrutemos solo nosotros y nosotras, sino que queremos aportar a la ciudad de Sevilla en los \u00e1mbitos cultural y social, acad\u00e9mico y de internacionalizaci\u00f3n. Queremos llenar de contenido y contribuir al crecimiento de esta ciudad\u201d, ha destacado.<\/p>\n<p>Por su parte, el alcalde ha expresado su satisfacci\u00f3n por que \u201cesta joya del 29 pueda ser sede para la Universidad Pablo de Olavide y eso signifique intensificar las tareas de investigaci\u00f3n y ciencia y llevar el nombre de la Universidad y Sevilla m\u00e1s lejos que hasta ahora\u201d. Asimismo, ha subrayado su deseo de seguir intensificando las relaciones entre ambas entidades para propiciar que Sevilla sea una ciudad m\u00e1s competitiva y que pueda afrontar los desaf\u00edos que vienen en el siglo XXI como son la sostenibilidad, el cambio clim\u00e1tico, la transformaci\u00f3n digital y la reducci\u00f3n de las desigualdades.<\/p>\n<h3><strong>El proyecto de la nueva sede<\/strong><\/h3>\n<figure id=\"attachment_30876938\" aria-describedby=\"caption-attachment-30876938\" style=\"width: 334px\" class=\"wp-caption alignright\"><a href=\"https:\/\/www.upo.es\/diario\/wp-content\/uploads\/2023\/02\/PM-29_interior.jpg\"><img loading=\"lazy\" decoding=\"async\" class=\" wp-image-30876938\" src=\"https:\/\/www.upo.es\/diario\/wp-content\/uploads\/2023\/02\/PM-29_interior-289x385.jpg\" alt=\"Pabell\u00f3n de Marruecos (interior)\" width=\"334\" height=\"445\" srcset=\"https:\/\/www.upo.es\/diario\/wp-content\/uploads\/2023\/02\/PM-29_interior-289x385.jpg 289w, https:\/\/www.upo.es\/diario\/wp-content\/uploads\/2023\/02\/PM-29_interior-563x750.jpg 563w, https:\/\/www.upo.es\/diario\/wp-content\/uploads\/2023\/02\/PM-29_interior-768x1023.jpg 768w, https:\/\/www.upo.es\/diario\/wp-content\/uploads\/2023\/02\/PM-29_interior-1153x1536.jpg 1153w, https:\/\/www.upo.es\/diario\/wp-content\/uploads\/2023\/02\/PM-29_interior-1320x1759.jpg 1320w, https:\/\/www.upo.es\/diario\/wp-content\/uploads\/2023\/02\/PM-29_interior.jpg 1537w\" sizes=\"auto, (max-width: 334px) 100vw, 334px\" \/><\/a><figcaption id=\"caption-attachment-30876938\" class=\"wp-caption-text\">Vista interior del Pabell\u00f3n de Marruecos del 29<\/figcaption><\/figure>\n<p>El proyecto para la nueva sede contempla acciones en tres \u00e1mbitos principales propios de la Universidad Pablo de Olavide y con una amplia repercusi\u00f3n en la ciudad de Sevilla. En primer lugar, en el <strong>\u00e1mbito cultural y social<\/strong>, se pondr\u00e1n en marcha actividades como exposiciones, conferencias, representaciones, conciertos, etc\u00e9tera, que den satisfacci\u00f3n a la demanda de la comunidad universitaria y de la ciudad, as\u00ed como iniciativas de acci\u00f3n social con el propio Ayuntamiento.<\/p>\n<p>En cuanto al <strong>\u00e1mbito acad\u00e9mico<\/strong>, la sede seguir\u00e1 siendo el lugar desde el cual el profesorado de la UPO pueda seguir desempe\u00f1ando sus actividades acad\u00e9micas, que ven\u00edan haciendo en la sede actual, pero con una mejor ubicaci\u00f3n y unas instalaciones ampliadas. Adem\u00e1s, la UPO desarrollar\u00e1 en ella parte de su programa de formaci\u00f3n permanente, en el que destaca la impartici\u00f3n de los Cursos de Desarrollo Profesional Avanzado en la modalidad de microcredenciales. Por otra parte, se fomentar\u00e1n v\u00ednculos entre la Universidad y el mundo empresarial con la organizaci\u00f3n, asimismo, de reuniones y seminarios que incrementen la presencia de la UPO en el tejido productivo.<\/p>\n<p>En tercer lugar, en el <strong>\u00e1mbito internacional<\/strong>, se desarrollar\u00e1 un plan de acciones de cooperaci\u00f3n internacional al desarrollo dirigidas fundamentalmente a Latinoam\u00e9rica. La Universidad Pablo de Olavide es fundadora y coordinadora acad\u00e9mica de la Red de Universidades Iberoamericanas comprometidas con los Derechos Humanos de la Organizaci\u00f3n de Estados Iberoamericanos, donde desarrolla un apreciable liderazgo.<\/p>\n<p>Junto a ello, la nueva sede universitaria tiene como misi\u00f3n construir un <strong>espacio para la investigaci\u00f3n<\/strong> donde albergar observatorios de relevancia en an\u00e1lisis de aspectos sociopol\u00edticos y econ\u00f3micos.<\/p>\n","protected":false},"excerpt":{"rendered":"<p>El rector de la Universidad Pablo de Olavide, Francisco Oliva Bl\u00e1zquez, y el alcalde de Sevilla, Antonio Mu\u00f1oz Mart\u00ednez, han iniciado hoy el procedimiento que llevar\u00e1 a la UPO a tener una nueva sede en la ciudad de Sevilla, con implantaci\u00f3n y ejecuci\u00f3n en el Pabell\u00f3n de Marruecos de la Exposici\u00f3n Iberoamericana de 1929. <\/p>\n","protected":false},"author":6,"featured_media":30876935,"comment_status":"closed","ping_status":"open","sticky":false,"template":"","format":"standard","meta":{"_monsterinsights_skip_tracking":false,"_monsterinsights_sitenote_active":false,"_monsterinsights_sitenote_note":"","_monsterinsights_sitenote_category":0,"footnotes":""},"categories":[6],"tags":[7764,621,4021,38,161],"class_list":["post-30876933","post","type-post","status-publish","format-standard","has-post-thumbnail","hentry","category-institucional","tag-antonio-munoz","tag-ayuntamiento-de-sevilla","tag-francisco-oliva-blazquez","tag-rector","tag-sevilla"],"_links":{"self":[{"href":"https:\/\/www.upo.es\/diario\/wp-json\/wp\/v2\/posts\/30876933","targetHints":{"allow":["GET"]}}],"collection":[{"href":"https:\/\/www.upo.es\/diario\/wp-json\/wp\/v2\/posts"}],"about":[{"href":"https:\/\/www.upo.es\/diario\/wp-json\/wp\/v2\/types\/post"}],"author":[{"embeddable":true,"href":"https:\/\/www.upo.es\/diario\/wp-json\/wp\/v2\/users\/6"}],"replies":[{"embeddable":true,"href":"https:\/\/www.upo.es\/diario\/wp-json\/wp\/v2\/comments?post=30876933"}],"version-history":[{"count":2,"href":"https:\/\/www.upo.es\/diario\/wp-json\/wp\/v2\/posts\/30876933\/revisions"}],"predecessor-version":[{"id":30876941,"href":"https:\/\/www.upo.es\/diario\/wp-json\/wp\/v2\/posts\/30876933\/revisions\/30876941"}],"wp:featuredmedia":[{"embeddable":true,"href":"https:\/\/www.upo.es\/diario\/wp-json\/wp\/v2\/media\/30876935"}],"wp:attachment":[{"href":"https:\/\/www.upo.es\/diario\/wp-json\/wp\/v2\/media?parent=30876933"}],"wp:term":[{"taxonomy":"category","embeddable":true,"href":"https:\/\/www.upo.es\/diario\/wp-json\/wp\/v2\/categories?post=30876933"},{"taxonomy":"post_tag","embeddable":true,"href":"https:\/\/www.upo.es\/diario\/wp-json\/wp\/v2\/tags?post=30876933"}],"curies":[{"name":"wp","href":"https:\/\/api.w.org\/{rel}","templated":true}]}}