{"id":30876949,"date":"2023-02-06T13:11:06","date_gmt":"2023-02-06T12:11:06","guid":{"rendered":"https:\/\/www.upo.es\/diario\/?p=30876949"},"modified":"2023-02-09T14:52:38","modified_gmt":"2023-02-09T13:52:38","slug":"el-rector-inaugura-puntolavide-la-oficina-de-atencion-integral-a-estudiantes-de-la-upo","status":"publish","type":"post","link":"https:\/\/www.upo.es\/diario\/comunidad\/2023\/02\/el-rector-inaugura-puntolavide-la-oficina-de-atencion-integral-a-estudiantes-de-la-upo\/","title":{"rendered":"El rector inaugura PuntOlavide, la Oficina de Atenci\u00f3n Integral a Estudiantes de la UPO"},"content":{"rendered":"<figure id=\"attachment_30876950\" aria-describedby=\"caption-attachment-30876950\" style=\"width: 750px\" class=\"wp-caption aligncenter\"><a href=\"https:\/\/www.upo.es\/diario\/wp-content\/uploads\/2023\/02\/Puntolavide-scaled.jpg\"><img loading=\"lazy\" decoding=\"async\" class=\"size-large wp-image-30876950\" src=\"https:\/\/www.upo.es\/diario\/wp-content\/uploads\/2023\/02\/Puntolavide-750x500.jpg\" alt=\"\" width=\"750\" height=\"500\" srcset=\"https:\/\/www.upo.es\/diario\/wp-content\/uploads\/2023\/02\/Puntolavide-750x500.jpg 750w, https:\/\/www.upo.es\/diario\/wp-content\/uploads\/2023\/02\/Puntolavide-385x257.jpg 385w, https:\/\/www.upo.es\/diario\/wp-content\/uploads\/2023\/02\/Puntolavide-768x512.jpg 768w, https:\/\/www.upo.es\/diario\/wp-content\/uploads\/2023\/02\/Puntolavide-1536x1024.jpg 1536w, https:\/\/www.upo.es\/diario\/wp-content\/uploads\/2023\/02\/Puntolavide-2048x1365.jpg 2048w\" sizes=\"auto, (max-width: 750px) 100vw, 750px\" \/><\/a><figcaption id=\"caption-attachment-30876950\" class=\"wp-caption-text\">El rector y la vicerrectora de Estudiantes con miembros de CEUPO<\/figcaption><\/figure>\n<p>El rector de la Universidad Pablo de Olavide, <strong>Francisco Oliva Bl\u00e1zquez<\/strong>, ha inaugurado <strong>\u2018PuntOlavide\u2019, la Oficina de Atenci\u00f3n Integral a Estudiantes de la UPO<\/strong>, una iniciativa del <strong>Vicerrectorado de Estudiantes<\/strong> mediante la que se ha puesto en marcha una ventana \u00fanica para la <strong>atenci\u00f3n de la comunidad universitaria y que esta pueda resolver sus dudas o problemas y acceder a cualquier tipo de informaci\u00f3n.<\/strong><\/p>\n<p>Junto con la vicerrectora de Estudiantes, <strong>Mari\u00e1n Mor\u00f3n Mart\u00edn<\/strong>, al acto tambi\u00e9n han asistido el vicerrector de Transformaci\u00f3n Digital, <strong>Ra\u00fal Gir\u00e1ldez Rojo<\/strong>; y el vicerrector de Campus Saludable y Deporte, <strong>Antonio Fern\u00e1ndez Mart\u00ednez<\/strong>, entre otras autoridades universitarias.<\/p>\n<p>El rector ha mostrado su satisfacci\u00f3n por la puesta en marcha de \u2018PuntOlavide\u2019 porque \u201choy se ha hecho realidad un proyecto que ten\u00edamos desde el principio\u201d. As\u00ed, ha recordado que \u201cla raz\u00f3n de ser de una universidad es su estudiantado\u201d y este nuevo recurso tiene como misi\u00f3n \u201ccentralizar la atenci\u00f3n y mejorar los canales de informaci\u00f3n, lo que supone un importante avance en este sentido\u201d.<\/p>\n<p>Adem\u00e1s, ha recordado la implementaci\u00f3n del <strong>asistente virtual<\/strong> en la web de la universidad y <strong>\u2018EncuentrOlavide\u2019<\/strong> como servicio de atenci\u00f3n y formaci\u00f3n en salud mental y emocional para el estudiantado, as\u00ed como la <strong>Mesa de di\u00e1logo y cogobernanza<\/strong>. \u201cIntentamos hacer cosas nuevas con paso firme, iniciativas que sepamos que van a funcionar para que el alumnado se dedique a estudiar y a disfrutar de la vida universitaria\u201d, ha destacado.<\/p>\n<p>Por su parte, Mari\u00e1n Mor\u00f3n ha agradecido por su trabajo a todas las \u00c1reas implicadas en la puesta en funcionamiento de este recurso para el estudiantado. \u201cEl objetivo principal de \u2018PuntOlavide\u2019 es reforzar la atenci\u00f3n al estudiantado, por ello, su imagen es una diana donde el o la estudiante est\u00e1 en el centro y nuestra prioridad es que tenga contacto directo con quienes hacemos la UPO\u201d, ha se\u00f1alado. Asimismo, ha destacado que, a partir de este momento, se desplegar\u00e1 una serie de proyectos como un plan integral de becas, la ventana digital de la PuntOlavide y un plan de comunicaci\u00f3n interna y externa para optimizar la atenci\u00f3n.<\/p>\n<h3><strong>Atenci\u00f3n prioritariamente presencial en PuntOlavide<\/strong><\/h3>\n<p>C\u00f3mo hacer un cambio de grupo o solicitar pr\u00e1cticas. D\u00f3nde conseguir informaci\u00f3n sobre asociacionismo o voluntariado en la UPO. C\u00f3mo solicitar un certificado acad\u00e9mico o el reconocimiento de asignaturas por movilidad. Son numerosas las cuestiones que se puede plantear el estudiantado de la UPO y \u2018PuntOlavide\u2019 pretender ser un referente en la prestaci\u00f3n de servicios de calidad a la comunidad universitaria, en especial, al colectivo de estudiantes. Para ello, esta Oficina de Atenci\u00f3n Integral tiene como objetivo la ayuda y resoluci\u00f3n de los diversos problemas que pueden afectar a un o una alumna durante su estancia en este campus, as\u00ed como ofrecer informaci\u00f3n, guiar y resolver dudas a futuros estudiantes que tengan inter\u00e9s en esta universidad.<\/p>\n<p>Adem\u00e1s de los y las estudiantes de Grado, la Universidad Pablo de Olavide cuenta con alumnado de postgrado del CEDEP, de doctorado de la EDUPO, del aula de Formaci\u00f3n Permanente y estudiantes internacionales que, desde ahora, cuentan con un recurso preferente de atenci\u00f3n a sus necesidades.<\/p>\n<p><strong>El horario de atenci\u00f3n de PuntOlavide es de lunes a viernes de 9:00 a 14:00 horas<\/strong> <strong>en la primera planta del edificio Celestino Mutis -n\u00famero 18-<\/strong>, mediante cita previa de manera general, que se puede solicitar en <a href=\"https:\/\/ciges.upo.es\/\">https:\/\/ciges.upo.es\/<\/a><\/p>\n<p>Las consultas que no puedan ser resueltas en la oficina, se consultar\u00e1n o derivar\u00e1n al Centro, Departamento, \u00c1rea, Unidad o Servicio competente.<\/p>\n<ul>\n<li>Canal de entrada virtual: <a href=\"https:\/\/www.upo.es\/asistencia-estudiante\/puntolavide\">https:\/\/www.upo.es\/asistencia-estudiante\/puntolavide<\/a><\/li>\n<\/ul>\n","protected":false},"excerpt":{"rendered":"<p>El rector de la Universidad Pablo de Olavide, Francisco Oliva Bl\u00e1zquez, ha inaugurado \u2018PuntOlavide\u2019, la Oficina de Atenci\u00f3n Integral a Estudiantes de la UPO, una iniciativa del Vicerrectorado de Estudiantes mediante la que se ha puesto en marcha una ventana \u00fanica para la atenci\u00f3n de la comunidad universitaria y que esta pueda resolver sus dudas o problemas y acceder a cualquier tipo de informaci\u00f3n. <\/p>\n","protected":false},"author":14,"featured_media":30876950,"comment_status":"closed","ping_status":"open","sticky":false,"template":"","format":"standard","meta":{"_monsterinsights_skip_tracking":false,"_monsterinsights_sitenote_active":false,"_monsterinsights_sitenote_note":"","_monsterinsights_sitenote_category":0,"footnotes":""},"categories":[5842],"tags":[2702,8215,21,6657,8214,38,2114],"class_list":["post-30876949","post","type-post","status-publish","format-standard","has-post-thumbnail","hentry","category-comunidad","tag-alumnado","tag-atencion-integral","tag-estudiantes","tag-informacion","tag-puntolavide","tag-rector","tag-vicerrectorado-de-estudiantes"],"_links":{"self":[{"href":"https:\/\/www.upo.es\/diario\/wp-json\/wp\/v2\/posts\/30876949","targetHints":{"allow":["GET"]}}],"collection":[{"href":"https:\/\/www.upo.es\/diario\/wp-json\/wp\/v2\/posts"}],"about":[{"href":"https:\/\/www.upo.es\/diario\/wp-json\/wp\/v2\/types\/post"}],"author":[{"embeddable":true,"href":"https:\/\/www.upo.es\/diario\/wp-json\/wp\/v2\/users\/14"}],"replies":[{"embeddable":true,"href":"https:\/\/www.upo.es\/diario\/wp-json\/wp\/v2\/comments?post=30876949"}],"version-history":[{"count":6,"href":"https:\/\/www.upo.es\/diario\/wp-json\/wp\/v2\/posts\/30876949\/revisions"}],"predecessor-version":[{"id":30876960,"href":"https:\/\/www.upo.es\/diario\/wp-json\/wp\/v2\/posts\/30876949\/revisions\/30876960"}],"wp:featuredmedia":[{"embeddable":true,"href":"https:\/\/www.upo.es\/diario\/wp-json\/wp\/v2\/media\/30876950"}],"wp:attachment":[{"href":"https:\/\/www.upo.es\/diario\/wp-json\/wp\/v2\/media?parent=30876949"}],"wp:term":[{"taxonomy":"category","embeddable":true,"href":"https:\/\/www.upo.es\/diario\/wp-json\/wp\/v2\/categories?post=30876949"},{"taxonomy":"post_tag","embeddable":true,"href":"https:\/\/www.upo.es\/diario\/wp-json\/wp\/v2\/tags?post=30876949"}],"curies":[{"name":"wp","href":"https:\/\/api.w.org\/{rel}","templated":true}]}}