{"id":30876983,"date":"2023-02-08T10:59:40","date_gmt":"2023-02-08T09:59:40","guid":{"rendered":"https:\/\/www.upo.es\/diario\/?p=30876983"},"modified":"2023-02-10T10:52:39","modified_gmt":"2023-02-10T09:52:39","slug":"el-coro-y-ensamble-de-la-upo-ofrecen-este-jueves-en-dos-hermanas-un-recorrido-musical-por-la-vida-de-antonio-de-nebrija","status":"publish","type":"post","link":"https:\/\/www.upo.es\/diario\/cultura\/2023\/02\/el-coro-y-ensamble-de-la-upo-ofrecen-este-jueves-en-dos-hermanas-un-recorrido-musical-por-la-vida-de-antonio-de-nebrija\/","title":{"rendered":"El Coro y Ensamble de la UPO ofrecen este jueves en Dos Hermanas un recorrido musical por la vida de Antonio de Nebrija"},"content":{"rendered":"<figure id=\"attachment_30876984\" aria-describedby=\"caption-attachment-30876984\" style=\"width: 750px\" class=\"wp-caption aligncenter\"><img loading=\"lazy\" decoding=\"async\" class=\"size-large wp-image-30876984\" src=\"https:\/\/www.upo.es\/diario\/wp-content\/uploads\/2023\/02\/CORO_NEBRIJA-750x268.jpg\" alt=\"Coro y Ensamble de la UPO\" width=\"750\" height=\"268\" srcset=\"https:\/\/www.upo.es\/diario\/wp-content\/uploads\/2023\/02\/CORO_NEBRIJA-750x268.jpg 750w, https:\/\/www.upo.es\/diario\/wp-content\/uploads\/2023\/02\/CORO_NEBRIJA-385x138.jpg 385w, https:\/\/www.upo.es\/diario\/wp-content\/uploads\/2023\/02\/CORO_NEBRIJA-768x275.jpg 768w, https:\/\/www.upo.es\/diario\/wp-content\/uploads\/2023\/02\/CORO_NEBRIJA-1536x549.jpg 1536w, https:\/\/www.upo.es\/diario\/wp-content\/uploads\/2023\/02\/CORO_NEBRIJA-1320x472.jpg 1320w, https:\/\/www.upo.es\/diario\/wp-content\/uploads\/2023\/02\/CORO_NEBRIJA.jpg 2048w\" sizes=\"auto, (max-width: 750px) 100vw, 750px\" \/><figcaption id=\"caption-attachment-30876984\" class=\"wp-caption-text\">Coro y Ensamble de la UPO<\/figcaption><\/figure>\n<p>El Coro y Ensamble instrumental de la Universidad Pablo de Olavide ofrecen este <u>jueves 9 de febrero, a las 20 horas en el Teatro Municipal Juan Rodr\u00edguez Romero de Dos Hermanas<\/u>, el programa <strong>\u2018M\u00fasica en la \u00e9poca de Antonio de Nebrija\u2019<\/strong>, una producci\u00f3n de la Universidad Pablo de Olavide con motivo del V Centenario de la muerte del humanista (1522-2022), y en el marco de los actos por el 25 aniversario de la instituci\u00f3n acad\u00e9mica. La <strong>asistencia es gratuita, con invitaci\u00f3n previa disponible en la web<\/strong> <a href=\"https:\/\/www.giglon.com\/todos?idEvent=musica-en-la-epoca-de-antonio-de-nebrija\">www.giglon.com<\/a> .<\/p>\n<p><a href=\"https:\/\/www.upo.es\/diario\/wp-content\/uploads\/2023\/02\/Cartel-Musica-Nebrija-DOS-HERMANAS_20230209.png\"><img loading=\"lazy\" decoding=\"async\" class=\" wp-image-30876985 alignleft\" src=\"https:\/\/www.upo.es\/diario\/wp-content\/uploads\/2023\/02\/Cartel-Musica-Nebrija-DOS-HERMANAS_20230209-221x385.png\" alt=\"Concierto 'M\u00fasicas de Antonio de Nebrija'\" width=\"287\" height=\"500\" srcset=\"https:\/\/www.upo.es\/diario\/wp-content\/uploads\/2023\/02\/Cartel-Musica-Nebrija-DOS-HERMANAS_20230209-221x385.png 221w, https:\/\/www.upo.es\/diario\/wp-content\/uploads\/2023\/02\/Cartel-Musica-Nebrija-DOS-HERMANAS_20230209-431x750.png 431w, https:\/\/www.upo.es\/diario\/wp-content\/uploads\/2023\/02\/Cartel-Musica-Nebrija-DOS-HERMANAS_20230209-768x1337.png 768w, https:\/\/www.upo.es\/diario\/wp-content\/uploads\/2023\/02\/Cartel-Musica-Nebrija-DOS-HERMANAS_20230209-882x1536.png 882w, https:\/\/www.upo.es\/diario\/wp-content\/uploads\/2023\/02\/Cartel-Musica-Nebrija-DOS-HERMANAS_20230209-1176x2048.png 1176w, https:\/\/www.upo.es\/diario\/wp-content\/uploads\/2023\/02\/Cartel-Musica-Nebrija-DOS-HERMANAS_20230209.png 1764w\" sizes=\"auto, (max-width: 287px) 100vw, 287px\" \/><\/a>Seg\u00fan el director musical del Coro, Jorge Rodr\u00edguez Morata, y el director art\u00edstico, Miguel Rodr\u00edguez Rodr\u00edguez, el programa que se ofrecer\u00e1 supone una \u201crecreaci\u00f3n sonora de toda una vida dedicada de manera apasionada al saber, la investigaci\u00f3n, la comunicaci\u00f3n y la ciencia\u201d. As\u00ed, explican que se han centrado en las etapas determinantes en su vida, tratando a la vez de que el p\u00fablico disfrute de una propuesta musical con autores e instrumentos de la \u00e9poca y unas interpretaciones historicistas.<\/p>\n<p>El Coro de la UPO fue fundado en 2008 y su trabajo se enmarca en el Programa Artes y Formaci\u00f3n, con el prop\u00f3sito de contar con un espacio para la formaci\u00f3n y la divulgaci\u00f3n del repertorio coral en la Universidad. En esta ocasi\u00f3n, el Coro estar\u00e1 acompa\u00f1ado por un Ensamble en el que participan m\u00fasicos de reconocido prestigio, entre los que destaca el maestro Aziz Samsaoui, y la presencia de la soprano Roc\u00edo de Frutos.<\/p>\n<h3><strong>Programa<\/strong><\/h3>\n<p><strong>\u2018M\u00fasica en la \u00e9poca de Antonio de Nebrija\u2019<\/strong> est\u00e1 compuesto por grandes autores contempor\u00e1neos de Nebrija adem\u00e1s de otros que se han incorporado que, siendo algo posteriores, se identifican claramente con la zona geogr\u00e1fica o el momento hist\u00f3rico de la vida del humanista.<\/p>\n<p><strong>1444 \u2013 Nace Antonio de Nebrija<\/strong><\/p>\n<p><em>A la una yo nac\u00ed<\/em>. An\u00f3nimo<br \/>\n<em>Propi\u00f1an de Melyor<\/em>. An\u00f3nimo<\/p>\n<p><strong>1458 \u2013 Bachillerato en Salamanca<\/strong><\/p>\n<p><em>Con amores la mi Madre<\/em>. Juan de Anchieta. (1462-1523)<br \/>\n<em>Ave virgo Sanctissima<\/em>. Ant\u00edfona mariana. Francisco de Guerrero. (1528-1599)<\/p>\n<p><strong>1465 \u2013 Estancia en Bolonia<\/strong><\/p>\n<p><em>Passacalle<\/em>. A. Falconieri (1586 \u2013 1656)<br \/>\n<em>Dolce Amoroso foco<\/em>. Franciscus Bossinensis (1509 \u2013 1511)<\/p>\n<p><strong>1475 \u2013 Profesor en Salamanca \/ 1478 \u2013 Matrimonio con Isabel de Sol\u00eds<\/strong><\/p>\n<p><em>Amor con fortuna<\/em>. J. del Encina (1468-1529)<br \/>\n<em>Una sa\u00f1osa porf\u00eda<\/em>. J. del Encina. Madrid, Biblioteca Real, MS II \u2013 1335<\/p>\n<p><strong>1487 \u2013 En Extremadura con Juan de Z\u00fa\u00f1iga<\/strong><\/p>\n<p><em>Lindos ojos aveys, se\u00f1ora<\/em>. J. V\u00e1squez (1500 \u2013 1563)<br \/>\n<em>Si me llaman, a m\u00ed llaman<\/em>.\u00a0 J. V\u00e1squez<\/p>\n<p><strong>1492 \u2013 La Gram\u00e1tica<\/strong><\/p>\n<p><em>La Spagna.<\/em> Danza Alta<br \/>\n<em>Levanta Pascual<\/em>. J. del Encina. Madrid, Biblioteca Real, MS II \u2013 1335<\/p>\n<p><strong>1505 \u2013 C\u00e1tedra en Salamanca \/ 1509 \u2013 Historiagrophus Regius<\/strong><\/p>\n<p><em>El que rige y el regido<\/em>. J. del Encina<br \/>\n<em>Viva el Gran Rey don Fernando<\/em>. Carlo Verardi (c. 1440 \u2013 c. 1500)<\/p>\n<p><strong>1513 \u2013 Alcal\u00e1 de Henares<\/strong><\/p>\n<p><em>Por las sierras de Madrid<\/em>. Pe\u00f1alosa (1470 \u2013 1528)<br \/>\n<em>Virgen Bendita sin par<\/em>. Pedro de Escobar (1465 \u2013 1535)<\/p>\n<p><strong>1522 \u2013 Muere Elio Antonio de Nebrija<\/strong><\/p>\n<p><em>Nunca fue pena Mayor<\/em>. Juan de Urrede (1430 \u2013 1482)<br \/>\n<em>Absolve Domine.<\/em> Juan V\u00e1squez (1500 \u2013 1563)<\/p>\n<p>&nbsp;<\/p>\n<p>&nbsp;<\/p>\n<p>&nbsp;<\/p>\n","protected":false},"excerpt":{"rendered":"<p>El Coro y Ensamble instrumental de la Universidad Pablo de Olavide ofrecen este jueves 9 de febrero, a las 20 horas en el Teatro Municipal Juan Rodr\u00edguez Romero de Dos Hermanas, el programa \u2018M\u00fasica en la \u00e9poca de Antonio de Nebrija\u2019, una producci\u00f3n de la Universidad Pablo de Olavide con motivo del V Centenario de la muerte del humanista (1522-2022), y en el marco de los actos por el 25 aniversario de la instituci\u00f3n acad\u00e9mica. La asistencia es gratuita, con invitaci\u00f3n previa disponible en la web www.giglon.com .<\/p>\n","protected":false},"author":6,"featured_media":30876984,"comment_status":"closed","ping_status":"open","sticky":false,"template":"","format":"standard","meta":{"_monsterinsights_skip_tracking":false,"_monsterinsights_sitenote_active":false,"_monsterinsights_sitenote_note":"","_monsterinsights_sitenote_category":0,"footnotes":""},"categories":[5843,7],"tags":[568,4542,8066,403,71,7639,7194],"class_list":["post-30876983","post","type-post","status-publish","format-standard","has-post-thumbnail","hentry","category-cultura-social","category-cultura","tag-aniversario","tag-ayuntamiento-de-dos-hermanas","tag-centenario","tag-concierto","tag-coro","tag-elio-antonio-de-nebrija","tag-vicerrectorado-de-cultura-y-politicas-sociales"],"_links":{"self":[{"href":"https:\/\/www.upo.es\/diario\/wp-json\/wp\/v2\/posts\/30876983","targetHints":{"allow":["GET"]}}],"collection":[{"href":"https:\/\/www.upo.es\/diario\/wp-json\/wp\/v2\/posts"}],"about":[{"href":"https:\/\/www.upo.es\/diario\/wp-json\/wp\/v2\/types\/post"}],"author":[{"embeddable":true,"href":"https:\/\/www.upo.es\/diario\/wp-json\/wp\/v2\/users\/6"}],"replies":[{"embeddable":true,"href":"https:\/\/www.upo.es\/diario\/wp-json\/wp\/v2\/comments?post=30876983"}],"version-history":[{"count":6,"href":"https:\/\/www.upo.es\/diario\/wp-json\/wp\/v2\/posts\/30876983\/revisions"}],"predecessor-version":[{"id":30877023,"href":"https:\/\/www.upo.es\/diario\/wp-json\/wp\/v2\/posts\/30876983\/revisions\/30877023"}],"wp:featuredmedia":[{"embeddable":true,"href":"https:\/\/www.upo.es\/diario\/wp-json\/wp\/v2\/media\/30876984"}],"wp:attachment":[{"href":"https:\/\/www.upo.es\/diario\/wp-json\/wp\/v2\/media?parent=30876983"}],"wp:term":[{"taxonomy":"category","embeddable":true,"href":"https:\/\/www.upo.es\/diario\/wp-json\/wp\/v2\/categories?post=30876983"},{"taxonomy":"post_tag","embeddable":true,"href":"https:\/\/www.upo.es\/diario\/wp-json\/wp\/v2\/tags?post=30876983"}],"curies":[{"name":"wp","href":"https:\/\/api.w.org\/{rel}","templated":true}]}}