{"id":30877014,"date":"2023-02-09T14:51:57","date_gmt":"2023-02-09T13:51:57","guid":{"rendered":"https:\/\/www.upo.es\/diario\/?p=30877014"},"modified":"2023-02-13T11:40:10","modified_gmt":"2023-02-13T10:40:10","slug":"el-profesor-victor-moreno-catena-doctor-honoris-causa-por-la-universidad-pablo-de-olavide","status":"publish","type":"post","link":"https:\/\/www.upo.es\/diario\/comunidad\/2023\/02\/el-profesor-victor-moreno-catena-doctor-honoris-causa-por-la-universidad-pablo-de-olavide\/","title":{"rendered":"El profesor V\u00edctor Moreno Catena, Doctor Honoris Causa por la Universidad Pablo de Olavide"},"content":{"rendered":"<p><iframe loading=\"lazy\" title=\"YouTube video player\" src=\"https:\/\/www.youtube.com\/embed\/hCGNM0xIe70\" width=\"560\" height=\"315\" frameborder=\"0\" allowfullscreen=\"allowfullscreen\"><\/iframe><\/p>\n<p>El profesor <strong>V\u00edctor Moreno Catena<\/strong> ha sido investido Doctor Honoris Causa por la Universidad Pablo de Olavide en un acto que ha presidido el rector, <strong>Francisco Oliva Bl\u00e1zquez<\/strong>, y que ha tenido lugar en el Paraninfo del campus. El Consejo de Gobierno de la Universidad Pablo de Olavide acord\u00f3 conceder el Doctorado Honoris Causa a V\u00edctor Moreno Catena <strong>a propuesta del Departamento de Derecho P\u00fablico, como reconocimiento a su trayectoria cient\u00edfica, profesional y personal<\/strong>, y ha sido el profesor de este Departamento <strong>Vicente Guzm\u00e1n Fluja<\/strong> quien ha pronunciado la Laudatio.<\/p>\n<figure id=\"attachment_30877015\" aria-describedby=\"caption-attachment-30877015\" style=\"width: 385px\" class=\"wp-caption alignright\"><a href=\"https:\/\/www.upo.es\/diario\/wp-content\/uploads\/2023\/02\/imagen1_Honoris-scaled.jpg\"><img loading=\"lazy\" decoding=\"async\" class=\"size-medium wp-image-30877015\" src=\"https:\/\/www.upo.es\/diario\/wp-content\/uploads\/2023\/02\/imagen1_Honoris-385x255.jpg\" alt=\"\" width=\"385\" height=\"255\" srcset=\"https:\/\/www.upo.es\/diario\/wp-content\/uploads\/2023\/02\/imagen1_Honoris-385x255.jpg 385w, https:\/\/www.upo.es\/diario\/wp-content\/uploads\/2023\/02\/imagen1_Honoris-750x497.jpg 750w, https:\/\/www.upo.es\/diario\/wp-content\/uploads\/2023\/02\/imagen1_Honoris-768x509.jpg 768w, https:\/\/www.upo.es\/diario\/wp-content\/uploads\/2023\/02\/imagen1_Honoris-1536x1018.jpg 1536w, https:\/\/www.upo.es\/diario\/wp-content\/uploads\/2023\/02\/imagen1_Honoris-2048x1357.jpg 2048w, https:\/\/www.upo.es\/diario\/wp-content\/uploads\/2023\/02\/imagen1_Honoris-165x109.jpg 165w, https:\/\/www.upo.es\/diario\/wp-content\/uploads\/2023\/02\/imagen1_Honoris-1320x875.jpg 1320w\" sizes=\"auto, (max-width: 385px) 100vw, 385px\" \/><\/a><figcaption id=\"caption-attachment-30877015\" class=\"wp-caption-text\">V\u00edctor Moreno Catena y Francisco Oliva Bl\u00e1zquez<\/figcaption><\/figure>\n<p>En la mesa presidencial, han acompa\u00f1ado al rector la presidenta del Consejo Social de la UPO, <strong>Roc\u00edo Reinoso Cuevas<\/strong>; el vicerrector de Internacionalizaci\u00f3n, <strong>David Naranjo Gil<\/strong>; la vicerrectora de profesorado, <strong>Mar\u00eda de la Menta Ballesteros Mart\u00edn<\/strong>; y el vicesecretario general, <strong>Francisco Toscano Gil<\/strong>.<\/p>\n<p>En su intervenci\u00f3n, el rector ha recordado que este acto estaba previsto para marzo de 2020, justo unos d\u00edas antes de que se decretase el Estado de Alarma a causa de la pandemia por Covid-19, pero se ha congratulado de que \u201choy podemos celebrar como se merece la investidura del profesor V\u00edctor Moreno Catena como Doctor Honoris Causa de la Universidad Pablo de Olavide\u201d.<\/p>\n<p>Francisco Oliva se ha referido a Moreno Catena como \u201cmucho m\u00e1s que un referente acad\u00e9mico indiscutible de una concreta disciplina jur\u00eddica. Yo dir\u00eda que es el ejemplo del gran jurista, de una formaci\u00f3n humanista, social y global que va mucho m\u00e1s all\u00e1 del conocimiento del mero dato t\u00e9cnico\u201d. Y ha subrayado que <strong>\u201cpertenece a una generaci\u00f3n de juristas irrepetibles que se formaron y crecieron al amparo del \u2018alma mater hispalense\u2019 y que jugaron un papel fundamental en la construcci\u00f3n y consolidaci\u00f3n del nuevo Estado Social y Democr\u00e1tico de Derecho que naci\u00f3 con la Constituci\u00f3n Espa\u00f1ola de 1978\u201d<\/strong>.<\/p>\n<figure id=\"attachment_30877016\" aria-describedby=\"caption-attachment-30877016\" style=\"width: 385px\" class=\"wp-caption alignleft\"><a href=\"https:\/\/www.upo.es\/diario\/wp-content\/uploads\/2023\/02\/imagen3_Honoris.jpg\"><img loading=\"lazy\" decoding=\"async\" class=\"size-medium wp-image-30877016\" src=\"https:\/\/www.upo.es\/diario\/wp-content\/uploads\/2023\/02\/imagen3_Honoris-385x257.jpg\" alt=\"\" width=\"385\" height=\"257\" srcset=\"https:\/\/www.upo.es\/diario\/wp-content\/uploads\/2023\/02\/imagen3_Honoris-385x257.jpg 385w, https:\/\/www.upo.es\/diario\/wp-content\/uploads\/2023\/02\/imagen3_Honoris-750x500.jpg 750w, https:\/\/www.upo.es\/diario\/wp-content\/uploads\/2023\/02\/imagen3_Honoris-768x512.jpg 768w, https:\/\/www.upo.es\/diario\/wp-content\/uploads\/2023\/02\/imagen3_Honoris-165x109.jpg 165w, https:\/\/www.upo.es\/diario\/wp-content\/uploads\/2023\/02\/imagen3_Honoris.jpg 1024w\" sizes=\"auto, (max-width: 385px) 100vw, 385px\" \/><\/a><figcaption id=\"caption-attachment-30877016\" class=\"wp-caption-text\">El rector en la investidura del Doctor Honoris Causa<\/figcaption><\/figure>\n<p>Por otra parte, ha destacado de su trayectoria su preocupaci\u00f3n \u201cpor la formaci\u00f3n de futuros juristas a lo largo de su prol\u00edfica vida acad\u00e9mica\u201d y \u201cla enorme aportaci\u00f3n que el Doctor Moreno Catena ha realizado a la universidad espa\u00f1ola a trav\u00e9s de sus numerosos manuales, as\u00ed como de las colecciones de legislaci\u00f3n\u201d. Asimismo, se ha referido a su vinculaci\u00f3n profesional con Am\u00e9rica Latina: \u201cPara nosotros, que portamos orgullosos el nombre de un ilustrado peruano, es todo un s\u00edmbolo que nuestro nuevo Doctor Honoris Causa haya trabajado tanto y realizado aportaciones tan relevantes para estos pa\u00edses hermanos. As\u00ed, la incorporaci\u00f3n del profesor Moreno Catena a nuestro Claustro de Doctores no hace m\u00e1s que reforzar y fortalecer nuestro esp\u00edritu americanista\u201d, ha se\u00f1alado.<\/p>\n<h3><strong>Sobre desigualdad y desarrollo tecnol\u00f3gico<\/strong><\/h3>\n<p>En su lecci\u00f3n magistral, el profesor V\u00edctor Moreno Catena ha expresado su gratitud al Departamento de Derecho P\u00fablico y al Consejo de Gobierno de la Universidad Pablo de Olavide por su reconocimiento. Asimismo, ha transmitido su \u201corgullo y emoci\u00f3n por encontrarnos en unas instalaciones que, 40 a\u00f1os despu\u00e9s de su construcci\u00f3n, mi compa\u00f1era de estudios, la siempre recordada y querida <strong>Rosario Valpuesta<\/strong>, convirti\u00f3 en una pujante universidad p\u00fablica y que terminaron de consolidar los rectores que le sucedieron\u201d.<\/p>\n<p>Sobre su trayectoria como profesor universitario de m\u00e1s de 47 a\u00f1os, ha asegurado haber \u201cdisfrutado cada d\u00eda en todo este tiempo y creo que he podido contribuir a formar excelentes profesionales\u201d. Por otra parte, se ha referido a su participaci\u00f3n \u201cdesde primera l\u00ednea, en un modo de entender el proceso y sus normas en clave rupturista, alejada de tiempos anteriores. <strong>La revoluci\u00f3n que supuso el texto constitucional exig\u00eda dar un paso acad\u00e9mico complicado<\/strong>\u201d, ha se\u00f1alado, al tiempo que ha destacado su trabajo en la elaboraci\u00f3n de un libro de Derecho Procesal \u201cdesde una nueva \u00f3ptica, con especial \u00e9nfasis en las garant\u00edas, en los derechos que el proceso y los tribunales deben proteger\u201d.<\/p>\n<figure id=\"attachment_30877017\" aria-describedby=\"caption-attachment-30877017\" style=\"width: 385px\" class=\"wp-caption alignright\"><a href=\"https:\/\/www.upo.es\/diario\/wp-content\/uploads\/2023\/02\/imagen2_Honoris.jpg\"><img loading=\"lazy\" decoding=\"async\" class=\"size-medium wp-image-30877017\" src=\"https:\/\/www.upo.es\/diario\/wp-content\/uploads\/2023\/02\/imagen2_Honoris-385x257.jpg\" alt=\"\" width=\"385\" height=\"257\" srcset=\"https:\/\/www.upo.es\/diario\/wp-content\/uploads\/2023\/02\/imagen2_Honoris-385x257.jpg 385w, https:\/\/www.upo.es\/diario\/wp-content\/uploads\/2023\/02\/imagen2_Honoris-750x500.jpg 750w, https:\/\/www.upo.es\/diario\/wp-content\/uploads\/2023\/02\/imagen2_Honoris-768x512.jpg 768w, https:\/\/www.upo.es\/diario\/wp-content\/uploads\/2023\/02\/imagen2_Honoris-165x109.jpg 165w, https:\/\/www.upo.es\/diario\/wp-content\/uploads\/2023\/02\/imagen2_Honoris.jpg 1024w\" sizes=\"auto, (max-width: 385px) 100vw, 385px\" \/><\/a><figcaption id=\"caption-attachment-30877017\" class=\"wp-caption-text\">Lecci\u00f3n Magistral del profesor Moreno Catena<\/figcaption><\/figure>\n<p>Por \u00faltimo, el profesor Moreno Catena ha reflexionado sobre la igualdad de las partes hoy en d\u00eda porque \u201ctanto en los litigios de derecho como en las causas penales, las desigualdades est\u00e1n a la orden del d\u00eda, que deben abordarse tambi\u00e9n desde el an\u00e1lisis de los modelos de juez y de proceso\u201d. Y ha reclamado \u201cla incorporaci\u00f3n de elementos tecnol\u00f3gicos que alivien el colapso de la organizaci\u00f3n judicial. Hay que pensar en otra justicia, sin miedo a reformular principios y normas\u201d, porque \u2013ha explicado- \u201cel sistema no soporta una litigiosidad masiva aunque se incrementen los recursos\u201d.<\/p>\n<p>Por su parte, el profesor Vicente Guzm\u00e1n Fluja, ha destacado en la <em>Laudatio<\/em> del nuevo Doctor Honoris Causa su \u201cimpecable trayectoria docente, que incluye diversos premios a la innovaci\u00f3n y la autor\u00eda de m\u00e1s de 250 publicaciones cient\u00edficas\u201d. <strong>\u201cSus investigaciones sentaron las bases para un entendimiento amplio, garantista, sacrosanto, de la salvaguarda de la presunci\u00f3n de inocencia\u201d<\/strong>, ha subrayado.<\/p>\n<p>Finalmente, Vicente Guzm\u00e1n ha recordado la contribuci\u00f3n de V\u00edctor Moreno Catena \u201cal crecimiento acad\u00e9mico, docente e investigador de nuestra Universidad. El \u00c1rea de Derecho Procesal se nutri\u00f3, desde el primer momento, con sus disc\u00edpulos, se comprometi\u00f3 con el dise\u00f1o de los planes de estudio en lo referido a las asignaturas de Derecho Procesal y fue impulsor de uno de los primeros programas de doctorado\u201d.<\/p>\n<h3><strong>Jurista decisivo para la aplicaci\u00f3n de la Constituci\u00f3n<\/strong><\/h3>\n<p>V\u00edctor Moreno Catena (Santa Marta, Badajoz, 1953) es catedr\u00e1tico de Derecho Procesal de la Universidad Carlos III de Madrid. A lo largo de su trayectoria acad\u00e9mica, ha contribuido decisivamente a la reinterpretaci\u00f3n del Derecho Procesal espa\u00f1ol a la luz de la Constituci\u00f3n de 1978. Asimismo, se le reconoce su contribuci\u00f3n a otros campos cient\u00edficos como las tareas desarrolladas en el \u00e1mbito de la colaboraci\u00f3n y asesor\u00eda internacional, el servicio p\u00fablico gubernamental, en la cooperaci\u00f3n para el desarrollo y en la transferencia de resultados a la sociedad.<\/p>\n<p>El profesor Moreno Catena es licenciado y doctor en Derecho por la Universidad de Sevilla. Entre otros cargos, ha sido Secretario General T\u00e9cnico y Subsecretario de Estado del Ministerio del Interior; as\u00ed como consultor internacional del Programa de Naciones Unidas para el Desarrollo (PNUD). Adem\u00e1s, es vocal permanente de la Comisi\u00f3n General de Codificaci\u00f3n de Espa\u00f1a y ha trabajado como experto para el Ministerio de Justicia y el Consejo de Europa. En la actualidad, dirige el Instituto Universitario Alonso Mart\u00ednez \u2018Justicia y Litigaci\u00f3n\u2019, es fundador y presidente de la Uni\u00f3n Espa\u00f1ola de Abogados Penalistas, vicepresidente de la Federaci\u00f3n Europea de Abogados Penalistas y pertenece al comit\u00e9 cient\u00edfico y al consejo editorial de prestigiosas revistas jur\u00eddicas.<\/p>\n<p>En la Universidad Pablo de Olavide, ha dirigido e impartido docencia en el programa de Doctorado \u2018Justicia y Derecho. Gobernabilidad y garant\u00edas\u2019 entre los a\u00f1os 1999 y 2003 y ha sido miembro de su Junta Consultiva.<\/p>\n<p><a title=\"V\u00edctor Moreno Catena, Doctor Honoris Causa por la UPO\" href=\"https:\/\/www.flickr.com\/photos\/pablodeolavide\/albums\/72177720305907882\" data-flickr-embed=\"true\" data-header=\"true\"><img loading=\"lazy\" decoding=\"async\" src=\"https:\/\/live.staticflickr.com\/65535\/52679644472_5b7e43a4db_z.jpg\" alt=\"V\u00edctor Moreno Catena, Doctor Honoris Causa por la UPO\" width=\"640\" height=\"480\" \/><\/a><script async src=\"\/\/embedr.flickr.com\/assets\/client-code.js\" charset=\"utf-8\"><\/script><\/p>\n","protected":false},"excerpt":{"rendered":"<p>El profesor V\u00edctor Moreno Catena ha sido investido Doctor Honoris Causa por la Universidad Pablo de Olavide en un acto que ha presidido el rector, Francisco Oliva Bl\u00e1zquez, y que ha tenido lugar en el Paraninfo del campus. El Consejo de Gobierno de la Universidad Pablo de Olavide acord\u00f3 conceder el Doctorado Honoris Causa a V\u00edctor Moreno Catena a propuesta del Departamento de Derecho P\u00fablico, como reconocimiento a su trayectoria cient\u00edfica, profesional y personal, y ha sido el profesor de este Departamento Vicente Guzm\u00e1n Fluja quien ha pronunciado la Laudatio.<\/p>\n","protected":false},"author":14,"featured_media":30877015,"comment_status":"closed","ping_status":"open","sticky":false,"template":"","format":"standard","meta":{"_monsterinsights_skip_tracking":false,"_monsterinsights_sitenote_active":false,"_monsterinsights_sitenote_note":"","_monsterinsights_sitenote_category":0,"footnotes":""},"categories":[5842],"tags":[3542,5060,4801,2017,1078,1302,3381,199,38,8223],"class_list":["post-30877014","post","type-post","status-publish","format-standard","has-post-thumbnail","hentry","category-comunidad","tag-academia","tag-constitucion-de-1978","tag-departamento-de-derecho-publico","tag-derecho-procesal","tag-doctor-honoris-causa","tag-investidura","tag-juristas","tag-profesorado","tag-rector","tag-victor-moreno-catena"],"_links":{"self":[{"href":"https:\/\/www.upo.es\/diario\/wp-json\/wp\/v2\/posts\/30877014","targetHints":{"allow":["GET"]}}],"collection":[{"href":"https:\/\/www.upo.es\/diario\/wp-json\/wp\/v2\/posts"}],"about":[{"href":"https:\/\/www.upo.es\/diario\/wp-json\/wp\/v2\/types\/post"}],"author":[{"embeddable":true,"href":"https:\/\/www.upo.es\/diario\/wp-json\/wp\/v2\/users\/14"}],"replies":[{"embeddable":true,"href":"https:\/\/www.upo.es\/diario\/wp-json\/wp\/v2\/comments?post=30877014"}],"version-history":[{"count":5,"href":"https:\/\/www.upo.es\/diario\/wp-json\/wp\/v2\/posts\/30877014\/revisions"}],"predecessor-version":[{"id":30877041,"href":"https:\/\/www.upo.es\/diario\/wp-json\/wp\/v2\/posts\/30877014\/revisions\/30877041"}],"wp:featuredmedia":[{"embeddable":true,"href":"https:\/\/www.upo.es\/diario\/wp-json\/wp\/v2\/media\/30877015"}],"wp:attachment":[{"href":"https:\/\/www.upo.es\/diario\/wp-json\/wp\/v2\/media?parent=30877014"}],"wp:term":[{"taxonomy":"category","embeddable":true,"href":"https:\/\/www.upo.es\/diario\/wp-json\/wp\/v2\/categories?post=30877014"},{"taxonomy":"post_tag","embeddable":true,"href":"https:\/\/www.upo.es\/diario\/wp-json\/wp\/v2\/tags?post=30877014"}],"curies":[{"name":"wp","href":"https:\/\/api.w.org\/{rel}","templated":true}]}}