{"id":30877034,"date":"2023-02-10T12:05:21","date_gmt":"2023-02-10T11:05:21","guid":{"rendered":"https:\/\/www.upo.es\/diario\/?p=30877034"},"modified":"2023-02-14T14:40:09","modified_gmt":"2023-02-14T13:40:09","slug":"un-estudiante-de-la-upo-en-la-representacion-espanola-para-la-iniciativa-consimium-de-la-ue","status":"publish","type":"post","link":"https:\/\/www.upo.es\/diario\/comunidad\/2023\/02\/un-estudiante-de-la-upo-en-la-representacion-espanola-para-la-iniciativa-consimium-de-la-ue\/","title":{"rendered":"Un estudiante de la UPO, en la representaci\u00f3n espa\u00f1ola para la iniciativa ConSIMium de la UE"},"content":{"rendered":"<figure id=\"attachment_30877045\" aria-describedby=\"caption-attachment-30877045\" style=\"width: 527px\" class=\"wp-caption aligncenter\"><a href=\"https:\/\/www.upo.es\/diario\/wp-content\/uploads\/2023\/02\/imagen1_Consimium.jpg\"><img loading=\"lazy\" decoding=\"async\" class=\"size-full wp-image-30877045\" src=\"https:\/\/www.upo.es\/diario\/wp-content\/uploads\/2023\/02\/imagen1_Consimium.jpg\" alt=\"\" width=\"527\" height=\"360\" srcset=\"https:\/\/www.upo.es\/diario\/wp-content\/uploads\/2023\/02\/imagen1_Consimium.jpg 527w, https:\/\/www.upo.es\/diario\/wp-content\/uploads\/2023\/02\/imagen1_Consimium-385x263.jpg 385w\" sizes=\"auto, (max-width: 527px) 100vw, 527px\" \/><\/a><figcaption id=\"caption-attachment-30877045\" class=\"wp-caption-text\">Jos\u00e9 P\u00e9rez Bellido, primero por la izquierda de la delegaci\u00f3n espa\u00f1ola<\/figcaption><\/figure>\n<p>El estudiante del Doble Grado en Relaciones Internacionales y Derecho de la Universidad Pablo de Olavide <strong>Jos\u00e9 P\u00e9rez Bellido<\/strong> ha participado en la iniciativa <strong>ConSIMium del Consejo de Europa<\/strong> en la que 27 equipos de los Estados miembros de la Uni\u00f3n Europea viven de primera mano las negociaciones de sus dirigentes y el proceso de toma de decisiones en Europa. <strong>El alumno de la UPO ha sido uno de los seis estudiantes seleccionado por Crue Universidades Espa\u00f1olas que ha participado en Bruselas en esta experiencia universitaria durante dos intensas jornadas.<\/strong><\/p>\n<p>Adem\u00e1s, de Jos\u00e9 P\u00e9rez Bellido, el equipo espa\u00f1ol estaba compuesto por <strong>Natalia Rodr\u00edguez Gal\u00e1n<\/strong>, de la Universidad de Alicante; <strong>Luc\u00eda Romero Jorge<\/strong>, de la Universidad de Alcal\u00e1; <strong>Miguel Roses Ariza<\/strong>, de la Complutense de Madrid; <strong>Marina Mart\u00ednez Marco<\/strong>, de la Universitat Ramon Llull; y <strong>Xoel Rodr\u00edguez Poy<\/strong>, de la de Santiago de Compostela, estudiantes que se encuentran en el ecuador de sus respectivos grados y tienen conocimientos de los asuntos europeos.<\/p>\n<p><a href=\"https:\/\/www.upo.es\/diario\/wp-content\/uploads\/2023\/02\/IMG_20230205_221257_783.webp\"><img loading=\"lazy\" decoding=\"async\" class=\"alignright size-medium wp-image-30877037\" src=\"https:\/\/www.upo.es\/diario\/wp-content\/uploads\/2023\/02\/IMG_20230205_221257_783-385x385.webp\" alt=\"\" width=\"385\" height=\"385\" srcset=\"https:\/\/www.upo.es\/diario\/wp-content\/uploads\/2023\/02\/IMG_20230205_221257_783-385x385.webp 385w, https:\/\/www.upo.es\/diario\/wp-content\/uploads\/2023\/02\/IMG_20230205_221257_783-150x150.webp 150w, https:\/\/www.upo.es\/diario\/wp-content\/uploads\/2023\/02\/IMG_20230205_221257_783.webp 576w\" sizes=\"auto, (max-width: 385px) 100vw, 385px\" \/><\/a>Este ejercicio de simulaci\u00f3n ten\u00eda como objetivo que los y las 162 participantes entendieran mejor el papel de los Estados miembro en la toma de decisiones en la UE; aprendieran m\u00e1s sobre el funcionamiento de las instituciones europeas y del Consejo en particular; desarrollaran un sentimiento de pertenencia a un proyecto europeo; adquirieran capacidades de trabajo en equipo y de negociaci\u00f3n; y conocieran las oportunidades profesionales que ofrecen las instituciones de la UE, as\u00ed como la carrera en la funci\u00f3n p\u00fablica.<\/p>\n<p>Entre las actividades que han tenido que desarrollar los distintos equipos, destaca la simulaci\u00f3n del Comit\u00e9 de Representantes Permanentes de los Gobiernos de los Estados miembros, un \u00f3rgano interno del Consejo de la Uni\u00f3n Europea con funciones pol\u00edticas y administrativas; la simulaci\u00f3n del Consejo de Asuntos Generales; o la simulaci\u00f3n del Consejo Europeo. Adem\u00e1s, uno de los estudiantes ha participado en una rueda de prensa oficial sobre el trabajo desarrollado en el Consejo y el de su delegaci\u00f3n, que en el caso de la espa\u00f1ola ha corrido a cargo de Natalia Rodr\u00edguez.<\/p>\n<p>Adem\u00e1s, el equipo espa\u00f1ol se reuni\u00f3 al final de la primera jornada con miembros de la Representaci\u00f3n Permanente de Espa\u00f1a ante la UE (REPER), entre ellos, el embajador representante permanente adjunto, Ra\u00fal Fuentes.<\/p>\n","protected":false},"excerpt":{"rendered":"<p>El estudiante del Doble Grado en Relaciones Internacionales y Derecho de la Universidad Pablo de Olavide Jos\u00e9 P\u00e9rez Bellido ha participado en la iniciativa ConSIMium del Consejo de Europa en la que 27 equipos de los Estados miembros de la Uni\u00f3n Europea viven de primera mano las negociaciones de sus dirigentes y el proceso de toma de decisiones en Europa. El alumno de la UPO ha sido uno de los seis estudiantes seleccionado por Crue Universidades Espa\u00f1olas que ha participado en Bruselas en esta experiencia universitaria durante dos intensas jornadas.<\/p>\n","protected":false},"author":14,"featured_media":30877045,"comment_status":"closed","ping_status":"open","sticky":false,"template":"","format":"standard","meta":{"_monsterinsights_skip_tracking":false,"_monsterinsights_sitenote_active":false,"_monsterinsights_sitenote_note":"","_monsterinsights_sitenote_category":0,"footnotes":""},"categories":[5842],"tags":[8226,8225,243,6045,21,8227,68],"class_list":["post-30877034","post","type-post","status-publish","format-standard","has-post-thumbnail","hentry","category-comunidad","tag-consejo-de-europa","tag-consimium","tag-crue","tag-doble-grado-en-relaciones-internacionales-y-derecho","tag-estudiantes","tag-reper","tag-union-europea"],"_links":{"self":[{"href":"https:\/\/www.upo.es\/diario\/wp-json\/wp\/v2\/posts\/30877034","targetHints":{"allow":["GET"]}}],"collection":[{"href":"https:\/\/www.upo.es\/diario\/wp-json\/wp\/v2\/posts"}],"about":[{"href":"https:\/\/www.upo.es\/diario\/wp-json\/wp\/v2\/types\/post"}],"author":[{"embeddable":true,"href":"https:\/\/www.upo.es\/diario\/wp-json\/wp\/v2\/users\/14"}],"replies":[{"embeddable":true,"href":"https:\/\/www.upo.es\/diario\/wp-json\/wp\/v2\/comments?post=30877034"}],"version-history":[{"count":4,"href":"https:\/\/www.upo.es\/diario\/wp-json\/wp\/v2\/posts\/30877034\/revisions"}],"predecessor-version":[{"id":30877046,"href":"https:\/\/www.upo.es\/diario\/wp-json\/wp\/v2\/posts\/30877034\/revisions\/30877046"}],"wp:featuredmedia":[{"embeddable":true,"href":"https:\/\/www.upo.es\/diario\/wp-json\/wp\/v2\/media\/30877045"}],"wp:attachment":[{"href":"https:\/\/www.upo.es\/diario\/wp-json\/wp\/v2\/media?parent=30877034"}],"wp:term":[{"taxonomy":"category","embeddable":true,"href":"https:\/\/www.upo.es\/diario\/wp-json\/wp\/v2\/categories?post=30877034"},{"taxonomy":"post_tag","embeddable":true,"href":"https:\/\/www.upo.es\/diario\/wp-json\/wp\/v2\/tags?post=30877034"}],"curies":[{"name":"wp","href":"https:\/\/api.w.org\/{rel}","templated":true}]}}