{"id":30877044,"date":"2023-02-10T14:42:18","date_gmt":"2023-02-10T13:42:18","guid":{"rendered":"https:\/\/www.upo.es\/diario\/?p=30877044"},"modified":"2023-02-10T14:48:13","modified_gmt":"2023-02-10T13:48:13","slug":"la-upo-arranca-este-domingo-su-participacion-en-los-campeonatos-de-andalucia-universitarios","status":"publish","type":"post","link":"https:\/\/www.upo.es\/diario\/comunidad\/2023\/02\/la-upo-arranca-este-domingo-su-participacion-en-los-campeonatos-de-andalucia-universitarios\/","title":{"rendered":"La UPO arranca este domingo su participaci\u00f3n en los Campeonatos de Andaluc\u00eda Universitarios"},"content":{"rendered":"<figure id=\"attachment_30877047\" aria-describedby=\"caption-attachment-30877047\" style=\"width: 750px\" class=\"wp-caption aligncenter\"><a href=\"https:\/\/www.upo.es\/diario\/wp-content\/uploads\/2023\/02\/CAU-Campo-traves.jpeg\"><img loading=\"lazy\" decoding=\"async\" class=\"wp-image-30877047 size-large\" src=\"https:\/\/www.upo.es\/diario\/wp-content\/uploads\/2023\/02\/CAU-Campo-traves-750x565.jpeg\" alt=\"Tony D\u00edaz. Pablo Garc\u00eda, Antonio Fern\u00e1ndez y Cristina Serrano\" width=\"750\" height=\"565\" srcset=\"https:\/\/www.upo.es\/diario\/wp-content\/uploads\/2023\/02\/CAU-Campo-traves-750x565.jpeg 750w, https:\/\/www.upo.es\/diario\/wp-content\/uploads\/2023\/02\/CAU-Campo-traves-385x290.jpeg 385w, https:\/\/www.upo.es\/diario\/wp-content\/uploads\/2023\/02\/CAU-Campo-traves-768x579.jpeg 768w, https:\/\/www.upo.es\/diario\/wp-content\/uploads\/2023\/02\/CAU-Campo-traves-1536x1158.jpeg 1536w, https:\/\/www.upo.es\/diario\/wp-content\/uploads\/2023\/02\/CAU-Campo-traves-1320x995.jpeg 1320w, https:\/\/www.upo.es\/diario\/wp-content\/uploads\/2023\/02\/CAU-Campo-traves.jpeg 2048w\" sizes=\"auto, (max-width: 750px) 100vw, 750px\" \/><\/a><figcaption id=\"caption-attachment-30877047\" class=\"wp-caption-text\">Tony D\u00edaz. Pablo Garc\u00eda, Antonio Fern\u00e1ndez y Cristina Serrano<\/figcaption><\/figure>\n<p>La Universidad Pablo de Olavide participar\u00e1 este fin de semana en la primera prueba de los <strong>Campeonatos de Andaluc\u00eda Universitarios (CAU), de campo a trav\u00e9s<\/strong>, que se celebrar\u00e1 el domingo 12 de febrero a las 11,30 horas en el Campus N\u00e1utico de la Universidad de Granada, ubicado en el embalse de Cubillas en Albolote.<\/p>\n<p>El equipo de la UPO estar\u00e1 formado, en categor\u00eda femenina, por <strong>Julia Garc\u00eda Mart\u00ednez y Cristina Serrano Ram\u00edrez<\/strong>, ambas estudiantes del Grado en Ciencias de la Actividad F\u00edsica y del Deporte. Mientras que en categor\u00eda masculina ser\u00e1n de la partida Tony de <strong>Jes\u00fas D\u00edaz Men\u00e9ndez y Pablo Garc\u00eda Solano<\/strong>, estudiantes del Grado en Ciencias de la Actividad F\u00edsica y del Deporte y de Derecho, respectivamente.<\/p>\n<p>Por otro lado, esta nueva edici\u00f3n arrancar\u00e1 con la carrera femenina a las 12:30 horas y ser\u00e1 de 6.000 metros (cuatro vueltas al circuito), mientras que la masculina, que se desarrollar\u00e1 a las 13,15 horas, ser\u00e1 de 7.000 metros (cinco vueltas al circuito). Asimismo, la competici\u00f3n comenzar\u00e1 con la realizaci\u00f3n del reconocimiento del circuito a las 11,30 horas y una vez culminada ambas pruebas se proceder\u00e1 a la entrega de trofeos a los primeros puestos de cada una de las categor\u00edas.<\/p>\n<p>El desarrollo de la competici\u00f3n se har\u00e1 de acuerdo con el Reglamento General y el Reglamento T\u00e9cnico de Campo a Trav\u00e9s de los CAU. Todo lo no contemplado en tales reglamentos estar\u00e1 sujeto a la normativa de las Federaciones Andaluzas y Espa\u00f1ola de Atletismo.<\/p>\n<p>Esta primera prueba de los Campeonatos de Andaluc\u00eda Universitarios, que fomentan la promoci\u00f3n deportiva de los estudiantes y las estudiantes de las universidades p\u00fablicas andaluzas, est\u00e1 organizada por la Universidad de Granada y cuenta con la colaboraci\u00f3n de la Junta de Andaluc\u00eda y el Ayuntamiento de Albolote.<\/p>\n<h3><strong>Fases previas de los CAU <\/strong><\/h3>\n<p>La pr\u00f3xima semana los equipos de <strong>baloncesto masculino, f\u00fatbol (f\u00fatbol masculino y femenino) y voleibol femenino<\/strong> se juegan su pase a la final de los Campeonatos de Andaluc\u00eda Universitarios ante la Universidad de C\u00f3rdoba y la Universidad Loyola.<\/p>\n<p>Las primeras modalidades en arrancar ser\u00e1n las de f\u00fatbol femenino y baloncesto masculino, que jugar\u00e1n sus respectivos encuentros el martes 14 de febrero en las provincias andaluzas de C\u00e1diz y C\u00f3rdoba, respectivamente. Mientras que los equipos de f\u00fatbol masculino y voleibol femenino har\u00e1n lo mismo el viernes 17 de febrero en las instalaciones deportivas de la Universidad Pablo de Olavide.<\/p>\n<p>M\u00e1s informaci\u00f3n sobre los CAU en la web oficial del Deporte Universitario Andaluz: <a href=\"https:\/\/deporteuniversitarioandaluz.org\/competiciones\">https:\/\/deporteuniversitarioandaluz.org\/competiciones<\/a><\/p>\n","protected":false},"excerpt":{"rendered":"<p>La Universidad Pablo de Olavide participar\u00e1 este fin de semana en la primera prueba de los Campeonatos de Andaluc\u00eda Universitarios (CAU), de campo a trav\u00e9s, que se celebrar\u00e1 el domingo 12 de febrero a las 11,30 horas en el Campus N\u00e1utico de la Universidad de Granada, ubicado en el embalse de Cubillas en Albolote.<\/p>\n","protected":false},"author":6,"featured_media":30877047,"comment_status":"closed","ping_status":"open","sticky":false,"template":"","format":"standard","meta":{"_monsterinsights_skip_tracking":false,"_monsterinsights_sitenote_active":false,"_monsterinsights_sitenote_note":"","_monsterinsights_sitenote_category":0,"footnotes":""},"categories":[5842],"tags":[7428,1209,255,1310,541,7253],"class_list":["post-30877044","post","type-post","status-publish","format-standard","has-post-thumbnail","hentry","category-comunidad","tag-antonio-fernandez-martinez","tag-campeonato-andalucia-universitario","tag-campo-a-traves","tag-competicion","tag-deporte","tag-vicerrectorado-de-campus-saludable-y-deporte"],"_links":{"self":[{"href":"https:\/\/www.upo.es\/diario\/wp-json\/wp\/v2\/posts\/30877044","targetHints":{"allow":["GET"]}}],"collection":[{"href":"https:\/\/www.upo.es\/diario\/wp-json\/wp\/v2\/posts"}],"about":[{"href":"https:\/\/www.upo.es\/diario\/wp-json\/wp\/v2\/types\/post"}],"author":[{"embeddable":true,"href":"https:\/\/www.upo.es\/diario\/wp-json\/wp\/v2\/users\/6"}],"replies":[{"embeddable":true,"href":"https:\/\/www.upo.es\/diario\/wp-json\/wp\/v2\/comments?post=30877044"}],"version-history":[{"count":2,"href":"https:\/\/www.upo.es\/diario\/wp-json\/wp\/v2\/posts\/30877044\/revisions"}],"predecessor-version":[{"id":30877049,"href":"https:\/\/www.upo.es\/diario\/wp-json\/wp\/v2\/posts\/30877044\/revisions\/30877049"}],"wp:featuredmedia":[{"embeddable":true,"href":"https:\/\/www.upo.es\/diario\/wp-json\/wp\/v2\/media\/30877047"}],"wp:attachment":[{"href":"https:\/\/www.upo.es\/diario\/wp-json\/wp\/v2\/media?parent=30877044"}],"wp:term":[{"taxonomy":"category","embeddable":true,"href":"https:\/\/www.upo.es\/diario\/wp-json\/wp\/v2\/categories?post=30877044"},{"taxonomy":"post_tag","embeddable":true,"href":"https:\/\/www.upo.es\/diario\/wp-json\/wp\/v2\/tags?post=30877044"}],"curies":[{"name":"wp","href":"https:\/\/api.w.org\/{rel}","templated":true}]}}