{"id":30877074,"date":"2023-02-14T14:38:45","date_gmt":"2023-02-14T13:38:45","guid":{"rendered":"https:\/\/www.upo.es\/diario\/?p=30877074"},"modified":"2023-02-16T13:02:31","modified_gmt":"2023-02-16T12:02:31","slug":"la-upo-acoge-el-i-congreso-internacional-de-paralisis-cerebral-que-reunira-a-referentes-internacionales-en-ciencia-e-investigacion","status":"publish","type":"post","link":"https:\/\/www.upo.es\/diario\/docencia-formacion\/2023\/02\/la-upo-acoge-el-i-congreso-internacional-de-paralisis-cerebral-que-reunira-a-referentes-internacionales-en-ciencia-e-investigacion\/","title":{"rendered":"La UPO acoge el I Congreso Internacional de Par\u00e1lisis Cerebral, que reunir\u00e1 a referentes internacionales en ciencia e investigaci\u00f3n"},"content":{"rendered":"<p><a href=\"https:\/\/www.upo.es\/diario\/wp-content\/uploads\/2023\/02\/imagenCongreso-PC-scaled.jpg\"><img loading=\"lazy\" decoding=\"async\" class=\"alignright wp-image-30877075 size-medium\" src=\"https:\/\/www.upo.es\/diario\/wp-content\/uploads\/2023\/02\/imagenCongreso-PC-385x299.jpg\" alt=\"\" width=\"385\" height=\"299\" srcset=\"https:\/\/www.upo.es\/diario\/wp-content\/uploads\/2023\/02\/imagenCongreso-PC-385x299.jpg 385w, https:\/\/www.upo.es\/diario\/wp-content\/uploads\/2023\/02\/imagenCongreso-PC-750x582.jpg 750w, https:\/\/www.upo.es\/diario\/wp-content\/uploads\/2023\/02\/imagenCongreso-PC-768x596.jpg 768w, https:\/\/www.upo.es\/diario\/wp-content\/uploads\/2023\/02\/imagenCongreso-PC-1536x1192.jpg 1536w, https:\/\/www.upo.es\/diario\/wp-content\/uploads\/2023\/02\/imagenCongreso-PC-2048x1589.jpg 2048w, https:\/\/www.upo.es\/diario\/wp-content\/uploads\/2023\/02\/imagenCongreso-PC-1320x1024.jpg 1320w\" sizes=\"auto, (max-width: 385px) 100vw, 385px\" \/><\/a>La Universidad Pablo de Olavide acoge los d\u00edas 16 y 17 de febrero el <strong>I Congreso Internacional de Par\u00e1lisis Cerebral<\/strong>, que reunir\u00e1 a referentes internacionales en ciencia, investigaci\u00f3n y medicina con el objetivo de abordar desde un enfoque multidisciplinar los avances cient\u00edficos y tecnol\u00f3gicos desarrollados en torno a la par\u00e1lisis cerebral. Este congreso es una iniciativa de la <strong>C\u00e1tedra Fundaci\u00f3n Antonio Guerrero de Atenci\u00f3n a la diversidad funcional de menores y j\u00f3venes de la Universidad Pablo de Olavide<\/strong> y se desarrolla en colaboraci\u00f3n con la propia Universidad en el marco de su 25\u00ba Aniversario.<\/p>\n<p>Bajo el lema <strong>\u2018La par\u00e1lisis cerebral nos afecta a todos. Abordaje interdisciplinar\u2019<\/strong>, especialistas de la salud, el neurodesarrollo y la tecnolog\u00eda al servicio de la sociedad dar\u00e1n a conocer y poner en com\u00fan los \u00faltimos avances en este \u00e1mbito. Entre ellos, participar\u00e1n en el congreso la investigadora <strong>Iona Novak<\/strong> (Australia), el doctor <strong>Hank Chambers<\/strong> (Estados Unidos) y los expertos <strong>David M. Farrington e Ignacio Sanpera<\/strong> (Espa\u00f1a).<\/p>\n<p>En los \u00faltimos veinte a\u00f1os, todos los \u00e1mbitos relacionados con la par\u00e1lisis cerebral han avanzado y cambiado considerablemente tanto desde el punto de vista de la concepci\u00f3n de esta como de su abordaje desde las distintas disciplinas: neurolog\u00eda, foniatr\u00eda, logopedia, fisioterapia, cirug\u00eda ortop\u00e9dica, neuropsicolog\u00eda, hidroterapia, sistemas alternativos y aumentativos de la comunicaci\u00f3n, etc\u00e9tera. Y todo ello, en continuo y permanente contacto con las asociaciones y las familias como los principales motores de recuperaci\u00f3n de la persona afectada por par\u00e1lisis cerebral. Este congreso pretende reafirmarse como un foro cient\u00edfico de gran inter\u00e9s tanto para profesionales como para todas aquellas personas que tengan inter\u00e9s en la materia.<\/p>\n<p>El I Congreso Internacional de Par\u00e1lisis Cerebral comienza este jueves 16 de febrero a las 9:30 horas en el Paraninfo de la Universidad Pablo de Olavide con la inauguraci\u00f3n, que estar\u00e1 a cargo del presidente de la Junta de Andaluc\u00eda, <strong>Juanma Moreno<\/strong>, y el rector de la UPO, <strong>Francisco Oliva<\/strong>. Acompa\u00f1ar\u00e1n en la bienvenida el presidente de la Fundaci\u00f3n, <strong>Antonio Guerrero<\/strong>, y la directora de la C\u00e1tedra y de Inclusi\u00f3n y Pol\u00edticas Socioculturales de la UPO, <strong>Mar\u00eda Jos\u00e9 Parejo<\/strong>.<\/p>\n<p>Durante dos jornadas, ser\u00e1n numerosas las ponencias que se desarrollar\u00e1n, a las que seguir\u00e1n mesas redondas y debates en tem\u00e1ticas tan diversas como los programas de atenci\u00f3n temprana de par\u00e1lisis cerebral, el abordaje diagn\u00f3stico actual, la investigaci\u00f3n y estudios cl\u00ednicos para el tratamiento o las opciones quir\u00fargicas en los diferentes casos de personas afectadas. De esta forma, habr\u00e1 sesiones plenarias sobre rehabilitaci\u00f3n y cirug\u00eda ortop\u00e9dica y sesiones paralelas sobre fisioterapia y terapia ocupacional, neuropediatr\u00eda y de car\u00e1cter multidisciplinar.<\/p>\n<h3><strong>Sobre la C\u00e1tedra Fundaci\u00f3n Antonio Guerrero de la UPO<\/strong><\/h3>\n<p>Nace para potenciar la inclusi\u00f3n, no solo en las aulas de cualquier centro escolar o universitario, sino en el amplio espectro de la sociedad, con el objetivo de reducir las diferencias de trato y oportunidades para el empleo, accesibilidad, proyecto de vida independiente, autogesti\u00f3n y acceso a una vivienda propia de las personas con par\u00e1lisis cerebral, bajo el prisma de la perspectiva de g\u00e9nero.<\/p>\n<p>Sus codirectores son la directora general de Inclusi\u00f3n y Pol\u00edticas Socioculturales de la Universidad Pablo de Olavide, Mar\u00eda Jos\u00e9 Parejo; y el presidente de la Fundaci\u00f3n Antonio Guerrero, Antonio Guerrero.<\/p>\n<ul>\n<li>M\u00e1s informaci\u00f3n en <a href=\"https:\/\/congreso.fundacionantonioguerrero.org\/\">https:\/\/congreso.fundacionantonioguerrero.org\/<\/a><\/li>\n<\/ul>\n","protected":false},"excerpt":{"rendered":"<p>La Universidad Pablo de Olavide acoge los d\u00edas 16 y 17 de febrero el I Congreso Internacional de Par\u00e1lisis Cerebral, que reunir\u00e1 a referentes internacionales en ciencia, investigaci\u00f3n y medicina con el objetivo de abordar desde un enfoque multidisciplinar los avances cient\u00edficos y tecnol\u00f3gicos desarrollados en torno a la par\u00e1lisis cerebral. Este congreso es una iniciativa de la C\u00e1tedra Fundaci\u00f3n Antonio Guerrero de Atenci\u00f3n a la diversidad funcional de menores y j\u00f3venes de la Universidad Pablo de Olavide y se desarrolla en colaboraci\u00f3n con la propia Universidad en el marco de su 25\u00ba Aniversario e IHP-Orthopediatrica.<\/p>\n","protected":false},"author":14,"featured_media":30877075,"comment_status":"closed","ping_status":"open","sticky":false,"template":"","format":"standard","meta":{"_monsterinsights_skip_tracking":false,"_monsterinsights_sitenote_active":false,"_monsterinsights_sitenote_note":"","_monsterinsights_sitenote_category":0,"footnotes":""},"categories":[2779],"tags":[8232,354,970,8233,56,5888,245,7956,6210,38,218],"class_list":["post-30877074","post","type-post","status-publish","format-standard","has-post-thumbnail","hentry","category-docencia-formacion","tag-catedra-fundacion-antonio-guerrero","tag-congreso","tag-divulgacion","tag-ihp","tag-investigacion","tag-juanma-moreno","tag-medicina","tag-neurodesarrollo","tag-paralisis-cerebral","tag-rector","tag-salud"],"_links":{"self":[{"href":"https:\/\/www.upo.es\/diario\/wp-json\/wp\/v2\/posts\/30877074","targetHints":{"allow":["GET"]}}],"collection":[{"href":"https:\/\/www.upo.es\/diario\/wp-json\/wp\/v2\/posts"}],"about":[{"href":"https:\/\/www.upo.es\/diario\/wp-json\/wp\/v2\/types\/post"}],"author":[{"embeddable":true,"href":"https:\/\/www.upo.es\/diario\/wp-json\/wp\/v2\/users\/14"}],"replies":[{"embeddable":true,"href":"https:\/\/www.upo.es\/diario\/wp-json\/wp\/v2\/comments?post=30877074"}],"version-history":[{"count":5,"href":"https:\/\/www.upo.es\/diario\/wp-json\/wp\/v2\/posts\/30877074\/revisions"}],"predecessor-version":[{"id":30877092,"href":"https:\/\/www.upo.es\/diario\/wp-json\/wp\/v2\/posts\/30877074\/revisions\/30877092"}],"wp:featuredmedia":[{"embeddable":true,"href":"https:\/\/www.upo.es\/diario\/wp-json\/wp\/v2\/media\/30877075"}],"wp:attachment":[{"href":"https:\/\/www.upo.es\/diario\/wp-json\/wp\/v2\/media?parent=30877074"}],"wp:term":[{"taxonomy":"category","embeddable":true,"href":"https:\/\/www.upo.es\/diario\/wp-json\/wp\/v2\/categories?post=30877074"},{"taxonomy":"post_tag","embeddable":true,"href":"https:\/\/www.upo.es\/diario\/wp-json\/wp\/v2\/tags?post=30877074"}],"curies":[{"name":"wp","href":"https:\/\/api.w.org\/{rel}","templated":true}]}}