{"id":30877077,"date":"2023-02-14T14:59:55","date_gmt":"2023-02-14T13:59:55","guid":{"rendered":"https:\/\/www.upo.es\/diario\/?p=30877077"},"modified":"2023-02-14T15:05:08","modified_gmt":"2023-02-14T14:05:08","slug":"el-aula-abierta-de-mayores-celebra-su-i-encuentro-de-coordinaciones-locales","status":"publish","type":"post","link":"https:\/\/www.upo.es\/diario\/cultura-social\/2023\/02\/el-aula-abierta-de-mayores-celebra-su-i-encuentro-de-coordinaciones-locales\/","title":{"rendered":"El Aula Abierta de Mayores celebra su I Encuentro de coordinaciones locales"},"content":{"rendered":"<figure id=\"attachment_30877078\" aria-describedby=\"caption-attachment-30877078\" style=\"width: 750px\" class=\"wp-caption aligncenter\"><a href=\"https:\/\/www.upo.es\/diario\/wp-content\/uploads\/2023\/02\/IMG_8848-scaled.jpg\"><img loading=\"lazy\" decoding=\"async\" class=\"size-large wp-image-30877078\" src=\"https:\/\/www.upo.es\/diario\/wp-content\/uploads\/2023\/02\/IMG_8848-750x500.jpg\" alt=\"\" width=\"750\" height=\"500\" srcset=\"https:\/\/www.upo.es\/diario\/wp-content\/uploads\/2023\/02\/IMG_8848-750x500.jpg 750w, https:\/\/www.upo.es\/diario\/wp-content\/uploads\/2023\/02\/IMG_8848-385x257.jpg 385w, https:\/\/www.upo.es\/diario\/wp-content\/uploads\/2023\/02\/IMG_8848-768x512.jpg 768w, https:\/\/www.upo.es\/diario\/wp-content\/uploads\/2023\/02\/IMG_8848-1536x1024.jpg 1536w\" sizes=\"auto, (max-width: 750px) 100vw, 750px\" \/><\/a><figcaption id=\"caption-attachment-30877078\" class=\"wp-caption-text\">Roc\u00edo Cruz, David Cobos y Esther Prieto<\/figcaption><\/figure>\n<p>El <strong>Aula Abierta de Mayores<\/strong> de la Universidad Pablo de Olavide ha celebrado este lunes su <strong>I Encuentro de coordinadores locales<\/strong> con un acto presidido por el vicerrector de Cultura y Pol\u00edticas Sociales, <strong>David Cobos Sanchiz<\/strong>; la directora acad\u00e9mica del Aula Abierta de Mayores, <strong>Roc\u00edo Cruz<\/strong>; y la directora general de Innovaci\u00f3n Social, <strong>Esther Prieto Jim\u00e9nez<\/strong>, en el que se ha llevado a cabo un reconocimiento a la labor que realizan los coordinadores locales de los municipios adscritos al programa.<\/p>\n<p>A este encuentro, que este a\u00f1o se enmarca en el vig\u00e9simo aniversario del Aula Abierta de Mayores, han asistido, adem\u00e1s, los coordinadores y coordinadoras locales de los distintos municipios, personal t\u00e9cnico de la Diputaci\u00f3n de Sevilla y las coordinadoras t\u00e9cnicas del proyecto.<\/p>\n<p>Durante su intervenci\u00f3n, el vicerrector de Cultura y Pol\u00edticas Sociales ha agradecido a todo el personal que conforma el Aula Abierta de Mayores, \u201cporque es un programa que, debido a su calidad, est\u00e1 m\u00e1s vivo que nunca. Se trata de <strong>un proyecto que subraya el compromiso social de la Universidad Pablo de Olavide, as\u00ed como su objetivo de expansi\u00f3n de la formaci\u00f3n, la cultura y el conocimiento<\/strong>\u201d. Adem\u00e1s, ha se\u00f1alado, que el Aula Abierta de Mayores es una de las primeras iniciativas sociales que la Universidad puso en marcha y que \u201ccumple veinte a\u00f1os con m\u00e1s alumnado, profesorado y municipios que nunca\u201d.<\/p>\n<p>Por su parte, la directora acad\u00e9mica del Aula Abierta de Mayores, ha destacado la figura del coordinador dentro de este programa universitario, ya que \u201cno s\u00f3lo conforman un papel de intermediario entre alumnado y universidad, sino que son los responsables de motivarles y transmitirles la ilusi\u00f3n durante estos cuatro a\u00f1os, poniendo el alma y el coraz\u00f3n en este maravilloso proyecto\u201d.<\/p>\n<p><a href=\"https:\/\/www.upo.es\/diario\/wp-content\/uploads\/2023\/02\/imagen1_AAM-scaled.jpg\"><img loading=\"lazy\" decoding=\"async\" class=\"alignright size-medium wp-image-30877082\" src=\"https:\/\/www.upo.es\/diario\/wp-content\/uploads\/2023\/02\/imagen1_AAM-385x228.jpg\" alt=\"\" width=\"385\" height=\"228\" srcset=\"https:\/\/www.upo.es\/diario\/wp-content\/uploads\/2023\/02\/imagen1_AAM-385x228.jpg 385w, https:\/\/www.upo.es\/diario\/wp-content\/uploads\/2023\/02\/imagen1_AAM-750x444.jpg 750w, https:\/\/www.upo.es\/diario\/wp-content\/uploads\/2023\/02\/imagen1_AAM-768x455.jpg 768w, https:\/\/www.upo.es\/diario\/wp-content\/uploads\/2023\/02\/imagen1_AAM-1536x910.jpg 1536w, https:\/\/www.upo.es\/diario\/wp-content\/uploads\/2023\/02\/imagen1_AAM-2048x1213.jpg 2048w\" sizes=\"auto, (max-width: 385px) 100vw, 385px\" \/><\/a>Por \u00faltimo, la directora general de Innovaci\u00f3n Social ha reconocido el protagonismo de las personas que ejercen la coordinaci\u00f3n local en este encuentro, haciendo hincapi\u00e9 en la calidad del programa \u201cgracias a la doble misi\u00f3n de estos profesionales, por un lado, en el cuidado de nuestros mayores, y por otro haciendo de embajadores de los municipios con la propia Universidad\u201d. Adem\u00e1s, ha resaltado la \u201cgran evoluci\u00f3n cuantitativa y cualitativa del Aula Abierta de Mayores gracias al papel de los coordinadores, cuya labor incansable ha llevado al proyecto hasta lo que es hoy\u201d.<\/p>\n<p>En este primer encuentro, el Aula Abierta de Mayores ha expresado su agradecimiento y ha entregado los reconocimientos a los coordinadores y coordinadoras Rosario Jim\u00e9nez y Javier Asencio (de la sede en Alcal\u00e1 de Guadaira); Gloria Mart\u00edn y Elvira S\u00e1nchez (Almensilla); Carmen Rodr\u00edguez y Magdalena C\u00e1ceres (Aznalcollar); M\u00aa Dolores Acevedo y Juan Escacena (Bormujos); Javier Quesada (Casariche); Margarita Labat (Castilleja de la Cuesta); Pepe V\u00e1zquez y Arturo Morillo (El Viso del Alcor); Carmen D\u2019Acosta (Gerena); Jos\u00e9 Gonz\u00e1lez y Eva Ch\u00eda (Gilena); Martina Rodiles (Gines); Manuel Mu\u00f1oz (Herrera); Teresa Vel\u00e1zquez y M\u00aa Jos\u00e9 Moreno (La Algaba); \u00c1ngeles Contreras (La Puebla de Cazalla); Cristina G\u00f3mez (Pilas); Emilio Plazas (Salteras); as\u00ed como un reconocimiento especial a la t\u00e9cnica en Diputaci\u00f3n, Isabel Monta\u00f1o.<\/p>\n<p>Para cerrar el acto, dos representantes de las coordinaciones locales, Margarita Labat (sede Castilleja de la Cuesta) y Manuel Mu\u00f1oz (Herrera), han expresado un emotivo agradecimiento a todo el equipo que conforma el proyecto. De este modo, Margarita Labat, ha querido resaltar que gracias \u201cal cari\u00f1o, trabajo y dedicaci\u00f3n que cada persona aporta en este programa, nuestros mayores se sienten universitarios\u201d. Por su parte, Manuel Mu\u00f1oz, ha definido el Aula Abierta de Mayores \u201ccomo puro amor. Un amor correspondido, que nuestros mayores nos devuelven con creces en dos terrenos: el profesional, pero sobre todo el personal. Tan s\u00f3lo por eso, merece la pena\u201d.<\/p>\n<p>Esta jornada desarrollada en la Sede Centro de la Universidad Pablo de Olavide, ha continuado con una actuaci\u00f3n cultural titulada \u201cUn acto cargado de magia e ilusi\u00f3n\u201d a cargo de Francisco Molina.<\/p>\n<p>El Aula Abierta de Mayores de la UPO, gestionada por la Fundaci\u00f3n Universidad Pablo de Olavide, tiene como principal objetivo integrar a las personas mayores en la vida universitaria, ampliando sus conocimientos y promoviendo su participaci\u00f3n en la sociedad a trav\u00e9s de actividades art\u00edsticas y culturales. El programa Aula Abierta de Mayores est\u00e1 financiado por la Diputaci\u00f3n Provincial de Sevilla, la Consejer\u00eda de Inclusi\u00f3n Social, Juventud, Familias e Igualdad de la Junta de Andaluc\u00eda, la Fundaci\u00f3n \u201cLa Caixa\u201d y cuenta con la colaboraci\u00f3n de los diferentes ayuntamientos adscritos al programa.<\/p>\n<p>Fuente: Fundaci\u00f3n Universidad Pablo de Olavide<\/p>\n","protected":false},"excerpt":{"rendered":"<p>El Aula Abierta de Mayores de la Universidad Pablo de Olavide ha celebrado este lunes su I Encuentro de coordinadores locales con un acto presidido por el vicerrector de Cultura y Pol\u00edticas Sociales, David Cobos Sanchiz; la directora acad\u00e9mica del Aula Abierta de Mayores, Roc\u00edo Cruz; y la directora general de Innovaci\u00f3n Social, Esther Prieto Jim\u00e9nez, en el que se ha llevado a cabo un reconocimiento a la labor que realizan los coordinadores locales de los municipios adscritos al programa.<\/p>\n","protected":false},"author":14,"featured_media":30877078,"comment_status":"closed","ping_status":"open","sticky":false,"template":"","format":"standard","meta":{"_monsterinsights_skip_tracking":false,"_monsterinsights_sitenote_active":false,"_monsterinsights_sitenote_note":"","_monsterinsights_sitenote_category":0,"footnotes":""},"categories":[5843],"tags":[52,2759,5834,3690,2160,7194],"class_list":["post-30877077","post","type-post","status-publish","format-standard","has-post-thumbnail","hentry","category-cultura-social","tag-aula-abierta-de-mayores","tag-compromiso-social","tag-cultura","tag-diputacion-de-sevilla","tag-personas-mayores","tag-vicerrectorado-de-cultura-y-politicas-sociales"],"_links":{"self":[{"href":"https:\/\/www.upo.es\/diario\/wp-json\/wp\/v2\/posts\/30877077","targetHints":{"allow":["GET"]}}],"collection":[{"href":"https:\/\/www.upo.es\/diario\/wp-json\/wp\/v2\/posts"}],"about":[{"href":"https:\/\/www.upo.es\/diario\/wp-json\/wp\/v2\/types\/post"}],"author":[{"embeddable":true,"href":"https:\/\/www.upo.es\/diario\/wp-json\/wp\/v2\/users\/14"}],"replies":[{"embeddable":true,"href":"https:\/\/www.upo.es\/diario\/wp-json\/wp\/v2\/comments?post=30877077"}],"version-history":[{"count":4,"href":"https:\/\/www.upo.es\/diario\/wp-json\/wp\/v2\/posts\/30877077\/revisions"}],"predecessor-version":[{"id":30877085,"href":"https:\/\/www.upo.es\/diario\/wp-json\/wp\/v2\/posts\/30877077\/revisions\/30877085"}],"wp:featuredmedia":[{"embeddable":true,"href":"https:\/\/www.upo.es\/diario\/wp-json\/wp\/v2\/media\/30877078"}],"wp:attachment":[{"href":"https:\/\/www.upo.es\/diario\/wp-json\/wp\/v2\/media?parent=30877077"}],"wp:term":[{"taxonomy":"category","embeddable":true,"href":"https:\/\/www.upo.es\/diario\/wp-json\/wp\/v2\/categories?post=30877077"},{"taxonomy":"post_tag","embeddable":true,"href":"https:\/\/www.upo.es\/diario\/wp-json\/wp\/v2\/tags?post=30877077"}],"curies":[{"name":"wp","href":"https:\/\/api.w.org\/{rel}","templated":true}]}}