{"id":30877106,"date":"2023-02-16T12:51:33","date_gmt":"2023-02-16T11:51:33","guid":{"rendered":"https:\/\/www.upo.es\/diario\/?p=30877106"},"modified":"2023-02-20T09:44:39","modified_gmt":"2023-02-20T08:44:39","slug":"el-presidente-de-la-junta-y-el-rector-de-la-upo-inauguran-el-i-congreso-internacional-de-paralisis-cerebral","status":"publish","type":"post","link":"https:\/\/www.upo.es\/diario\/docencia-formacion\/2023\/02\/el-presidente-de-la-junta-y-el-rector-de-la-upo-inauguran-el-i-congreso-internacional-de-paralisis-cerebral\/","title":{"rendered":"El presidente de la Junta y el rector de la UPO inauguran el I Congreso Internacional de Par\u00e1lisis Cerebral"},"content":{"rendered":"<figure id=\"attachment_30877107\" aria-describedby=\"caption-attachment-30877107\" style=\"width: 750px\" class=\"wp-caption aligncenter\"><a href=\"https:\/\/www.upo.es\/diario\/wp-content\/uploads\/2023\/02\/Cong-Paralisis-Cerebral_inauguracion-7-scaled.jpg\"><img loading=\"lazy\" decoding=\"async\" class=\"size-large wp-image-30877107\" src=\"https:\/\/www.upo.es\/diario\/wp-content\/uploads\/2023\/02\/Cong-Paralisis-Cerebral_inauguracion-7-750x500.jpg\" alt=\"\" width=\"750\" height=\"500\" srcset=\"https:\/\/www.upo.es\/diario\/wp-content\/uploads\/2023\/02\/Cong-Paralisis-Cerebral_inauguracion-7-750x500.jpg 750w, https:\/\/www.upo.es\/diario\/wp-content\/uploads\/2023\/02\/Cong-Paralisis-Cerebral_inauguracion-7-385x257.jpg 385w, https:\/\/www.upo.es\/diario\/wp-content\/uploads\/2023\/02\/Cong-Paralisis-Cerebral_inauguracion-7-768x512.jpg 768w, https:\/\/www.upo.es\/diario\/wp-content\/uploads\/2023\/02\/Cong-Paralisis-Cerebral_inauguracion-7-1536x1024.jpg 1536w, https:\/\/www.upo.es\/diario\/wp-content\/uploads\/2023\/02\/Cong-Paralisis-Cerebral_inauguracion-7-2048x1365.jpg 2048w\" sizes=\"auto, (max-width: 750px) 100vw, 750px\" \/><\/a><figcaption id=\"caption-attachment-30877107\" class=\"wp-caption-text\">Antonio Guerrero, Juanma Moreno, Francisco Oliva y Mar\u00eda Jos\u00e9 Parejo<\/figcaption><\/figure>\n<p>El presidente de la Junta de Andaluc\u00eda,<strong> Juanma Moreno<\/strong>, y el rector de la Universidad Pablo de Olavide, <strong>Francisco Oliva<\/strong>, han inaugurado el <strong>I Congreso Internacional de Par\u00e1lisis Cerebral<\/strong> que tiene lugar en el campus hasta este viernes. El congreso, organizado por la <strong>C\u00e1tedra Fundaci\u00f3n Antonio Guerrero de la Universidad Pablo de Olavide en el marco del 25\u00ba Aniversario de la UPO<\/strong>, re\u00fane en Sevilla a referentes internacionales en ciencia, investigaci\u00f3n y medicina bajo el lema<strong> \u2018La par\u00e1lisis cerebral nos afecta a todos. Abordaje interdisciplinar\u2019<\/strong>.<\/p>\n<p>En la mesa inaugural, han participado tambi\u00e9n el presidente de la Fundaci\u00f3n Antonio Guerrero, <strong>Antonio Guerrero<\/strong>; y la directora de la C\u00e1tedra y directora general de Inclusi\u00f3n y Pol\u00edticas Socioculturales, <strong>Mar\u00eda Jos\u00e9 Parejo<\/strong>. Adem\u00e1s, han asistido al acto la consejera de Desarrollo Educativo y Formaci\u00f3n Profesional de la Junta de Andaluc\u00eda, <strong>Patricia del Pozo<\/strong>; la consejera de Salud y Consumo, <strong>Catalina Garc\u00eda<\/strong>; y la presidenta del Consejo Social de la Universidad Pablo de Olavide, <strong>Roc\u00edo Reinoso<\/strong>, entre otras autoridades pol\u00edticas, acad\u00e9micas y civiles, as\u00ed como del tercer sector.<\/p>\n<p>El presidente de la Junta de Andaluc\u00eda ha destacado la importancia del I Congreso de Par\u00e1lisis Cerebral porque \u201cla ciencia y la investigaci\u00f3n abrir\u00e1n puertas que ahora est\u00e1n cerradas\u201d. As\u00ed, ha recordado la reciente aprobaci\u00f3n en el Parlamento andaluz de la <strong>Ley de Atenci\u00f3n Infantil Temprana<\/strong>, \u201cmuy demandada por los colectivos y que garantiza un servicio universal, gratuito y de calidad\u201d, adem\u00e1s del trabajo llevado a cabo con el <strong>Plan de Humanizaci\u00f3n<\/strong> en el \u00e1mbito sanitario y la pr\u00f3xima <strong>Estrategia Andaluza para la Coordinaci\u00f3n Sociosanitaria<\/strong>. Adem\u00e1s, ha destacado la voluntad del equipo de gobierno de hacer de la Universidad Pablo de Olavide \u201cun referente nacional e internacional en inclusi\u00f3n\u201d y se ha referido a Antonio Guerrero como \u201cun exponente de la sociedad civil que queremos en Andaluc\u00eda\u201d por su trabajo en favor de la inclusi\u00f3n. Finalmente, ha agradecido a las familias y a los miembros de la comunidad educativa y sanitaria \u201cpor poner lo mejor de s\u00ed mismos para ayudar a las personas con discapacidad\u201d.<\/p>\n<p>Por su parte, el rector ha calificado como \u201cun honor inaugurar en nuestra Universidad este Congreso de excelencia indudable\u201d y ha subrayado que \u201cla par\u00e1lisis cerebral no puede dejar indiferente a nadie, especialmente en el caso de la infancia, quienes deben ser una prioridad por resultar el eslab\u00f3n m\u00e1s vulnerable de nuestra sociedad\u201d. Por otro lado, ha destacado el compromiso social que ha caracterizado a la UPO \u201cdesde su origen\u201d, de la que ha destacado el proyecto de innovaci\u00f3n social que supone la <strong>Residencia Universitaria Flora Trist\u00e1n<\/strong> en el barrio Pol\u00edgono Sur de Sevilla, el <strong>Servicio de Voluntariado<\/strong> o el proyecto <strong>\u2018Campus Inclusivo\u2019<\/strong> para hacer de la Pablo de Olavide \u201cuna universidad verdaderamente inclusiva donde las personas con discapacidad puedan desarrollar una vida plena\u201d.<\/p>\n<figure id=\"attachment_30877110\" aria-describedby=\"caption-attachment-30877110\" style=\"width: 385px\" class=\"wp-caption alignright\"><a href=\"https:\/\/www.upo.es\/diario\/wp-content\/uploads\/2023\/02\/Cong-Paralisis-Cerebral_inauguracion-5-scaled.jpg\"><img loading=\"lazy\" decoding=\"async\" class=\"size-medium wp-image-30877110\" src=\"https:\/\/www.upo.es\/diario\/wp-content\/uploads\/2023\/02\/Cong-Paralisis-Cerebral_inauguracion-5-385x257.jpg\" alt=\"\" width=\"385\" height=\"257\" srcset=\"https:\/\/www.upo.es\/diario\/wp-content\/uploads\/2023\/02\/Cong-Paralisis-Cerebral_inauguracion-5-385x257.jpg 385w, https:\/\/www.upo.es\/diario\/wp-content\/uploads\/2023\/02\/Cong-Paralisis-Cerebral_inauguracion-5-750x500.jpg 750w, https:\/\/www.upo.es\/diario\/wp-content\/uploads\/2023\/02\/Cong-Paralisis-Cerebral_inauguracion-5-768x512.jpg 768w, https:\/\/www.upo.es\/diario\/wp-content\/uploads\/2023\/02\/Cong-Paralisis-Cerebral_inauguracion-5-1536x1024.jpg 1536w, https:\/\/www.upo.es\/diario\/wp-content\/uploads\/2023\/02\/Cong-Paralisis-Cerebral_inauguracion-5-2048x1365.jpg 2048w\" sizes=\"auto, (max-width: 385px) 100vw, 385px\" \/><\/a><figcaption id=\"caption-attachment-30877110\" class=\"wp-caption-text\">Catalina Garc\u00eda, Antonio Guerrero, Juanma Moreno, Francisco Oliva, Mar\u00eda Jos\u00e9 Parejo y David M. Farrington<\/figcaption><\/figure>\n<p>Antonio Guerrero ha agradecido a todas las personas y entidades que se han implicado en la celebraci\u00f3n del Congreso \u201chaciendo de Sevilla y Andaluc\u00eda el centro mundial de la par\u00e1lisis cerebral\u201d y ha se\u00f1alado la importancia de este tipo de iniciativas \u201cpara intentar hacer iguales a aquellas personas que son diferentes\u201d. Asimismo, Mar\u00eda Jos\u00e9 Parejo ha subrayado la decidida apuesta de la Universidad Pablo de Olavide por la atenci\u00f3n a la diversidad funcional y \u201cel claro precedente sentado en la inclusi\u00f3n con la creaci\u00f3n de la C\u00e1tedra para reducir la desigualdad de trato y oportunidades con la intenci\u00f3n, por ambas partes, de trabajar en la divulgaci\u00f3n y sensibilizaci\u00f3n de la atenci\u00f3n a las personas con discapacidad\u201d.<\/p>\n<h3><strong>Hasta 32 ponentes de los cinco continentes<\/strong><\/h3>\n<p>Un total de 32 especialistas de la salud, el neurodesarrollo y la tecnolog\u00eda al servicio de la sociedad de los cinco continentes dar\u00e1n a conocer y poner en com\u00fan, durante dos jornadas, los \u00faltimos avances en la par\u00e1lisis cerebral. Entre ellos, participan en el congreso la investigadora <strong>Iona Novak<\/strong> (Australia), el doctor <strong>Hank Chambers<\/strong> (Estados Unidos) y los expertos <strong>David M. Farrington e Ignacio Sanpera<\/strong> (Espa\u00f1a).<\/p>\n<p>En los \u00faltimos veinte a\u00f1os, todos los \u00e1mbitos relacionados con la par\u00e1lisis cerebral han avanzado y cambiado considerablemente tanto desde el punto de vista de la concepci\u00f3n de esta como de su abordaje desde las distintas disciplinas: neurolog\u00eda, foniatr\u00eda, logopedia, fisioterapia, cirug\u00eda ortop\u00e9dica, neuropsicolog\u00eda, hidroterapia, sistemas alternativos y aumentativos de la comunicaci\u00f3n, etc\u00e9tera. Y todo ello, en continuo y permanente contacto con las asociaciones y las familias como los principales motores de recuperaci\u00f3n de la persona afectada por par\u00e1lisis cerebral. Este congreso pretende reafirmarse como un foro cient\u00edfico de gran inter\u00e9s tanto para profesionales como para todas aquellas personas que tengan inter\u00e9s en la materia.<\/p>\n<p>En el I Congreso Internacional de Par\u00e1lisis Cerebral ser\u00e1n numerosas las ponencias que se desarrollar\u00e1n, a las que seguir\u00e1n mesas redondas y debates en tem\u00e1ticas tan diversas como los programas de atenci\u00f3n temprana de par\u00e1lisis cerebral, el abordaje diagn\u00f3stico actual, la investigaci\u00f3n y estudios cl\u00ednicos para el tratamiento o las opciones quir\u00fargicas en los diferentes casos de personas afectadas. De esta forma, habr\u00e1 sesiones plenarias sobre rehabilitaci\u00f3n y cirug\u00eda ortop\u00e9dica y sesiones paralelas sobre fisioterapia y terapia ocupacional, neuropediatr\u00eda y de car\u00e1cter multidisciplinar.<\/p>\n<h3><strong>Sobre la C\u00e1tedra Fundaci\u00f3n Antonio Guerrero de la UPO<\/strong><\/h3>\n<p>Nace para potenciar la inclusi\u00f3n, no solo en las aulas de cualquier centro escolar o universitario, sino en el amplio espectro de la sociedad, con el objetivo de reducir las diferencias de trato y oportunidades para el empleo, accesibilidad, proyecto de vida independiente, autogesti\u00f3n y acceso a una vivienda propia de las personas con par\u00e1lisis cerebral, bajo el prisma de la perspectiva de g\u00e9nero.<\/p>\n<p>Sus codirectores son la directora general de Inclusi\u00f3n y Pol\u00edticas Socioculturales de la Universidad Pablo de Olavide, Mar\u00eda Jos\u00e9 Parejo; y el presidente de la Fundaci\u00f3n, Antonio Guerrero.<\/p>\n<ul>\n<li>M\u00e1s informaci\u00f3n en <a href=\"https:\/\/congreso.fundacionantonioguerrero.org\/\">https:\/\/congreso.fundacionantonioguerrero.org\/<\/a><\/li>\n<\/ul>\n<figure id=\"attachment_30877112\" aria-describedby=\"caption-attachment-30877112\" style=\"width: 750px\" class=\"wp-caption aligncenter\"><a href=\"https:\/\/www.upo.es\/diario\/wp-content\/uploads\/2023\/02\/Cong-Paralisis-Cerebral_inauguracion-4-scaled.jpg\"><img loading=\"lazy\" decoding=\"async\" class=\"size-large wp-image-30877112\" src=\"https:\/\/www.upo.es\/diario\/wp-content\/uploads\/2023\/02\/Cong-Paralisis-Cerebral_inauguracion-4-750x500.jpg\" alt=\"\" width=\"750\" height=\"500\" srcset=\"https:\/\/www.upo.es\/diario\/wp-content\/uploads\/2023\/02\/Cong-Paralisis-Cerebral_inauguracion-4-750x500.jpg 750w, https:\/\/www.upo.es\/diario\/wp-content\/uploads\/2023\/02\/Cong-Paralisis-Cerebral_inauguracion-4-385x257.jpg 385w, https:\/\/www.upo.es\/diario\/wp-content\/uploads\/2023\/02\/Cong-Paralisis-Cerebral_inauguracion-4-768x512.jpg 768w, https:\/\/www.upo.es\/diario\/wp-content\/uploads\/2023\/02\/Cong-Paralisis-Cerebral_inauguracion-4-1536x1024.jpg 1536w, https:\/\/www.upo.es\/diario\/wp-content\/uploads\/2023\/02\/Cong-Paralisis-Cerebral_inauguracion-4-2048x1365.jpg 2048w\" sizes=\"auto, (max-width: 750px) 100vw, 750px\" \/><\/a><figcaption id=\"caption-attachment-30877112\" class=\"wp-caption-text\">I Congreso Internacional de Par\u00e1lisis Cerebral en el Paraninfo de la UPO<\/figcaption><\/figure>\n","protected":false},"excerpt":{"rendered":"<p>El presidente de la Junta de Andaluc\u00eda, Juanma Moreno, y el rector de la Universidad Pablo de Olavide, Francisco Oliva, han inaugurado el I Congreso Internacional de Par\u00e1lisis Cerebral que tiene lugar en el campus hasta este viernes. El congreso, organizado por la C\u00e1tedra Fundaci\u00f3n Antonio Guerrero de la Universidad Pablo de Olavide en el marco del 25\u00ba Aniversario de la UPO, re\u00fane en Sevilla a referentes internacionales en ciencia, investigaci\u00f3n y medicina bajo el lema \u2018La par\u00e1lisis cerebral nos afecta a todos. Abordaje interdisciplinar\u2019.<\/p>\n","protected":false},"author":14,"featured_media":30877112,"comment_status":"closed","ping_status":"open","sticky":false,"template":"","format":"standard","meta":{"_monsterinsights_skip_tracking":false,"_monsterinsights_sitenote_active":false,"_monsterinsights_sitenote_note":"","_monsterinsights_sitenote_category":0,"footnotes":""},"categories":[2779],"tags":[7944,8232,354,970,3456,5888,203,6210],"class_list":["post-30877106","post","type-post","status-publish","format-standard","has-post-thumbnail","hentry","category-docencia-formacion","tag-25-aniversario-upo","tag-catedra-fundacion-antonio-guerrero","tag-congreso","tag-divulgacion","tag-inclusion","tag-juanma-moreno","tag-junta-de-andalucia","tag-paralisis-cerebral"],"_links":{"self":[{"href":"https:\/\/www.upo.es\/diario\/wp-json\/wp\/v2\/posts\/30877106","targetHints":{"allow":["GET"]}}],"collection":[{"href":"https:\/\/www.upo.es\/diario\/wp-json\/wp\/v2\/posts"}],"about":[{"href":"https:\/\/www.upo.es\/diario\/wp-json\/wp\/v2\/types\/post"}],"author":[{"embeddable":true,"href":"https:\/\/www.upo.es\/diario\/wp-json\/wp\/v2\/users\/14"}],"replies":[{"embeddable":true,"href":"https:\/\/www.upo.es\/diario\/wp-json\/wp\/v2\/comments?post=30877106"}],"version-history":[{"count":8,"href":"https:\/\/www.upo.es\/diario\/wp-json\/wp\/v2\/posts\/30877106\/revisions"}],"predecessor-version":[{"id":30877133,"href":"https:\/\/www.upo.es\/diario\/wp-json\/wp\/v2\/posts\/30877106\/revisions\/30877133"}],"wp:featuredmedia":[{"embeddable":true,"href":"https:\/\/www.upo.es\/diario\/wp-json\/wp\/v2\/media\/30877112"}],"wp:attachment":[{"href":"https:\/\/www.upo.es\/diario\/wp-json\/wp\/v2\/media?parent=30877106"}],"wp:term":[{"taxonomy":"category","embeddable":true,"href":"https:\/\/www.upo.es\/diario\/wp-json\/wp\/v2\/categories?post=30877106"},{"taxonomy":"post_tag","embeddable":true,"href":"https:\/\/www.upo.es\/diario\/wp-json\/wp\/v2\/tags?post=30877106"}],"curies":[{"name":"wp","href":"https:\/\/api.w.org\/{rel}","templated":true}]}}