{"id":30877164,"date":"2023-02-17T19:16:57","date_gmt":"2023-02-17T18:16:57","guid":{"rendered":"https:\/\/www.upo.es\/diario\/?p=30877164"},"modified":"2023-02-21T14:59:46","modified_gmt":"2023-02-21T13:59:46","slug":"finaliza-el-i-congreso-internacional-de-paralisis-cerebral-un-foro-interdisciplinar-que-cita-de-nuevo-a-entidades-y-profesionales-para-2025","status":"publish","type":"post","link":"https:\/\/www.upo.es\/diario\/docencia-formacion\/2023\/02\/finaliza-el-i-congreso-internacional-de-paralisis-cerebral-un-foro-interdisciplinar-que-cita-de-nuevo-a-entidades-y-profesionales-para-2025\/","title":{"rendered":"Finaliza el I Congreso Internacional de Par\u00e1lisis Cerebral, un foro que cita de nuevo a entidades y profesionales para 2025"},"content":{"rendered":"<figure id=\"attachment_30877167\" aria-describedby=\"caption-attachment-30877167\" style=\"width: 750px\" class=\"wp-caption aligncenter\"><a href=\"https:\/\/www.upo.es\/diario\/wp-content\/uploads\/2023\/02\/Clausura-Cong-PC-scaled.jpg\"><img loading=\"lazy\" decoding=\"async\" class=\"size-large wp-image-30877167\" src=\"https:\/\/www.upo.es\/diario\/wp-content\/uploads\/2023\/02\/Clausura-Cong-PC-750x422.jpg\" alt=\"Acto de clausura del I Congreso de Par\u00e1lisis Cerebral\" width=\"750\" height=\"422\" srcset=\"https:\/\/www.upo.es\/diario\/wp-content\/uploads\/2023\/02\/Clausura-Cong-PC-750x422.jpg 750w, https:\/\/www.upo.es\/diario\/wp-content\/uploads\/2023\/02\/Clausura-Cong-PC-385x217.jpg 385w, https:\/\/www.upo.es\/diario\/wp-content\/uploads\/2023\/02\/Clausura-Cong-PC-768x432.jpg 768w, https:\/\/www.upo.es\/diario\/wp-content\/uploads\/2023\/02\/Clausura-Cong-PC-1536x864.jpg 1536w, https:\/\/www.upo.es\/diario\/wp-content\/uploads\/2023\/02\/Clausura-Cong-PC-2048x1152.jpg 2048w\" sizes=\"auto, (max-width: 750px) 100vw, 750px\" \/><\/a><figcaption id=\"caption-attachment-30877167\" class=\"wp-caption-text\">Acto de clausura del I Congreso de Par\u00e1lisis Cerebral<\/figcaption><\/figure>\n<p>El <strong><a href=\"https:\/\/congreso.fundacionantonioguerrero.org\/\">I Congreso Internacional de Par\u00e1lisis Cerebral<\/a><\/strong>, organizado por la <strong>C\u00e1tedra Fundaci\u00f3n Antonio Guerrero de la Universidad Pablo de Olavide<\/strong> en el marco del 25\u00ba Aniversario de la UPO, ha concluido esta tarde en el campus emplazando a entidades y profesionales participantes a una nueva cita para 2025, ya que el Congreso nace con vocaci\u00f3n de tener continuidad bienal.<\/p>\n<p>La consejera de Inclusi\u00f3n Social, Juventud, Familias e Igualdad de la Junta de Andaluc\u00eda, <strong>Loles L\u00f3pez<\/strong>; y el vicerrector de Cultura y Pol\u00edticas Sociales de la Universidad Pablo de Olavide, <strong>David Cobos<\/strong>, han clausurado un foro que ha reunido durante dos jornadas a especialistas internacionales en ciencia, investigaci\u00f3n y medicina con el objetivo de abordar desde un enfoque multidisciplinar la par\u00e1lisis cerebral bajo el lema \u2018La par\u00e1lisis cerebral nos afecta a todos. Abordaje interdisciplinar\u2019.<\/p>\n<p>En el acto de clausura han participado tambi\u00e9n el presidente de la Fundaci\u00f3n Antonio Guerrero, <strong>Antonio Guerrero<\/strong>; la presidenta del Consejo Social de la UPO, <strong>Roc\u00edo Reinoso<\/strong>; el presidente del comit\u00e9 investigador del Congreso, <strong>David Farrington<\/strong>; y la directora de la C\u00e1tedra y directora general de Inclusi\u00f3n y Pol\u00edticas Socioculturales, <strong>Mar\u00eda Jos\u00e9 Parejo<\/strong>.<\/p>\n<figure id=\"attachment_30877168\" aria-describedby=\"caption-attachment-30877168\" style=\"width: 385px\" class=\"wp-caption alignleft\"><a href=\"https:\/\/www.upo.es\/diario\/wp-content\/uploads\/2023\/02\/Clausura-Cong-PC-DC-scaled.jpg\"><img loading=\"lazy\" decoding=\"async\" class=\"size-medium wp-image-30877168\" src=\"https:\/\/www.upo.es\/diario\/wp-content\/uploads\/2023\/02\/Clausura-Cong-PC-DC-385x257.jpg\" alt=\"David Cobos\" width=\"385\" height=\"257\" srcset=\"https:\/\/www.upo.es\/diario\/wp-content\/uploads\/2023\/02\/Clausura-Cong-PC-DC-385x257.jpg 385w, https:\/\/www.upo.es\/diario\/wp-content\/uploads\/2023\/02\/Clausura-Cong-PC-DC-750x500.jpg 750w, https:\/\/www.upo.es\/diario\/wp-content\/uploads\/2023\/02\/Clausura-Cong-PC-DC-768x512.jpg 768w, https:\/\/www.upo.es\/diario\/wp-content\/uploads\/2023\/02\/Clausura-Cong-PC-DC-1536x1024.jpg 1536w, https:\/\/www.upo.es\/diario\/wp-content\/uploads\/2023\/02\/Clausura-Cong-PC-DC-2048x1365.jpg 2048w\" sizes=\"auto, (max-width: 385px) 100vw, 385px\" \/><\/a><figcaption id=\"caption-attachment-30877168\" class=\"wp-caption-text\">David Cobos<\/figcaption><\/figure>\n<p>David Cobos ha destacado que el Congreso ha supuesto una puesta al d\u00eda de los conocimientos, terapias, avances m\u00e9dicos, as\u00ed como de desarrollos tecnol\u00f3gicos incipientes, que permiten mejoras en la calidad de vida de las personas. \u201cHemos ayudado a cubrir necesidades de familias que tanto necesitan de estos avances\u201d. Por su parte, tras agradecer la participaci\u00f3n de entidades, empresas y profesionales, la presidenta del Consejo Social, Roc\u00edo Reinoso, ha propuesto que en los premios de excelencia acad\u00e9mica se incluya un cupo para personas con discapacidad. La consejera de Inclusi\u00f3n Social, Juventud, Familias e Igualdad ha destacado de la Universidad Pablo de Olavide que sea un referente en el \u00e1mbito social y ha cerrado el Congreso haciendo un llamamiento al compromiso social, subrayando que \u201ctodos tenemos una obligaci\u00f3n con la sociedad, sea cual sea nuestra profesi\u00f3n, y esta es ayudar en lo posible a quien lo necesita\u201d.<\/p>\n<h3><strong>Sobre la C\u00e1tedra Fundaci\u00f3n Antonio Guerrero de la UPO<\/strong><\/h3>\n<p>Nace para potenciar la inclusi\u00f3n, no solo en las aulas de cualquier centro escolar o universitario, sino en el amplio espectro de la sociedad, con el objetivo de reducir las diferencias de trato y oportunidades para el empleo, accesibilidad, proyecto de vida independiente, autogesti\u00f3n y acceso a una vivienda propia de las personas con par\u00e1lisis cerebral, bajo el prisma de la perspectiva de g\u00e9nero.<\/p>\n<p>Sus codirectores son la directora general de Inclusi\u00f3n y Pol\u00edticas Socioculturales de la Universidad Pablo de Olavide, Mar\u00eda Jos\u00e9 Parejo; y el presidente de la Fundaci\u00f3n, Antonio Guerrero.<\/p>\n<figure id=\"attachment_30877172\" aria-describedby=\"caption-attachment-30877172\" style=\"width: 750px\" class=\"wp-caption aligncenter\"><a href=\"https:\/\/www.upo.es\/diario\/wp-content\/uploads\/2023\/02\/Clausura-Cong-PC-familia-scaled.jpg\"><img loading=\"lazy\" decoding=\"async\" class=\"size-large wp-image-30877172\" src=\"https:\/\/www.upo.es\/diario\/wp-content\/uploads\/2023\/02\/Clausura-Cong-PC-familia-750x337.jpg\" alt=\"Foto de familia de la clausura del Congreso\" width=\"750\" height=\"337\" srcset=\"https:\/\/www.upo.es\/diario\/wp-content\/uploads\/2023\/02\/Clausura-Cong-PC-familia-750x337.jpg 750w, https:\/\/www.upo.es\/diario\/wp-content\/uploads\/2023\/02\/Clausura-Cong-PC-familia-385x173.jpg 385w, https:\/\/www.upo.es\/diario\/wp-content\/uploads\/2023\/02\/Clausura-Cong-PC-familia-768x346.jpg 768w, https:\/\/www.upo.es\/diario\/wp-content\/uploads\/2023\/02\/Clausura-Cong-PC-familia-1536x691.jpg 1536w, https:\/\/www.upo.es\/diario\/wp-content\/uploads\/2023\/02\/Clausura-Cong-PC-familia-2048x922.jpg 2048w\" sizes=\"auto, (max-width: 750px) 100vw, 750px\" \/><\/a><figcaption id=\"caption-attachment-30877172\" class=\"wp-caption-text\">Foto de familia de la clausura del Congreso<\/figcaption><\/figure>\n","protected":false},"excerpt":{"rendered":"<p>El I Congreso Internacional de Par\u00e1lisis Cerebral, organizado por la C\u00e1tedra Fundaci\u00f3n Antonio Guerrero de la Universidad Pablo de Olavide en el marco del 25\u00ba Aniversario de la UPO, ha concluido esta tarde en el campus emplazando a entidades y profesionales participantes a una nueva cita para 2025, ya que el Congreso nace con vocaci\u00f3n de tener continuidad bienal.<\/p>\n","protected":false},"author":6,"featured_media":30877167,"comment_status":"closed","ping_status":"open","sticky":false,"template":"","format":"standard","meta":{"_monsterinsights_skip_tracking":false,"_monsterinsights_sitenote_active":false,"_monsterinsights_sitenote_note":"","_monsterinsights_sitenote_category":0,"footnotes":""},"categories":[2779],"tags":[1880,5150,203,5635,6210,7194],"class_list":["post-30877164","post","type-post","status-publish","format-standard","has-post-thumbnail","hentry","category-docencia-formacion","tag-congreso-internacional","tag-david-cobos-sanchiz","tag-junta-de-andalucia","tag-maria-jose-parejo","tag-paralisis-cerebral","tag-vicerrectorado-de-cultura-y-politicas-sociales"],"_links":{"self":[{"href":"https:\/\/www.upo.es\/diario\/wp-json\/wp\/v2\/posts\/30877164","targetHints":{"allow":["GET"]}}],"collection":[{"href":"https:\/\/www.upo.es\/diario\/wp-json\/wp\/v2\/posts"}],"about":[{"href":"https:\/\/www.upo.es\/diario\/wp-json\/wp\/v2\/types\/post"}],"author":[{"embeddable":true,"href":"https:\/\/www.upo.es\/diario\/wp-json\/wp\/v2\/users\/6"}],"replies":[{"embeddable":true,"href":"https:\/\/www.upo.es\/diario\/wp-json\/wp\/v2\/comments?post=30877164"}],"version-history":[{"count":6,"href":"https:\/\/www.upo.es\/diario\/wp-json\/wp\/v2\/posts\/30877164\/revisions"}],"predecessor-version":[{"id":30877174,"href":"https:\/\/www.upo.es\/diario\/wp-json\/wp\/v2\/posts\/30877164\/revisions\/30877174"}],"wp:featuredmedia":[{"embeddable":true,"href":"https:\/\/www.upo.es\/diario\/wp-json\/wp\/v2\/media\/30877167"}],"wp:attachment":[{"href":"https:\/\/www.upo.es\/diario\/wp-json\/wp\/v2\/media?parent=30877164"}],"wp:term":[{"taxonomy":"category","embeddable":true,"href":"https:\/\/www.upo.es\/diario\/wp-json\/wp\/v2\/categories?post=30877164"},{"taxonomy":"post_tag","embeddable":true,"href":"https:\/\/www.upo.es\/diario\/wp-json\/wp\/v2\/tags?post=30877164"}],"curies":[{"name":"wp","href":"https:\/\/api.w.org\/{rel}","templated":true}]}}