{"id":30877245,"date":"2023-02-23T06:56:15","date_gmt":"2023-02-23T05:56:15","guid":{"rendered":"https:\/\/www.upo.es\/diario\/?p=30877245"},"modified":"2023-02-23T15:02:09","modified_gmt":"2023-02-23T14:02:09","slug":"sensibilidad-quimica-general-por-dano-cerebral-un-desequilibrio-sin-aparente-explicacion","status":"publish","type":"post","link":"https:\/\/www.upo.es\/diario\/theconversation\/2023\/02\/sensibilidad-quimica-general-por-dano-cerebral-un-desequilibrio-sin-aparente-explicacion\/","title":{"rendered":"Sensibilidad qu\u00edmica general por da\u00f1o cerebral, un desequilibrio sin aparente explicaci\u00f3n"},"content":{"rendered":"<figure id=\"attachment_30877247\" aria-describedby=\"caption-attachment-30877247\" style=\"width: 750px\" class=\"wp-caption aligncenter\"><a href=\"https:\/\/www.upo.es\/diario\/wp-content\/uploads\/2023\/02\/TheConversation_20230223-scaled.jpg\"><img loading=\"lazy\" decoding=\"async\" class=\"size-large wp-image-30877247\" src=\"https:\/\/www.upo.es\/diario\/wp-content\/uploads\/2023\/02\/TheConversation_20230223-750x500.jpg\" alt=\"Shutterstock \/ Dmytro Zinkevych\" width=\"750\" height=\"500\" srcset=\"https:\/\/www.upo.es\/diario\/wp-content\/uploads\/2023\/02\/TheConversation_20230223-750x500.jpg 750w, https:\/\/www.upo.es\/diario\/wp-content\/uploads\/2023\/02\/TheConversation_20230223-385x257.jpg 385w, https:\/\/www.upo.es\/diario\/wp-content\/uploads\/2023\/02\/TheConversation_20230223-768x512.jpg 768w, https:\/\/www.upo.es\/diario\/wp-content\/uploads\/2023\/02\/TheConversation_20230223-1536x1024.jpg 1536w\" sizes=\"auto, (max-width: 750px) 100vw, 750px\" \/><\/a><figcaption id=\"caption-attachment-30877247\" class=\"wp-caption-text\">Shutterstock \/ Dmytro Zinkevych<\/figcaption><\/figure>\n<p><a href=\"https:\/\/theconversation.com\/profiles\/guillermo-lopez-lluch-1122562\">Guillermo L\u00f3pez Lluch<\/a>, <em><a href=\"https:\/\/theconversation.com\/institutions\/universidad-pablo-de-olavide-1362\">Universidad Pablo de Olavide<\/a><\/em><\/p>\n<p>Por sorprendente que parezca, hay personas que sufren inflamaci\u00f3n o experimentan s\u00edntomas similares a la alergia frente a perfumes, olores de todo tipo, jabones, detergentes, una r\u00e1faga de aire fr\u00edo o incluso una situaci\u00f3n estresante. \u00bfA qu\u00e9 se debe esta respuesta tan agresiva ante elementos inocuos para la mayor\u00eda de nosotros?<\/p>\n<p>El problema recibe el nombre de <a href=\"https:\/\/www.mdpi.com\/2076-3425\/12\/1\/46\">sensibilidad qu\u00edmica general<\/a> y provoca gran escepticismo incluso entre los profesionales sanitarios. Por ello, muchos pacientes acaban recibiendo el diagn\u00f3stico de \u201cproblema psicosom\u00e1tico\u201d, una especie de caj\u00f3n de sastre.<\/p>\n<p>Sin embargo, puede que este heterog\u00e9neo grupo de s\u00edntomas aparentemente incomprensibles tenga un origen com\u00fan muy concreto: un desequilibrio inmunitario derivado de da\u00f1os en el cerebro.<\/p>\n<h3>El cerebro est\u00e1 al mando<\/h3>\n<p>Si aceptamos que el origen es psicosom\u00e1tico, deber\u00edamos identificar el problema en el sistema nervioso central que provoca un s\u00edntoma que es com\u00fan a todos ellos: <a href=\"https:\/\/pubmed.ncbi.nlm.nih.gov\/26613326\/\">la liberaci\u00f3n masiva de histamina que afecta a todo el organismo<\/a>.<\/p>\n<p>La <a href=\"https:\/\/medlineplus.gov\/spanish\/videos-de-medlineplus\/histamina-de-lo-que-esta-hecha-la-alergia\/\">histamina<\/a> es el agente inflamatorio que provoca las alergias. Lo producen diferentes c\u00e9lulas, entre ellas los bas\u00f3filos, las c\u00e9lulas cebadas y los mastocitos. Este efecto puede ir desde la inflamaci\u00f3n moderada asociada a la alergia primaveral hasta la inflamaci\u00f3n aguda y agresiva asociada a las alergias alimenticias.<\/p>\n<p>Los pacientes con sensibilidad qu\u00edmica general muestran <a href=\"https:\/\/www.mdpi.com\/2076-3425\/12\/1\/46\">unos niveles muy altos de histamina y tambi\u00e9n de factores inflamatorios<\/a> que indican que existe un claro desequilibrio en el control de la respuesta inflamatoria.<\/p>\n<p>Como no pod\u00eda ser de otra manera, el control de esa respuesta radica en el cerebro, el centro de mando del organismo. Concretamente, son el hipot\u00e1lamo y la <a href=\"https:\/\/www.msdmanuals.com\/es-es\/hogar\/trastornos-hormonales-y-metab%C3%B3licos\/trastornos-de-la-hip%C3%B3fisis\/introducci%C3%B3n-a-la-hip%C3%B3fisis\">hip\u00f3fisis o gl\u00e1ndula pituitaria<\/a> los que liberan las hormonas que controlan el metabolismo, el crecimiento, la reproducci\u00f3n y el sistema inmunitario.<\/p>\n<h3>Da\u00f1os cerebrales que desequilibran el sistema inmune<\/h3>\n<p>Cuando pensamos en da\u00f1o cerebral lo primero que se nos suele venir a la mente es un trastorno que afecta a la coordinaci\u00f3n motora o a la capacidad cognitiva. Pero no es as\u00ed. La realidad es que los traumatismos craneoencef\u00e1licos tambi\u00e9n pueden causar <a href=\"https:\/\/www.jkns.or.kr\/journal\/view.php?doi=10.3340\/jkns.2021.0310\">patolog\u00edas respiratorias<\/a>, anormalidades cardiovasculares, deficiencia renal e incluso <a href=\"https:\/\/www.thrombosisresearch.com\/article\/S0049-3848(20)30602-2\/fulltext\">trombosis venosas profundas<\/a>.<\/p>\n<p>Adem\u00e1s, se ha demostrado que si los da\u00f1os afectan al hipot\u00e1lamo y la hip\u00f3fisis tambi\u00e9n pueden dar origen a <a href=\"https:\/\/neurvanahealth.com\/condition-information\/3-weird-symptoms-you-may-experience-after-a-concussion\/\">desequilibrios en el sistema inmunitario<\/a>. Y resulta que m\u00faltiples revisiones de la literatura cient\u00edfica y cl\u00ednica muestran que las personas con sensibilidad qu\u00edmica general presentan una sobreestimulaci\u00f3n del sistema regulado por hipot\u00e1lamo e hip\u00f3fisis <a href=\"https:\/\/environhealthprevmed.biomedcentral.com\/articles\/10.1186\/s12199-019-0816-6\">cuando son sometidas a la presencia de sustancias que les provocan sensibilidad por el olor<\/a>. Todo empieza a cobrar sentido, \u00bfverdad?<\/p>\n<p>Un desajuste en la liberaci\u00f3n de hormonas por parte de la hip\u00f3fisis y el hipot\u00e1lamo podr\u00eda acarrear problemas graves. Por ejemplo, si se dispara la <a href=\"https:\/\/www.frontiersin.org\/articles\/10.3389\/fnins.2017.00703\/full\">vasopresina del hipot\u00e1lamo y acaba sobrestimulando los mastocitos y provocando una mayor liberaci\u00f3n de histamina<\/a>. Si lo que aumenta es la circulaci\u00f3n del <a href=\"https:\/\/www.frontiersin.org\/articles\/10.3389\/fnint.2013.00053\/full\">factor de liberaci\u00f3n de corticotropina<\/a>, tambi\u00e9n se activan los mastocitos.<\/p>\n<p>No obstante, este tipo de respuesta puede producirse sin necesidad de da\u00f1os de origen traum\u00e1tico. De hecho, <a href=\"https:\/\/onlinelibrary.wiley.com\/doi\/10.1002\/1348-9585.12328\">en pacientes con migra\u00f1as reiteradas<\/a> se ha encontrado una alta posibilidad de desarrollar sensibilidad qu\u00edmica general caracterizada por fobia a la luz, respuesta excesiva a los olores y sensibilidad central generalizada. Es m\u00e1s, ciertos tipos de migra\u00f1as <a href=\"https:\/\/thejournalofheadacheandpain.biomedcentral.com\/articles\/10.1186\/s10194-016-0614-0\">se han asociado con da\u00f1os que afectan a la hip\u00f3fisis<\/a>.<\/p>\n<p>Para m\u00e1s inri, resulta que algunos traumatismos craneoencef\u00e1licos generan desequilibrios en la actividad de la hip\u00f3fisis que desencadenan <a href=\"https:\/\/link.springer.com\/article\/10.1007\/s11102-019-00953-z\">procesos autoinmunitarios incluso meses o semanas despu\u00e9s del evento traum\u00e1tico<\/a>.<\/p>\n<p>Son suficientes evidencias para sospechar que detr\u00e1s de la sensibilidad qu\u00edmica general, de esa especie de alergia desproporcionada, podr\u00eda haber un da\u00f1o cerebral en el hipot\u00e1lamo y la hip\u00f3fisis que producir\u00eda un desequilibrio hormonal.<\/p>\n<h3>Los mastocitos como agentes liberadores de histamina<\/h3>\n<p>Otro detalle a tener en cuenta es que los eventos traum\u00e1ticos cerebrales rompen la barrera hematoencef\u00e1lica, produciendo un efecto infamatorio a nivel del cerebro en el que <a href=\"https:\/\/journals.sagepub.com\/doi\/10.1038\/jcbfm.2009.282\">la activaci\u00f3n de los mastocitos juega tambi\u00e9n un papel importante<\/a>. Estas c\u00e9lulas, adem\u00e1s, <a href=\"https:\/\/journals.sagepub.com\/doi\/10.1038\/jcbfm.2009.282\">son c\u00e9lulas residentes en el sistema nervioso central y en las meninges<\/a>, el tejido conjuntivo que protege el cerebro y lo separa del hueso.<\/p>\n<p>Por todo ello cabe la posibilidad de que una activaci\u00f3n continua de estos mastocitos, derivada de la inflamaci\u00f3n cr\u00f3nica a nivel cerebral, y asociada con eventos agudos generados por la exposici\u00f3n a agentes externos, sea responsable de esos altos niveles de histamina encontrados en los pacientes con sensibilidad qu\u00edmica general y tambi\u00e9n de sus crisis.<\/p>\n<h3>Necesitamos terapias basadas en el origen del problema<\/h3>\n<p>Probablemente el mayor problema para solventar desequilibrios tan complejos sea la falta aparente de un factor com\u00fan claro, un factor que relacione los da\u00f1os en el sistema nervioso central con la liberaci\u00f3n excesiva de histamina frente a est\u00edmulos externos inocuos. Por ello, <a href=\"https:\/\/www.acpjournals.org\/doi\/10.7326\/0003-4819-134-9_part_2-200105011-00011?url_ver=Z39.88-2003&amp;rfr_id=ori:rid:crossref.org&amp;rfr_dat=cr_pub%20%200pubmed\">encontrar la causa y revertir el desequilibrio originado por el da\u00f1o cerebral es clave para solventar estos problemas<\/a>.<\/p>\n<p>Mientras tanto hay que abandonar el escepticismo, focalizar en los agentes desequilibrantes y buscar las terapias m\u00e1s eficaces que reviertan los s\u00edntomas, especialmente reduciendo la respuesta inflamatoria asociada con esta enfermedad.<\/p>\n<p><a href=\"https:\/\/theconversation.com\/profiles\/guillermo-lopez-lluch-1122562\">Guillermo L\u00f3pez Lluch<\/a>, Catedr\u00e1tico del \u00e1rea de Biolog\u00eda Celular. Investigador asociado del Centro Andaluz de Biolog\u00eda del Desarrollo. Investigador en metabolismo, envejecimiento y sistemas inmunol\u00f3gicos y antioxidantes., <em><a href=\"https:\/\/theconversation.com\/institutions\/universidad-pablo-de-olavide-1362\">Universidad Pablo de Olavide<\/a><\/em><\/p>\n<p>Este art\u00edculo fue publicado originalmente en <a href=\"https:\/\/theconversation.com\">The Conversation<\/a>. Lea el <a href=\"https:\/\/theconversation.com\/sensibilidad-quimica-general-por-dano-cerebral-un-desequilibrio-sin-aparente-explicacion-198440\">original<\/a>.<\/p>\n<p><img loading=\"lazy\" decoding=\"async\" style=\"border: none !important; box-shadow: none !important; margin: 0 !important; max-height: 1px !important; max-width: 1px !important; min-height: 1px !important; min-width: 1px !important; opacity: 0 !important; outline: none !important; padding: 0 !important;\" src=\"https:\/\/counter.theconversation.com\/content\/198440\/count.gif?distributor=republish-lightbox-advanced\" alt=\"The Conversation\" width=\"1\" height=\"1\" \/><\/p>\n","protected":false},"excerpt":{"rendered":"<p>Por sorprendente que parezca, hay personas que sufren inflamaci\u00f3n o experimentan s\u00edntomas similares a la alergia frente a perfumes, olores de todo tipo, jabones, detergentes, una r\u00e1faga de aire fr\u00edo o incluso una situaci\u00f3n estresante. \u00bfA qu\u00e9 se debe esta respuesta tan agresiva ante elementos inocuos para la mayor\u00eda de nosotros?<\/p>\n","protected":false},"author":6,"featured_media":30877247,"comment_status":"closed","ping_status":"open","sticky":false,"template":"","format":"standard","meta":{"_monsterinsights_skip_tracking":false,"_monsterinsights_sitenote_active":false,"_monsterinsights_sitenote_note":"","_monsterinsights_sitenote_category":0,"footnotes":""},"categories":[5390],"tags":[246,4996,2413],"class_list":["post-30877245","post","type-post","status-publish","format-standard","has-post-thumbnail","hentry","category-theconversation","tag-biologia","tag-biologia-celular","tag-cerebro"],"_links":{"self":[{"href":"https:\/\/www.upo.es\/diario\/wp-json\/wp\/v2\/posts\/30877245","targetHints":{"allow":["GET"]}}],"collection":[{"href":"https:\/\/www.upo.es\/diario\/wp-json\/wp\/v2\/posts"}],"about":[{"href":"https:\/\/www.upo.es\/diario\/wp-json\/wp\/v2\/types\/post"}],"author":[{"embeddable":true,"href":"https:\/\/www.upo.es\/diario\/wp-json\/wp\/v2\/users\/6"}],"replies":[{"embeddable":true,"href":"https:\/\/www.upo.es\/diario\/wp-json\/wp\/v2\/comments?post=30877245"}],"version-history":[{"count":3,"href":"https:\/\/www.upo.es\/diario\/wp-json\/wp\/v2\/posts\/30877245\/revisions"}],"predecessor-version":[{"id":30877249,"href":"https:\/\/www.upo.es\/diario\/wp-json\/wp\/v2\/posts\/30877245\/revisions\/30877249"}],"wp:featuredmedia":[{"embeddable":true,"href":"https:\/\/www.upo.es\/diario\/wp-json\/wp\/v2\/media\/30877247"}],"wp:attachment":[{"href":"https:\/\/www.upo.es\/diario\/wp-json\/wp\/v2\/media?parent=30877245"}],"wp:term":[{"taxonomy":"category","embeddable":true,"href":"https:\/\/www.upo.es\/diario\/wp-json\/wp\/v2\/categories?post=30877245"},{"taxonomy":"post_tag","embeddable":true,"href":"https:\/\/www.upo.es\/diario\/wp-json\/wp\/v2\/tags?post=30877245"}],"curies":[{"name":"wp","href":"https:\/\/api.w.org\/{rel}","templated":true}]}}