{"id":30877275,"date":"2023-03-01T11:16:47","date_gmt":"2023-03-01T10:16:47","guid":{"rendered":"https:\/\/www.upo.es\/diario\/?p=30877275"},"modified":"2023-03-03T15:17:44","modified_gmt":"2023-03-03T14:17:44","slug":"el-rector-recoge-la-medalla-de-andalucia-concedida-a-la-universidad-pablo-de-olavide","status":"publish","type":"post","link":"https:\/\/www.upo.es\/diario\/institucional\/2023\/03\/el-rector-recoge-la-medalla-de-andalucia-concedida-a-la-universidad-pablo-de-olavide\/","title":{"rendered":"El rector recoge la Medalla de Andaluc\u00eda concedida a la Universidad Pablo de Olavide"},"content":{"rendered":"<figure id=\"attachment_30877276\" aria-describedby=\"caption-attachment-30877276\" style=\"width: 750px\" class=\"wp-caption aligncenter\"><a href=\"https:\/\/www.upo.es\/diario\/wp-content\/uploads\/2023\/03\/imagen_MedallaAndalucia-rector-scaled.jpg\"><img loading=\"lazy\" decoding=\"async\" class=\"wp-image-30877276 size-large\" src=\"https:\/\/www.upo.es\/diario\/wp-content\/uploads\/2023\/03\/imagen_MedallaAndalucia-rector-750x499.jpg\" alt=\"\" width=\"750\" height=\"499\" srcset=\"https:\/\/www.upo.es\/diario\/wp-content\/uploads\/2023\/03\/imagen_MedallaAndalucia-rector-750x499.jpg 750w, https:\/\/www.upo.es\/diario\/wp-content\/uploads\/2023\/03\/imagen_MedallaAndalucia-rector-385x256.jpg 385w, https:\/\/www.upo.es\/diario\/wp-content\/uploads\/2023\/03\/imagen_MedallaAndalucia-rector-768x511.jpg 768w, https:\/\/www.upo.es\/diario\/wp-content\/uploads\/2023\/03\/imagen_MedallaAndalucia-rector-1536x1021.jpg 1536w, https:\/\/www.upo.es\/diario\/wp-content\/uploads\/2023\/03\/imagen_MedallaAndalucia-rector-2048x1362.jpg 2048w, https:\/\/www.upo.es\/diario\/wp-content\/uploads\/2023\/03\/imagen_MedallaAndalucia-rector-165x109.jpg 165w, https:\/\/www.upo.es\/diario\/wp-content\/uploads\/2023\/03\/imagen_MedallaAndalucia-rector-1320x878.jpg 1320w\" sizes=\"auto, (max-width: 750px) 100vw, 750px\" \/><\/a><figcaption id=\"caption-attachment-30877276\" class=\"wp-caption-text\">Juanma Moreno y Francisco Oliva. Foto Junta<\/figcaption><\/figure>\n<p>El rector de la Universidad Pablo de Olavide, <strong>Francisco Oliva Bl\u00e1zquez<\/strong>, ha recogido la <a href=\"https:\/\/twitter.com\/AndaluciaJunta\/status\/1630542936541745152?s=20\"><strong>Medalla de Andaluc\u00eda en el \u00e1mbito de las Ciencias Sociales y Letras<\/strong><\/a> concedida por el Consejo de Gobierno de la Junta de Andaluc\u00eda a la Universidad Pablo de Olavide en el acto de celebraci\u00f3n del <strong>D\u00eda de Andaluc\u00eda<\/strong> en el Teatro de la Maestranza de Sevilla.<\/p>\n<p>Durante su discurso, el presidente de la Junta de Andaluc\u00eda,<strong> Juanma Moreno<\/strong>, ha recordado que la Universidad Pablo de Olavide se encuentra celebrando su 25\u00ba Aniversario, fruto de un trabajo realizado <strong>\u201ccon pasi\u00f3n y una trayectoria excelente\u201d<\/strong>. Asimismo, se ha referido a \u201cla formaci\u00f3n nuestros j\u00f3venes como el motor de nuestras grandes universidades\u201d.<\/p>\n<p>Por otra parte, el presidente de la Junta ha tenido palabras de agradecimiento para todos los premiados y premiadas en este 28F por su entrega, de quienes ha destacado su dilatada trayectoria profesional.<\/p>\n<p>Francisco Oliva Bl\u00e1zquez ha expresado su \u201cenorme satisfacci\u00f3n y alegr\u00eda por este reconocimiento\u201d y ha destacado la calidad en la docencia, una investigaci\u00f3n de excelencia y un fuerte compromiso social como los motivos para conceder la Medalla de Andaluc\u00eda a la instituci\u00f3n. Asimismo, ha recordado que \u201cla Universidad Pablo de Olavide siempre ha mirado hacia las necesidades de la sociedad y se ha preocupado por aportar todo su conocimiento y saber hacer\u201d.<\/p>\n<p><strong>\u00a0<\/strong>Al acto 28F, han asistido los miembros del Consejo de Gobierno de la Junta; el presidente del Parlamento de Andaluc\u00eda, Jes\u00fas Aguirre; los y las componentes de la Mesa y portavoces del Parlamento andaluz; el delegado del Gobierno de Espa\u00f1a en Andaluc\u00eda, Pedro Fern\u00e1ndez, as\u00ed como expresidentes de la Junta de Andaluc\u00eda, entre otras autoridades civiles, judiciales y militares.<\/p>\n<figure id=\"attachment_30877277\" aria-describedby=\"caption-attachment-30877277\" style=\"width: 385px\" class=\"wp-caption alignright\"><a href=\"https:\/\/www.upo.es\/diario\/wp-content\/uploads\/2023\/03\/28Ffotogrupo2.jpg\"><img loading=\"lazy\" decoding=\"async\" class=\"size-medium wp-image-30877277\" src=\"https:\/\/www.upo.es\/diario\/wp-content\/uploads\/2023\/03\/28Ffotogrupo2-385x256.jpg\" alt=\"\" width=\"385\" height=\"256\" srcset=\"https:\/\/www.upo.es\/diario\/wp-content\/uploads\/2023\/03\/28Ffotogrupo2-385x256.jpg 385w, https:\/\/www.upo.es\/diario\/wp-content\/uploads\/2023\/03\/28Ffotogrupo2-750x498.jpg 750w, https:\/\/www.upo.es\/diario\/wp-content\/uploads\/2023\/03\/28Ffotogrupo2-768x510.jpg 768w, https:\/\/www.upo.es\/diario\/wp-content\/uploads\/2023\/03\/28Ffotogrupo2-1536x1021.jpg 1536w, https:\/\/www.upo.es\/diario\/wp-content\/uploads\/2023\/03\/28Ffotogrupo2-165x109.jpg 165w, https:\/\/www.upo.es\/diario\/wp-content\/uploads\/2023\/03\/28Ffotogrupo2-1320x877.jpg 1320w, https:\/\/www.upo.es\/diario\/wp-content\/uploads\/2023\/03\/28Ffotogrupo2.jpg 2048w\" sizes=\"auto, (max-width: 385px) 100vw, 385px\" \/><\/a><figcaption id=\"caption-attachment-30877277\" class=\"wp-caption-text\">Medallas de Andaluc\u00eda 2023. Foto Junta<\/figcaption><\/figure>\n<h3><strong>Medallas de Andaluc\u00eda 2023<\/strong><\/h3>\n<p>El Consejo de Gobierno de la Junta de Andaluc\u00eda concede estos galardones, que se entregan con motivo de la celebraci\u00f3n del D\u00eda de Andaluc\u00eda cada 28 de febrero, al objeto de reconocer la labor desarrollada por entidades y personas en toda la Comunidad Aut\u00f3noma. Para este a\u00f1o 2023, el palmar\u00e9s completo ha sido:<\/p>\n<ul>\n<li>Medalla de Andaluc\u00eda Manuel Clavero Ar\u00e9valo: Mercedes Moll de Miguel y Pilar T\u00e1vora<\/li>\n<li>Medalla de Andaluc\u00eda de las Ciencias Sociales y las Letras: Jos\u00e9 Mar\u00eda Segovia Azc\u00e1rate (Presidente de la Real Sociedad Colombina Onubense) y a la Universidad Pablo de Olavide<\/li>\n<li>Medalla de Andaluc\u00eda de las Artes: Juan Vald\u00e9s (pintor) y Julio Pardo (compositor gaditano)<\/li>\n<li>Medalla de Andaluc\u00eda del Deporte: Fundaci\u00f3n Unicaja y Real Club Mediterr\u00e1neo de M\u00e1laga<\/li>\n<li>Medalla de Andaluc\u00eda de la Solidaridad y la Concordia: CEIP C\u00e1ndido Nogales de Ja\u00e9n<\/li>\n<li>Medalla de Andaluc\u00eda de la Econom\u00eda y la Empresa: Grupo MAS y Silvia Pel\u00e1ez (empresaria)<\/li>\n<li>Medalla de Andaluc\u00eda de la Investigaci\u00f3n, la Ciencia y la Salud: Instituto Andaluz de Geof\u00edsica de la UGR y Ramiro Rivera L\u00f3pez (cirujano cardiovascular jiennense)<\/li>\n<li>Medalla de Andaluc\u00eda de la Proyecci\u00f3n de Andaluc\u00eda: Manuel Contreras Ramos (Grupo Azvi), al torero Manuel Ben\u00edtez &#8216;El Cordob\u00e9s&#8217; y al grupo musical Siempre As\u00ed<\/li>\n<li>Medalla de Andaluc\u00eda al M\u00e9rito Medioambiental: Mar\u00eda \u00c1ngeles Cayuela (armadora y persona destacada del asociacionismo del sector pesquero) y Mar\u00eda S\u00e1nchez Rodr\u00edguez (veterinaria, poeta, narradora y feminista)<\/li>\n<li>Medalla de Andaluc\u00eda a los Valores Humanos: Unidad de Polic\u00eda Adscrita de la Junta de Andaluc\u00eda<\/li>\n<\/ul>\n<p>&nbsp;<\/p>\n<p>&nbsp;<\/p>\n","protected":false},"excerpt":{"rendered":"<p>El rector de la Universidad Pablo de Olavide, Francisco Oliva Bl\u00e1zquez, ha recogido la Medalla de Andaluc\u00eda en el \u00e1mbito de las Ciencias Sociales y Letras concedida por el Consejo de Gobierno de la Junta de Andaluc\u00eda a la Universidad Pablo de Olavide en el acto de celebraci\u00f3n del D\u00eda de Andaluc\u00eda en el Teatro de la Maestranza de Sevilla.<\/p>\n","protected":false},"author":14,"featured_media":30877276,"comment_status":"closed","ping_status":"open","sticky":false,"template":"","format":"standard","meta":{"_monsterinsights_skip_tracking":false,"_monsterinsights_sitenote_active":false,"_monsterinsights_sitenote_note":"","_monsterinsights_sitenote_category":0,"footnotes":""},"categories":[6],"tags":[7944,8255,3191,5888,203,8254,38,8266],"class_list":["post-30877275","post","type-post","status-publish","format-standard","has-post-thumbnail","hentry","category-institucional","tag-25-aniversario-upo","tag-28f","tag-dia-de-andalucia","tag-juanma-moreno","tag-junta-de-andalucia","tag-medalla-de-andalucia","tag-rector","tag-teatro-de-la-maestranza"],"_links":{"self":[{"href":"https:\/\/www.upo.es\/diario\/wp-json\/wp\/v2\/posts\/30877275","targetHints":{"allow":["GET"]}}],"collection":[{"href":"https:\/\/www.upo.es\/diario\/wp-json\/wp\/v2\/posts"}],"about":[{"href":"https:\/\/www.upo.es\/diario\/wp-json\/wp\/v2\/types\/post"}],"author":[{"embeddable":true,"href":"https:\/\/www.upo.es\/diario\/wp-json\/wp\/v2\/users\/14"}],"replies":[{"embeddable":true,"href":"https:\/\/www.upo.es\/diario\/wp-json\/wp\/v2\/comments?post=30877275"}],"version-history":[{"count":4,"href":"https:\/\/www.upo.es\/diario\/wp-json\/wp\/v2\/posts\/30877275\/revisions"}],"predecessor-version":[{"id":30877285,"href":"https:\/\/www.upo.es\/diario\/wp-json\/wp\/v2\/posts\/30877275\/revisions\/30877285"}],"wp:featuredmedia":[{"embeddable":true,"href":"https:\/\/www.upo.es\/diario\/wp-json\/wp\/v2\/media\/30877276"}],"wp:attachment":[{"href":"https:\/\/www.upo.es\/diario\/wp-json\/wp\/v2\/media?parent=30877275"}],"wp:term":[{"taxonomy":"category","embeddable":true,"href":"https:\/\/www.upo.es\/diario\/wp-json\/wp\/v2\/categories?post=30877275"},{"taxonomy":"post_tag","embeddable":true,"href":"https:\/\/www.upo.es\/diario\/wp-json\/wp\/v2\/tags?post=30877275"}],"curies":[{"name":"wp","href":"https:\/\/api.w.org\/{rel}","templated":true}]}}