{"id":30877286,"date":"2023-03-01T13:28:13","date_gmt":"2023-03-01T12:28:13","guid":{"rendered":"https:\/\/www.upo.es\/diario\/?p=30877286"},"modified":"2023-03-07T13:47:09","modified_gmt":"2023-03-07T12:47:09","slug":"programa-concienciacion-ciberseguridad","status":"publish","type":"post","link":"https:\/\/www.upo.es\/diario\/comunidad\/2023\/03\/programa-concienciacion-ciberseguridad\/","title":{"rendered":"La Universidad Pablo de Olavide lanza un programa de concienciaci\u00f3n en ciberseguridad"},"content":{"rendered":"<p><img loading=\"lazy\" decoding=\"async\" class=\"aligncenter size-large wp-image-30877287\" src=\"https:\/\/www.upo.es\/diario\/wp-content\/uploads\/2023\/03\/ciberseguridad-750x422.png\" alt=\"Campa\u00f1a de ciberseguridad\" width=\"750\" height=\"422\" srcset=\"https:\/\/www.upo.es\/diario\/wp-content\/uploads\/2023\/03\/ciberseguridad-750x422.png 750w, https:\/\/www.upo.es\/diario\/wp-content\/uploads\/2023\/03\/ciberseguridad-385x217.png 385w, https:\/\/www.upo.es\/diario\/wp-content\/uploads\/2023\/03\/ciberseguridad-768x432.png 768w, https:\/\/www.upo.es\/diario\/wp-content\/uploads\/2023\/03\/ciberseguridad-1536x864.png 1536w, https:\/\/www.upo.es\/diario\/wp-content\/uploads\/2023\/03\/ciberseguridad-1320x743.png 1320w, https:\/\/www.upo.es\/diario\/wp-content\/uploads\/2023\/03\/ciberseguridad.png 1920w\" sizes=\"auto, (max-width: 750px) 100vw, 750px\" \/>La <strong>Gerencia<\/strong> y el <strong>Vicerrectorado de Transformaci\u00f3n Digital de la Universidad Pablo de Olavide<\/strong>, a trav\u00e9s del Centro de Inform\u00e1tica y Comunicaciones, han puesto en marcha un <strong>programa de concienciaci\u00f3n en ciberseguridad<\/strong> dirigido al personal no docente de la instituci\u00f3n.<\/p>\n<p>Este programa tiene un doble objetivo, por un lado, concienciar a los usuarios y usuarias de su papel y, sobre todo, de su responsabilidad en materia de ciberseguridad y, por otro, dotarles de las competencias digitales necesarias para detectar y actuar frente a las diferentes formas de ciberataques, consiguiendo un uso m\u00e1s seguro de las tecnolog\u00edas.<\/p>\n<p>La campa\u00f1a est\u00e1 enmarcada en las acciones del <a href=\"https:\/\/www.upo.es\/plan-transformacion-digital\">Plan de Transformaci\u00f3n Digital 2022-2024<\/a> en su eje estrat\u00e9gico 5. Este eje contempla una universidad digitalmente m\u00e1s segura y comprometida en promover la mejora en la concienciaci\u00f3n y las competencias digitales en ciberseguridad. A su vez, tambi\u00e9n se enmarca dentro del Plan de Medidas Antifraude aprobado en diciembre de 2021 por la Universidad Pablo de Olavide, como una formaci\u00f3n indispensable para gestionar eficazmente los riesgos en la gesti\u00f3n de los fondos p\u00fablicos.<\/p>\n<p>La iniciativa consiste en una experiencia formativa <em>online<\/em> en primera persona por parte del personal no docente de la Universidad Pablo de Olavide sobre concienciaci\u00f3n en ciberseguridad a trav\u00e9s de un formato diferente basado en la gamificaci\u00f3n y el <em>storytelling<\/em>: cada participante experimentar\u00e1 ser un ciberagente de la \u2018Firewall Mindsent Agency\u2019 y se enfrentar\u00e1 a tres casos relacionados con la recopilaci\u00f3n de informaci\u00f3n privada en internet, la suplantaci\u00f3n de identidad y el robo de datos bancarios.<\/p>\n<p>The Firewall Mindset es una soluci\u00f3n desarrollada por la consultor\u00eda tecnol\u00f3gica Entelgy para cambiar comportamientos y h\u00e1bitos en profesionales y as\u00ed aumentar la ciberseguridad de las empresas e instituciones, disminuyendo el riesgo del factor humano.<\/p>\n<p>Durante tres meses se desarrollar\u00e1 este programa que supone \u201cun paso m\u00e1s en el compromiso de la Universidad por reforzar, dentro del \u00e1mbito de sus competencias, la pol\u00edtica antifraude en el desarrollo de sus funciones y a promover, dentro de la organizaci\u00f3n, una cultura de integridad en la gesti\u00f3n\u201d resalta Concepci\u00f3n Mart\u00edn, gerente de la Universidad Pablo de Olavide. Asimismo, a\u00f1ade \u201clos ciberataques son cada d\u00eda m\u00e1s frecuentes en las administraciones p\u00fablicas; esto hace que la formaci\u00f3n en ciberseguridad sea una herramienta imprescindible contra estos ataques. La instituci\u00f3n necesita que el personal tenga los conocimientos actualizados y sea consciente de que la seguridad es fundamental para la organizaci\u00f3n\u201d.<\/p>\n<p>Por su parte el vicerrector de Transformaci\u00f3n Digital de la UPO, <strong>Ra\u00fal Gir\u00e1ldez<\/strong>, destaca que \u201cla seguridad inform\u00e1tica no solo es uno de los cinco ejes de nuestro Plan de Transformaci\u00f3n Digital, sino es el m\u00e1s importante en t\u00e9rminos operativos, ya que soslayarla pone en verdadero peligro toda nuestra actividad como instituci\u00f3n. Las personas, como usuarias de nuestros servicios inform\u00e1ticos, no s\u00f3lo son parte de nuestro sistema de seguridad, sino que son la primera barrera contra potenciales ataques y, a la vez, son el eslab\u00f3n m\u00e1s d\u00e9bil de toda la cadena\u201d. En este sentido, insiste en un mensaje que se debe interiorizar que \u201c<strong>la ciberseguridad no es solo una cuesti\u00f3n t\u00e9cnica, es responsabilidad de todos y todas<\/strong>. De nada sirve que los mejores t\u00e9cnicos equipen nuestra casa con las medidas de seguridad m\u00e1s avanzadas para evitar que nos roben si luego nos dejamos las llaves puestas\u201d.<\/p>\n<p>Esta experiencia mejorar\u00e1 las capacidades de cada participante para reconocer un enga\u00f1o, entender c\u00f3mo funcionan los atacantes y qu\u00e9 quieren obtener de nosotros, d\u00f3nde observar para detectar el enga\u00f1o y c\u00f3mo saber actuar ante un incidente. En definitiva, que todo el aprendizaje se transforme en h\u00e1bitos seguros que se incorporen en el uso de las tecnolog\u00edas y nos protejan de los ciberataques.<\/p>\n<p>&nbsp;<\/p>\n","protected":false},"excerpt":{"rendered":"<p>La Gerencia y el Vicerrectorado de Transformaci\u00f3n Digital de la Universidad Pablo de Olavide, a trav\u00e9s del Centro de Inform\u00e1tica y Comunicaciones, han puesto en marcha un programa de concienciaci\u00f3n en ciberseguridad dirigido al personal no docente de la instituci\u00f3n. Este programa tiene un doble objetivo, por un lado, concienciar a los usuarios y usuarias de su papel y, sobre<a class=\"read-more\" href=\"https:\/\/www.upo.es\/diario\/comunidad\/2023\/03\/programa-concienciacion-ciberseguridad\/\">[Read More&#8230;]<\/a><\/p>\n","protected":false},"author":6,"featured_media":30877287,"comment_status":"closed","ping_status":"open","sticky":false,"template":"","format":"standard","meta":{"_monsterinsights_skip_tracking":false,"_monsterinsights_sitenote_active":false,"_monsterinsights_sitenote_note":"","_monsterinsights_sitenote_category":0,"footnotes":""},"categories":[5842],"tags":[5164,4241,424,2134,5297,682,550,1032,393,5688],"class_list":["post-30877286","post","type-post","status-publish","format-standard","has-post-thumbnail","hentry","category-comunidad","tag-ciberdelincuencia","tag-ciberseguridad","tag-cic","tag-digitalizacion","tag-gerencia","tag-pas","tag-plan-estrategico","tag-raul-giraldez","tag-tics","tag-transformacion-digital"],"_links":{"self":[{"href":"https:\/\/www.upo.es\/diario\/wp-json\/wp\/v2\/posts\/30877286","targetHints":{"allow":["GET"]}}],"collection":[{"href":"https:\/\/www.upo.es\/diario\/wp-json\/wp\/v2\/posts"}],"about":[{"href":"https:\/\/www.upo.es\/diario\/wp-json\/wp\/v2\/types\/post"}],"author":[{"embeddable":true,"href":"https:\/\/www.upo.es\/diario\/wp-json\/wp\/v2\/users\/6"}],"replies":[{"embeddable":true,"href":"https:\/\/www.upo.es\/diario\/wp-json\/wp\/v2\/comments?post=30877286"}],"version-history":[{"count":1,"href":"https:\/\/www.upo.es\/diario\/wp-json\/wp\/v2\/posts\/30877286\/revisions"}],"predecessor-version":[{"id":30877288,"href":"https:\/\/www.upo.es\/diario\/wp-json\/wp\/v2\/posts\/30877286\/revisions\/30877288"}],"wp:featuredmedia":[{"embeddable":true,"href":"https:\/\/www.upo.es\/diario\/wp-json\/wp\/v2\/media\/30877287"}],"wp:attachment":[{"href":"https:\/\/www.upo.es\/diario\/wp-json\/wp\/v2\/media?parent=30877286"}],"wp:term":[{"taxonomy":"category","embeddable":true,"href":"https:\/\/www.upo.es\/diario\/wp-json\/wp\/v2\/categories?post=30877286"},{"taxonomy":"post_tag","embeddable":true,"href":"https:\/\/www.upo.es\/diario\/wp-json\/wp\/v2\/tags?post=30877286"}],"curies":[{"name":"wp","href":"https:\/\/api.w.org\/{rel}","templated":true}]}}