{"id":30877289,"date":"2023-03-01T15:21:59","date_gmt":"2023-03-01T14:21:59","guid":{"rendered":"https:\/\/www.upo.es\/diario\/?p=30877289"},"modified":"2023-03-08T14:13:40","modified_gmt":"2023-03-08T13:13:40","slug":"presentacion-septima-carrera-popular-15-abril","status":"publish","type":"post","link":"https:\/\/www.upo.es\/diario\/comunidad\/2023\/03\/presentacion-septima-carrera-popular-15-abril\/","title":{"rendered":"La Universidad Pablo de Olavide celebra su VII Carrera Popular el 15 de abril"},"content":{"rendered":"<p><a href=\"https:\/\/www.upo.es\/diario\/wp-content\/uploads\/2023\/03\/imagen_CarreraPopular-scaled.jpg\"><img loading=\"lazy\" decoding=\"async\" class=\"aligncenter size-large wp-image-30877292\" src=\"https:\/\/www.upo.es\/diario\/wp-content\/uploads\/2023\/03\/imagen_CarreraPopular-750x500.jpg\" alt=\"Acto de presentaci\u00f3n de la VII Carrera Popular\" width=\"750\" height=\"500\" srcset=\"https:\/\/www.upo.es\/diario\/wp-content\/uploads\/2023\/03\/imagen_CarreraPopular-750x500.jpg 750w, https:\/\/www.upo.es\/diario\/wp-content\/uploads\/2023\/03\/imagen_CarreraPopular-385x257.jpg 385w, https:\/\/www.upo.es\/diario\/wp-content\/uploads\/2023\/03\/imagen_CarreraPopular-768x512.jpg 768w, https:\/\/www.upo.es\/diario\/wp-content\/uploads\/2023\/03\/imagen_CarreraPopular-1536x1024.jpg 1536w, https:\/\/www.upo.es\/diario\/wp-content\/uploads\/2023\/03\/imagen_CarreraPopular-2048x1365.jpg 2048w, https:\/\/www.upo.es\/diario\/wp-content\/uploads\/2023\/03\/imagen_CarreraPopular-165x109.jpg 165w, https:\/\/www.upo.es\/diario\/wp-content\/uploads\/2023\/03\/imagen_CarreraPopular-1320x880.jpg 1320w\" sizes=\"auto, (max-width: 750px) 100vw, 750px\" \/><\/a>La Universidad Pablo de Olavide ha presentado esta ma\u00f1ana todos los detalles de la nueva edici\u00f3n de su <strong>Carrera Popular<\/strong>. Un evento deportivo y solidario, organizado por el <strong>Vicerrectorado de Campus Saludable y Deporte<\/strong>, que este a\u00f1o <strong>se celebrar\u00e1 el pr\u00f3ximo 15 de abril a beneficio de la Asociaci\u00f3n Amiga por los Derechos Humanos de las Mujeres<\/strong>.<\/p>\n<p>El acto, que ha tenido lugar en la Sede Olavide en Sevilla-Centro ha estado presidido por <strong>Antonio Fern\u00e1ndez Mart\u00ednez<\/strong>, vicerrector de Campus Saludable y Deporte de la Universidad Pablo de Olavide; <strong>M\u00f3nica Dom\u00ednguez Serrano<\/strong>, delegada del rector para la Igualdad de G\u00e9nero; <strong>Vanessa Casado Caballero<\/strong>, fundadora de la Asociaci\u00f3n Amiga por los Derechos Humanos de las Mujeres y Gonzalo Garc\u00eda Garrido, triple ganador de este evento en ediciones anteriores.<\/p>\n<p><a href=\"https:\/\/www.upo.es\/carrerapopular\/\"><img loading=\"lazy\" decoding=\"async\" class=\"alignright wp-image-30877291 size-medium\" src=\"https:\/\/www.upo.es\/diario\/wp-content\/uploads\/2023\/03\/cartel-VII-carrera-popular-281x385.png\" alt=\"VII Carrera Popular UPO: 15 de abril de 2023\" width=\"281\" height=\"385\" srcset=\"https:\/\/www.upo.es\/diario\/wp-content\/uploads\/2023\/03\/cartel-VII-carrera-popular-281x385.png 281w, https:\/\/www.upo.es\/diario\/wp-content\/uploads\/2023\/03\/cartel-VII-carrera-popular-548x750.png 548w, https:\/\/www.upo.es\/diario\/wp-content\/uploads\/2023\/03\/cartel-VII-carrera-popular-768x1051.png 768w, https:\/\/www.upo.es\/diario\/wp-content\/uploads\/2023\/03\/cartel-VII-carrera-popular-1123x1536.png 1123w, https:\/\/www.upo.es\/diario\/wp-content\/uploads\/2023\/03\/cartel-VII-carrera-popular-1497x2048.png 1497w, https:\/\/www.upo.es\/diario\/wp-content\/uploads\/2023\/03\/cartel-VII-carrera-popular-1320x1806.png 1320w, https:\/\/www.upo.es\/diario\/wp-content\/uploads\/2023\/03\/cartel-VII-carrera-popular.png 2000w\" sizes=\"auto, (max-width: 281px) 100vw, 281px\" \/><\/a>La <a href=\"https:\/\/www.upo.es\/carrerapopular\/\">VII Carrera Popular<\/a> se desarrollar\u00e1 el 15 de abril a las 11,00 horas <strong>con salida y meta en la Plaza de Am\u00e9rica. Tendr\u00e1 un recorrido de ocho kil\u00f3metros<\/strong> en un circuito al que los participantes tendr\u00e1n que darle dos vueltas, durante las cuales se contar\u00e1 con puntos de avituallamiento durante y al finalizar la prueba.<\/p>\n<p>El vicerrector de la Universidad Pablo de Olavide ha detallado los aspectos t\u00e9cnicos de la carrera, ha agradecido la colaboraci\u00f3n y apoyo a todas las entidades y ha subrayado la apuesta de la Universidad Pablo de Olavide por el deporte, la igualdad y la integraci\u00f3n \u201cincorporando este a\u00f1o dos nuevas categor\u00edas para personas con diversidad funcional a pie y en silla de ruedas\u201d. Adem\u00e1s, ha destacado que este evento, tambi\u00e9n por su car\u00e1cter solidario, representa todos los valores que nos ayudan a crecer y contribuyen a una mejor sociedad.<\/p>\n<p>Por su parte, la delegada del rector para la Igualdad de G\u00e9nero ha puesto en valor la causa solidaria por la que se corre este a\u00f1o ya que \u201cexiste un fuerte compromiso en la Universidad para que la igualdad de g\u00e9nero sea transversal e impregne todas las actividades que se realizan\u201d. Asimismo, ha destacado que \u201cla igualdad debe estar presente en el deporte, como en todas las esferas, y el 25 aniversario de la UPO es una fecha especial para correr por este motivo\u201d.<\/p>\n<p>En su intervenci\u00f3n, la fundadora de la Asociaci\u00f3n Amiga por los Derechos Humanos de las Mujeres ha dado las gracias emocionada porque su proyecto haya sido el elegido para esta edici\u00f3n y de esta forma, visibilizar el trabajo que se hace, destacando que \u201cpara luchar contra la trata de mujeres con fines de explotaci\u00f3n sexual no solo son necesarios los recursos econ\u00f3micos, hay que lograr la implicaci\u00f3n de todos los sectores sociales ya que tambi\u00e9n debemos contribuir a la reinserci\u00f3n de estas mujeres\u201d. Por ello, ha recalcado que \u201ctodos debemos ir de la mano\u201d.<\/p>\n<p>Por \u00faltimo, Gonzalo Garc\u00eda, recientemente bronce en 1500 metros en el Campeonato de Espa\u00f1a de Atletismo de pista cubierta, en Madrid, como embajador de esta carrera ha recordado la experiencia de a\u00f1os anteriores y ha destacado que m\u00e1s all\u00e1 de la prueba, \u201cque te permite conocer rincones de nuestra universidad\u201d es un gran d\u00eda de convivencia.<\/p>\n<p>Las categor\u00edas en las que competir\u00e1n los participantes, tanto en modalidad masculina como femenina, ser\u00e1n las siguientes: juvenil (nacidos en 2006 y 2007), senior A (nacidos entre 1994 y 2005), senior B (nacidos entre 1988 y 1993), veterano A (nacidos entre 1976 y 1987), veterano B (nacidos en 1975 y anteriores), alumno UPO, personal UPO y clubes\/entidades.<\/p>\n<p>Habr\u00e1 trofeo para el primer clasificado y clasificada de la general y de cada categor\u00eda, medalla para el segundo y tercer clasificado, as\u00ed como cheques regalo de distintas entidades colaboradoras. Los premios no son acumulativos, de tal forma que los tres primeros de la clasificaci\u00f3n general no podr\u00e1n optar a los premios de su categor\u00eda. Adem\u00e1s, se premiar\u00e1 a la facultad o centro de la UPO con mayor n\u00famero de inscritos y a la persona de mayor edad que finalice la carrera.<\/p>\n<p>La inscripci\u00f3n a la carrera tendr\u00e1 un coste de seis euros. Con la inscripci\u00f3n, a cada participante se le har\u00e1 entrega de una bolsa del corredor, que incluye: camiseta t\u00e9cnica, dorsal personalizado, cronometraje con chip gestionado por Dorsal Chip y seguro individual. Un euro de cada inscripci\u00f3n se destinar\u00e1 a la Asociaci\u00f3n Amiga por los Derechos Humanos de las Mujeres, que destinar\u00e1 lo recaudado a la reinserci\u00f3n social, la capacitaci\u00f3n y la generaci\u00f3n de oportunidades laborales para mujeres que sufren trata y explotaci\u00f3n.<\/p>\n<p>La recogida de los dorsales con chip y la bolsa del corredor podr\u00e1 realizarse desde el martes 11 y el viernes 14 de abril en las oficinas del Servicio de Deportes de la Universidad Pablo de Olavide, situada en el edificio 18, Celestino Mutis, y el horario de recogida ser\u00e1 de 10,00 a 14,00 horas y de 16,00 a 18,30 horas.<\/p>\n<p>La carrera, organizada por el vicerrectorado de Campus Saludable y Deporte y el Servicio de Deportes, gestionado por la Fundaci\u00f3n UPO cuenta con la financiaci\u00f3n del Ayuntamiento de Dos Hermanas, la Delegaci\u00f3n del Rector para la Igualdad de G\u00e9nero, el Consejo Social de la Universidad Pablo de Olavide, Metro de Sevilla, Mercasevilla, Laboceutics. Adem\u00e1s, cuenta con la colaboraci\u00f3n de El Corte Ingl\u00e9s, Fundaci\u00f3n MAS, Instituto de la Grasa, Emasesa, Rroppas S.L, Pilates Salud y Diario de Sevilla.<\/p>\n<p>Todas aquellas personas que quiera participar en esta cita puede inscribirse desde hoy mismo a trav\u00e9s de la web del Servicio de Deportes de la Universidad Pablo de Olavide: <a href=\"https:\/\/www.upo.es\/carrerapopular\/\">www.upo.es\/carrerapopular<\/a><\/p>\n<p>Fuente: Fundaci\u00f3n Universidad Pablo de Olavide<\/p>\n","protected":false},"excerpt":{"rendered":"<p>La Universidad Pablo de Olavide ha presentado esta ma\u00f1ana todos los detalles de la nueva edici\u00f3n de su Carrera Popular. Un evento deportivo y solidario, organizado por el Vicerrectorado de Campus Saludable y Deporte, que este a\u00f1o se celebrar\u00e1 el pr\u00f3ximo 15 de abril a beneficio de la Asociaci\u00f3n Amiga por los Derechos Humanos de las Mujeres.<\/p>\n","protected":false},"author":6,"featured_media":30877292,"comment_status":"closed","ping_status":"open","sticky":false,"template":"","format":"standard","meta":{"_monsterinsights_skip_tracking":false,"_monsterinsights_sitenote_active":false,"_monsterinsights_sitenote_note":"","_monsterinsights_sitenote_category":0,"footnotes":""},"categories":[5842],"tags":[7428,2238,7412,7678,232,7253],"class_list":["post-30877289","post","type-post","status-publish","format-standard","has-post-thumbnail","hentry","category-comunidad","tag-antonio-fernandez-martinez","tag-carrera-popular","tag-delegacion-del-rector-para-la-igualdad-de-genero","tag-monica-dominguez","tag-sdupo","tag-vicerrectorado-de-campus-saludable-y-deporte"],"_links":{"self":[{"href":"https:\/\/www.upo.es\/diario\/wp-json\/wp\/v2\/posts\/30877289","targetHints":{"allow":["GET"]}}],"collection":[{"href":"https:\/\/www.upo.es\/diario\/wp-json\/wp\/v2\/posts"}],"about":[{"href":"https:\/\/www.upo.es\/diario\/wp-json\/wp\/v2\/types\/post"}],"author":[{"embeddable":true,"href":"https:\/\/www.upo.es\/diario\/wp-json\/wp\/v2\/users\/6"}],"replies":[{"embeddable":true,"href":"https:\/\/www.upo.es\/diario\/wp-json\/wp\/v2\/comments?post=30877289"}],"version-history":[{"count":2,"href":"https:\/\/www.upo.es\/diario\/wp-json\/wp\/v2\/posts\/30877289\/revisions"}],"predecessor-version":[{"id":30877293,"href":"https:\/\/www.upo.es\/diario\/wp-json\/wp\/v2\/posts\/30877289\/revisions\/30877293"}],"wp:featuredmedia":[{"embeddable":true,"href":"https:\/\/www.upo.es\/diario\/wp-json\/wp\/v2\/media\/30877292"}],"wp:attachment":[{"href":"https:\/\/www.upo.es\/diario\/wp-json\/wp\/v2\/media?parent=30877289"}],"wp:term":[{"taxonomy":"category","embeddable":true,"href":"https:\/\/www.upo.es\/diario\/wp-json\/wp\/v2\/categories?post=30877289"},{"taxonomy":"post_tag","embeddable":true,"href":"https:\/\/www.upo.es\/diario\/wp-json\/wp\/v2\/tags?post=30877289"}],"curies":[{"name":"wp","href":"https:\/\/api.w.org\/{rel}","templated":true}]}}