{"id":30877301,"date":"2023-03-02T15:20:44","date_gmt":"2023-03-02T14:20:44","guid":{"rendered":"https:\/\/www.upo.es\/diario\/?p=30877301"},"modified":"2023-03-02T15:21:43","modified_gmt":"2023-03-02T14:21:43","slug":"el-periodista-tom-martin-benitez-ofrece-en-la-upo-un-taller-magistral-sobre-como-hablar-en-publico","status":"publish","type":"post","link":"https:\/\/www.upo.es\/diario\/docencia-formacion\/2023\/03\/el-periodista-tom-martin-benitez-ofrece-en-la-upo-un-taller-magistral-sobre-como-hablar-en-publico\/","title":{"rendered":"El periodista Tom Mart\u00edn Ben\u00edtez ofrece en la UPO un taller magistral sobre c\u00f3mo hablar en p\u00fablico"},"content":{"rendered":"<p><a href=\"https:\/\/www.upo.es\/diario\/wp-content\/uploads\/2023\/03\/Taller-TMB-Hablar-Publico-3-scaled.jpg\"><img loading=\"lazy\" decoding=\"async\" class=\"aligncenter size-large wp-image-30877305\" src=\"https:\/\/www.upo.es\/diario\/wp-content\/uploads\/2023\/03\/Taller-TMB-Hablar-Publico-3-750x422.jpg\" alt=\"Tom Mart\u00edn Ben\u00edtez\" width=\"750\" height=\"422\" srcset=\"https:\/\/www.upo.es\/diario\/wp-content\/uploads\/2023\/03\/Taller-TMB-Hablar-Publico-3-750x422.jpg 750w, https:\/\/www.upo.es\/diario\/wp-content\/uploads\/2023\/03\/Taller-TMB-Hablar-Publico-3-385x217.jpg 385w, https:\/\/www.upo.es\/diario\/wp-content\/uploads\/2023\/03\/Taller-TMB-Hablar-Publico-3-768x432.jpg 768w, https:\/\/www.upo.es\/diario\/wp-content\/uploads\/2023\/03\/Taller-TMB-Hablar-Publico-3-1536x864.jpg 1536w, https:\/\/www.upo.es\/diario\/wp-content\/uploads\/2023\/03\/Taller-TMB-Hablar-Publico-3-2048x1152.jpg 2048w\" sizes=\"auto, (max-width: 750px) 100vw, 750px\" \/><\/a>El periodista <strong>Tom Mart\u00edn Ben\u00edtez<\/strong> ha ofrecido un taller magistral en la Universidad Pablo de Olavide bajo el t\u00edtulo <strong>\u2018Hablar en p\u00fablico. Claves para una comunicaci\u00f3n eficaz\u2019<\/strong>, que ha sido organizado por el Vicerrectorado de Relaciones Institucionales y Fundaciones en el marco de los eventos programados por el 25\u00ba Aniversario de la UPO.<\/p>\n<p>En su inauguraci\u00f3n, la vicerrectora de Relaciones Institucionales y Fundaciones, <strong>Laura L\u00f3pez de la Cruz<\/strong>, ha destacado la importancia del desarrollo de este tipo de actos en la efem\u00e9ride de la Universidad y ha agradecido a Tom Mart\u00edn Ben\u00edtez por su disposici\u00f3n. Asimismo, ha se\u00f1alado la utilidad del taller para \u201ctodas aquellas personas que quieran mejorar sus habilidades comunicativas a efectos de docencia o para cualquier persona que se enfrente a una comunicaci\u00f3n en p\u00fablico\u201d.<\/p>\n<p>Durante la presentaci\u00f3n del taller, Tom Mart\u00edn Ben\u00edtez ha se\u00f1alado \u201cla necesidad de estructurar el contenido que se quiere transmitir. Se trata de poner un espejo ante vosotros y vosotras para que aquello que sab\u00e9is, llegue mejor. No os digo lo que ten\u00e9is que decir, sino c\u00f3mo lo ten\u00e9is que decir\u201d, ha subrayado. Adem\u00e1s de la importancia de la empat\u00eda con el auditorio, el periodista ha destacado que se puede mejorar la preparaci\u00f3n y la confianza con el objetivo de desarrollar una comunicaci\u00f3n m\u00e1s clara y, con ello, ganar eficacia. \u201cNo es lo mismo hablar que comunicar. Todos nos comunicamos, otra cosa es c\u00f3mo lo hacemos\u201d, ha asegurado.<\/p>\n<p>El taller consta de cuatro bloques que tienen como tem\u00e1tica diferentes aspectos de la comunicaci\u00f3n. El primero de ellos versa sobre \u2018Qu\u00e9 decir. Preparaci\u00f3n del discurso\u2019, para captar la atenci\u00f3n de la persona oyente, dominar los nervios y conectar con el p\u00fablico. En el segundo, \u2018C\u00f3mo decirlo. Recursos expresivos\u2019, se estudia la voz, tono, intensidad, etc\u00e9tera. El siguiente, \u2018Puesta en escena. F\u00f3rmulas adecuadas para la mejor comunicaci\u00f3n\u2019, analiza las posturas corporales y las formas de desarrollo. Finalmente, con el bloque \u2018Comunicaci\u00f3n no verbal\u2019, se pretende mejorar aspectos como los gestos, el vestuario o el uso de recursos externos.<\/p>\n<p>Tom Mart\u00edn Ben\u00edtez (Montijo, Badajoz, 1952) es periodista y experto en comunicaci\u00f3n y toda su trayectoria laboral ha estado vinculada al mundo de la televisi\u00f3n y la radio p\u00fablicas desde que en 1973 ingres\u00f3 en Radio Televisi\u00f3n Espa\u00f1ola. En 1983, fue nombrado director del Centro Regional de TVE en Andaluc\u00eda y, un a\u00f1o m\u00e1s tarde, director de los Servicios Informativos de RNE. En 1997, inicia su trayectoria en la Radio Televisi\u00f3n de Andaluc\u00eda en Canal Sur Radio y, posteriormente, en Canal Sur Televisi\u00f3n hasta 2019. En la actualidad, dirige la empresa Corral de Comunicaciones SL. Entre los premios recibidos, destacan dos Antenas de Oro, el Premio Andaluc\u00eda de Periodismo y el premio Salvador de Madariaga.<\/p>\n","protected":false},"excerpt":{"rendered":"<p>En el marco de los actos del 25\u00ba Aniversario de la Universidad Pablo de Olavide y organizado por el Vicerrectorado de Relaciones Institucionales y Fundaciones.<\/p>\n","protected":false},"author":6,"featured_media":30877305,"comment_status":"closed","ping_status":"open","sticky":false,"template":"","format":"standard","meta":{"_monsterinsights_skip_tracking":false,"_monsterinsights_sitenote_active":false,"_monsterinsights_sitenote_note":"","_monsterinsights_sitenote_category":0,"footnotes":""},"categories":[2779],"tags":[350,687,279,5512],"class_list":["post-30877301","post","type-post","status-publish","format-standard","has-post-thumbnail","hentry","category-docencia-formacion","tag-comunicacion","tag-periodismo","tag-taller","tag-vicerrectorado-de-relaciones-institucionales"],"_links":{"self":[{"href":"https:\/\/www.upo.es\/diario\/wp-json\/wp\/v2\/posts\/30877301","targetHints":{"allow":["GET"]}}],"collection":[{"href":"https:\/\/www.upo.es\/diario\/wp-json\/wp\/v2\/posts"}],"about":[{"href":"https:\/\/www.upo.es\/diario\/wp-json\/wp\/v2\/types\/post"}],"author":[{"embeddable":true,"href":"https:\/\/www.upo.es\/diario\/wp-json\/wp\/v2\/users\/6"}],"replies":[{"embeddable":true,"href":"https:\/\/www.upo.es\/diario\/wp-json\/wp\/v2\/comments?post=30877301"}],"version-history":[{"count":2,"href":"https:\/\/www.upo.es\/diario\/wp-json\/wp\/v2\/posts\/30877301\/revisions"}],"predecessor-version":[{"id":30877306,"href":"https:\/\/www.upo.es\/diario\/wp-json\/wp\/v2\/posts\/30877301\/revisions\/30877306"}],"wp:featuredmedia":[{"embeddable":true,"href":"https:\/\/www.upo.es\/diario\/wp-json\/wp\/v2\/media\/30877305"}],"wp:attachment":[{"href":"https:\/\/www.upo.es\/diario\/wp-json\/wp\/v2\/media?parent=30877301"}],"wp:term":[{"taxonomy":"category","embeddable":true,"href":"https:\/\/www.upo.es\/diario\/wp-json\/wp\/v2\/categories?post=30877301"},{"taxonomy":"post_tag","embeddable":true,"href":"https:\/\/www.upo.es\/diario\/wp-json\/wp\/v2\/tags?post=30877301"}],"curies":[{"name":"wp","href":"https:\/\/api.w.org\/{rel}","templated":true}]}}