{"id":30877323,"date":"2023-03-06T12:32:28","date_gmt":"2023-03-06T11:32:28","guid":{"rendered":"https:\/\/www.upo.es\/diario\/?p=30877323"},"modified":"2023-03-09T09:46:13","modified_gmt":"2023-03-09T08:46:13","slug":"la-upo-se-suma-al-dia-internacional-de-las-mujeres-con-un-programa-de-actividades-en-todos-sus-centros","status":"publish","type":"post","link":"https:\/\/www.upo.es\/diario\/comunidad\/2023\/03\/la-upo-se-suma-al-dia-internacional-de-las-mujeres-con-un-programa-de-actividades-en-todos-sus-centros\/","title":{"rendered":"La UPO se suma al D\u00eda Internacional de las Mujeres con un programa de actividades en todos sus centros"},"content":{"rendered":"<p><a href=\"https:\/\/www.upo.es\/diario\/wp-content\/uploads\/2023\/03\/8M_cartelJPG.jpg\"><img loading=\"lazy\" decoding=\"async\" class=\"alignright size-medium wp-image-30877324\" src=\"https:\/\/www.upo.es\/diario\/wp-content\/uploads\/2023\/03\/8M_cartelJPG-272x385.jpg\" alt=\"\" width=\"272\" height=\"385\" srcset=\"https:\/\/www.upo.es\/diario\/wp-content\/uploads\/2023\/03\/8M_cartelJPG-272x385.jpg 272w, https:\/\/www.upo.es\/diario\/wp-content\/uploads\/2023\/03\/8M_cartelJPG-530x750.jpg 530w, https:\/\/www.upo.es\/diario\/wp-content\/uploads\/2023\/03\/8M_cartelJPG-768x1086.jpg 768w, https:\/\/www.upo.es\/diario\/wp-content\/uploads\/2023\/03\/8M_cartelJPG-1086x1536.jpg 1086w, https:\/\/www.upo.es\/diario\/wp-content\/uploads\/2023\/03\/8M_cartelJPG-1448x2048.jpg 1448w, https:\/\/www.upo.es\/diario\/wp-content\/uploads\/2023\/03\/8M_cartelJPG-1320x1867.jpg 1320w, https:\/\/www.upo.es\/diario\/wp-content\/uploads\/2023\/03\/8M_cartelJPG.jpg 1754w\" sizes=\"auto, (max-width: 272px) 100vw, 272px\" \/><\/a>La Universidad Pablo de Olavide se suma a la conmemoraci\u00f3n del <strong>D\u00eda Internacional de las Mujeres el 8 de marzo<\/strong> con un amplio programa que abarca a todos sus centros con actividades como programas de radio, cursos, concursos, conferencias, jornadas, campa\u00f1as en redes sociales, un congreso, pintura de un mural, recital de poes\u00eda y taller de autodefensa, as\u00ed como <strong>la iluminaci\u00f3n de morado de la torre del campus este mi\u00e9rcoles<\/strong>.<\/p>\n<p>La delegada del rector para la Igualdad de G\u00e9nero, <strong>M\u00f3nica Dom\u00ednguez<\/strong>, ha destacado que, bajo el lema <strong>\u2018Por un mundo digital inclusivo: innovaci\u00f3n y tecnolog\u00eda para la igualdad de g\u00e9nero\u2019<\/strong>, \u201cpara el 8M de este a\u00f1o, Naciones Unidas reivindica el papel que deben desempe\u00f1ar las mujeres en la sociedad digital\u201d. En este sentido, ha puesto en valor el avance que supone en este \u00e1mbito el III Plan Estrat\u00e9gico para la Igualdad de G\u00e9nero porque \u201cen la Universidad Pablo de Olavide, tenemos muy presente que esta transformaci\u00f3n digital deber ser una prioridad y que, adem\u00e1s, solo es posible y justa si es inclusiva\u201d.<\/p>\n<p>As\u00ed, el mi\u00e9rcoles 8 de marzo, la Oficina para la Igualdad de la UPO se suma a la difusi\u00f3n del <strong>manifiesto de la Red de Unidades para la Igualdad de G\u00e9nero y Excelencia Universitaria (RUIGEU)<\/strong> con el objetivo de reivindicar los derechos de las mujeres y de la igualdad de oportunidades entre mujeres y hombres en el marco de la Agenda 2030 para el Desarrollo Sostenible.<\/p>\n<h3><strong>Un programa para toda la comunidad universitaria<\/strong><\/h3>\n<p>Las primeras actividades comienzan este lunes 6. Entre ellas, tiene lugar, a las 18:00 horas en la sede Sevilla \u2013 Centro de la calle Lara\u00f1a la <strong>charla-coloquio \u2018Mujer: \u00a1\u00bfC\u00f3mo hemos cambiado?!<\/strong>, organizada por el <strong>Consejo Social de la UPO<\/strong> con la colaboraci\u00f3n de la Asociaci\u00f3n Sebital, que contar\u00e1 con la participaci\u00f3n de la hispanista y mecenas de arte Cristina Heeren. El Consejo Social tambi\u00e9n organiza la conferencia que ofrece el experto en Prehistoria Pedro S\u00e1nchez Eguren bajo el t\u00edtulo <strong>\u2018La Prehistoria con ojos de mujer\u2019<\/strong>, que tendr\u00e1 lugar el jueves 23 de marzo en la misma sede.<\/p>\n<p>Por otro lado, las <strong>VIII Jornadas Mujeres, Arte y Poder. Capitanas. Del S\u00edndrome de la Impostora al Techo de Cristal<\/strong> se desarrollan durante los d\u00edas 6 y 7 en horario de 17:00 a 21:00 horas en el Aula Profesor Carriazo de la Facultad de Geograf\u00eda e Historia de la Universidad de Sevilla. La entrada es gratuita previa inscripci\u00f3n y reconoce certificado acreditativo. Se trata de un proyecto I+D+i de la Agencia Femenina en la Escena Art\u00edstica Andaluza, la Universidad de Sevilla y la Universidad Pablo de Olavide con la colaboraci\u00f3n de la Universidad Internacional Men\u00e9ndez Pelayo.<\/p>\n<p>Entre las campa\u00f1as en redes sociales, la <strong>Facultad de Humanidades<\/strong> desarrolla <strong>\u2018Las Mujeres S\u00ed\u2019<\/strong> con el objetivo de desmontar mitos y visibilizar la aportaci\u00f3n de las mujeres en \u00e1mbitos como la literatura, la historia o la filosof\u00eda. Y la profesora Cristina Rosillo, del \u00c1rea de Historia Antigua, organiza <strong>\u2018La historia de Babatha, rica, independiente y analfabeta: un testimonio excepcional de una mujer jud\u00eda en el mundo romano&#8217;<\/strong>.<\/p>\n<p>Desde el <strong>Aula Abierta de Mayores de la UPO<\/strong>, se organiza la jornada \u2018Mujeres que marcaron la historia. Un curso urgente y necesario\u2019 que se imparte en Bormujos con el objetivo de conocer las figuras de mujeres que destacaron en la ciencia y en otros \u00e1mbitos y que fueron, en otro tiempo, olvidadas. Asimismo, en Castilleja de la Cuesta, se organiza la asignatura \u2018Violencia de G\u00e9nero. Como prevenir, detectar y actuar\u2019; y en Gerena, \u2018Mujeres de Al-\u00c1ndalus a Andaluc\u00eda\u2019, que quiere resaltar el papel de las mujeres en los diferentes trabajos que ejercieron desde la \u00e9poca medieval hasta la contempor\u00e1nea.<\/p>\n<p>La <strong>Residencia Universitaria Flora Trist\u00e1n<\/strong> acoge este martes a las 11:00 horas el I Encuentro Feminista Roman\u00ed que organiza la Federaci\u00f3n de Asociaciones de Mujeres Gitanas Fakali y que pretende ser un espacio de di\u00e1logo y reflexi\u00f3n para, entre todas las personas participantes, compartir, debatir y definir estrategias para derribar los mitos y estereotipos que impiden a las mujeres gitanas tener el lugar que les corresponde en la agenda feminista.<\/p>\n<p>La <strong>Delegaci\u00f3n del rector para el Campus Sostenible<\/strong> organiza el martes 7 a las 17:00 horas la charla <strong>\u2018Mujeres trabajadoras: agroecolog\u00eda vs agroindustria. Agroecolog\u00eda y g\u00e9nero\u2019<\/strong> con la colaboraci\u00f3n de la Asociaci\u00f3n El Enjambre sin Reina. En ella, participan Alba Vidal, que tratar\u00e1 la investigaci\u00f3n que est\u00e1 desarrollando sobre las jornaleras de Huelva en los campos de frutos rojos, y Leticia Toledo, campesina agroecol\u00f3gica. Se trata de una actividad gratuita y abierta que se enmarca en el proyecto \u2018Alimentaci\u00f3n sostenible y salud\u2019.<\/p>\n<p>El mi\u00e9rcoles 8 a las 14:00 horas, la <strong>Comisi\u00f3n de Igualdad de la Facultad de Ciencias Experimentales<\/strong> organiza, a trav\u00e9s de Instagram, el Kahoot con premios \u20188M Mujeres de historia\u2019, que da visibilidad a las mujeres en el \u00e1mbito cotidiano y a lo largo de la historia mediante la puesta a prueba de los conocimientos sobre igualdad de g\u00e9nero de las personas que participen.<\/p>\n<p>Por su parte, en el marco de la actividad <strong>\u201912 Meses de Trabajo Social\u2019, la Comisi\u00f3n de Transformaci\u00f3n Tecnol\u00f3gica del Departamento de Trabajo Social y Servicios Sociales<\/strong> de la Universidad Pablo de Olavide, organiza <strong>\u2018Marzo, mes de las Mujeres\u2019<\/strong> y, para ello, recopila acciones al objeto de sensibilizar acerca de las funciones del trabajo social en el \u00e1rea de mujeres o de la igualdad de g\u00e9nero que se pueden consultar en la web del Departamento.<\/p>\n<p>A ello se suma la propia <strong>Facultad de Ciencias Sociales<\/strong>, con la colaboraci\u00f3n del Laboratorio de la Facultad y la financiaci\u00f3n de la Delegaci\u00f3n del rector para la Igualdad de G\u00e9nero, con la divulgaci\u00f3n de la campa\u00f1a <strong>\u2018M\u00e1s all\u00e1 de la bata blanca. Celebrando el protagonismo de las mujeres en las ciencias sociales\u2019<\/strong>, que desarrolla un repositorio sobre mujeres cient\u00edficas, de ayer y hoy, en este \u00e1mbito.<\/p>\n<p>Junto con el <strong>Vicerrectorado de Cultura y Pol\u00edticas Sociales y la Oficina para la Igualdad y con la colaboraci\u00f3n de FANDACE y el Servicio de Atenci\u00f3n a la Diversidad Funcional, RadiOlavide<\/strong> pone en marcha el jueves 9 a las 19:00 horas un <strong>programa especia<\/strong>l con el objetivo de visibilizar la realidad de las mujeres con discapacidad. A este seguir\u00e1 <strong>\u2018Radio Stand Up 8m\u2019<\/strong> a las 21:00 horas, sobre Derechos Humanos, y el martes 14 de marzo a las 11:00 horas, el programa \u2018Labor a ti debida\u2019, con la profesora Ana Aranda, que versar\u00e1 sobre las mujeres en el sistema del arte; y el jueves 30 a las 13:00 horas, <strong>\u2018Wunderbar 8M\u2019<\/strong>, sobre mujeres poco conocidas del mundo germanoparlante que han dejado su huella en diversos \u00e1mbitos de la cultura.<\/p>\n<p>El <strong>\u00c1rea de Relaciones Internacionales y Cooperaci\u00f3n<\/strong> de la UPO organiza tres cursos de formaci\u00f3n destinados a estudiantes, PDI y PAS a trav\u00e9s del aula virtual, con la financiaci\u00f3n de la Agencia Andaluza de Cooperaci\u00f3n Internacional para el Desarrollo, que abordan diferentes tem\u00e1ticas relacionadas con la igualdad de g\u00e9nero bajo los t\u00edtulos: \u2018Enfoque de g\u00e9nero en la intervenci\u00f3n social\u2019, \u2018Propuestas y recursos did\u00e1cticos para la pr\u00e1ctica socioeducativa desde el enfoque de coeducaci\u00f3n\u2019 y \u2018Violencias de g\u00e9nero desde diferentes \u00e1mbitos. Avances normativos y cuestiones pr\u00e1cticas desde el derecho espa\u00f1ol\u2019.<\/p>\n<p>La <strong>Facultad de Derecho y el \u00c1rea de Derecho Penal<\/strong> de la Universidad Pablo de Olavide organizan el <strong>Congreso \u2018La perspectiva de g\u00e9nero en la ley del solo s\u00ed es s\u00ed\u2019<\/strong>, que tiene como objetivo la creaci\u00f3n de un foro de discusi\u00f3n sobre los trascendentales cambios en el \u00e1mbito de los delitos sexuales y la nueva perspectiva que representan. Durante el jueves 16 y el viernes 17 de marzo, personas expertas analizar\u00e1n las reformas introducidas en la legislaci\u00f3n penal por la Ley Org\u00e1nica 10\/2022, de 6 de septiembre, de garant\u00eda integral de la libertad sexual.<\/p>\n<p>Desde el <strong>proyecto UPO-FEDER \u2018G\u00e9nero y etnia en el istmo de Panam\u00e1 y otros \u00e1mbitos\u2019<\/strong>, en colaboraci\u00f3n con el Grupo \u2018Historia de la Globalizaci\u00f3n\u2019, tendr\u00e1 lugar el seminario <strong>\u2018Perspectivas de G\u00e9nero para la Investigaci\u00f3n Actual\u2019<\/strong> en la sede de la UPO en Sevilla \u2013 Centro el jueves 16 de marzo a las 17:00 horas, que contar\u00e1 con las ponencias de Sara Vicu\u00f1a Guengerich (Texas Tech University) y Jorge D\u00edaz Ceballos (Universidad Pablo de Olavide).<\/p>\n<p>A partir del 20 de marzo, con motivo del 8M y del D\u00eda de la Poes\u00eda el 21 de marzo, la <strong>Biblioteca\/CRAI<\/strong> de la UPO recopila una colecci\u00f3n de poemas de autoras nacionales e internacionales que se podr\u00e1 visitar en la planta baja, en horario de apertura, bajo el t\u00edtulo <strong>\u2018Centro de inter\u00e9s: Mujeres y poes\u00eda\u2019<\/strong>.<\/p>\n<h3><strong>Actividades de CEUPO<\/strong><\/h3>\n<p>El Consejo de Estudiantes de la Universidad se une a la conmemoraci\u00f3n del D\u00eda Internacional de las Mujeres con un programa de actividades que abarca desde la campa\u00f1a en redes sociales <strong>\u2018Mujeres referentes del mundo\u2019<\/strong> hasta la pintura de un mural feminista. Asimismo, este lunes celebran el <strong>\u2018Caf\u00e9 feminista con motivo del 8M\u2019<\/strong>; esta semana hay mesas informativas en el campus; el jueves a las 18:00 horas se proyecta el documental <strong>\u2018A las mujeres de Espa\u00f1a, Mar\u00eda Lej\u00e1rraga\u2019<\/strong> de Laura Hofman; el martes 14 tiene lugar el <strong>\u2018Poetry Slam\u2019<\/strong>, un recital de poes\u00eda de tem\u00e1tica feminista; y, el mi\u00e9rcoles 29 de marzo, se desarrolla el <strong>taller de autodefensa<\/strong> no mixto para las estudiantes.<\/p>\n<p>Para cerrar el mes de la mujer, la <strong>Delegaci\u00f3n del rector para la Igualdad de G\u00e9nero<\/strong> organiza la jornada <strong>\u2018\u00bfD\u00f3nde est\u00e1n ellas? Visibilidad y presencia de las mujeres andaluzas\u2019<\/strong> que tendr\u00e1 lugar el jueves 30 de marzo con el objetivo de poner en valor la presencia de las mujeres al m\u00e1ximo nivel en distintos sectores y \u00e1mbitos laborales y sociales.<\/p>\n<p>Por \u00faltimo, la Universidad Pablo de Olavide participa en la difusi\u00f3n de la <strong>campa\u00f1a del Ayuntamiento de Sevilla<\/strong> con motivo del 8M, que estar\u00e1 instalada en el Pasaje de la Ilustraci\u00f3n con el objetivo de sensibilizar, concienciar y visibilizar valores igualitarios.<\/p>\n<ul>\n<li>M\u00e1s informaci\u00f3n sobre las actividades del 8M de la UPO en <a href=\"https:\/\/www.upo.es\/upsc\/igualdad\/dia-internacional-mujeres\/\">https:\/\/www.upo.es\/upsc\/igualdad\/dia-internacional-mujeres\/<\/a><\/li>\n<\/ul>\n","protected":false},"excerpt":{"rendered":"<p>La Universidad Pablo de Olavide se suma a la conmemoraci\u00f3n del D\u00eda Internacional de las Mujeres el 8 de marzo con un amplio programa que abarca a todos sus centros con actividades como programas de radio, cursos, concursos, conferencias, jornadas, campa\u00f1as en redes sociales, un congreso, pintura de un mural, recital de poes\u00eda y taller de autodefensa, as\u00ed como la iluminaci\u00f3n de morado de la torre del campus este mi\u00e9rcoles.<\/p>\n","protected":false},"author":14,"featured_media":30877324,"comment_status":"closed","ping_status":"open","sticky":false,"template":"","format":"standard","meta":{"_monsterinsights_skip_tracking":false,"_monsterinsights_sitenote_active":false,"_monsterinsights_sitenote_note":"","_monsterinsights_sitenote_category":0,"footnotes":""},"categories":[5842],"tags":[8271,7979,7412,1200,517,5883,3456,233],"class_list":["post-30877323","post","type-post","status-publish","format-standard","has-post-thumbnail","hentry","category-comunidad","tag-8m","tag-actividades","tag-delegacion-del-rector-para-la-igualdad-de-genero","tag-dia-internacional-de-las-mujeres","tag-igualdad","tag-igualdad-de-genero","tag-inclusion","tag-mujer"],"_links":{"self":[{"href":"https:\/\/www.upo.es\/diario\/wp-json\/wp\/v2\/posts\/30877323","targetHints":{"allow":["GET"]}}],"collection":[{"href":"https:\/\/www.upo.es\/diario\/wp-json\/wp\/v2\/posts"}],"about":[{"href":"https:\/\/www.upo.es\/diario\/wp-json\/wp\/v2\/types\/post"}],"author":[{"embeddable":true,"href":"https:\/\/www.upo.es\/diario\/wp-json\/wp\/v2\/users\/14"}],"replies":[{"embeddable":true,"href":"https:\/\/www.upo.es\/diario\/wp-json\/wp\/v2\/comments?post=30877323"}],"version-history":[{"count":2,"href":"https:\/\/www.upo.es\/diario\/wp-json\/wp\/v2\/posts\/30877323\/revisions"}],"predecessor-version":[{"id":30877326,"href":"https:\/\/www.upo.es\/diario\/wp-json\/wp\/v2\/posts\/30877323\/revisions\/30877326"}],"wp:featuredmedia":[{"embeddable":true,"href":"https:\/\/www.upo.es\/diario\/wp-json\/wp\/v2\/media\/30877324"}],"wp:attachment":[{"href":"https:\/\/www.upo.es\/diario\/wp-json\/wp\/v2\/media?parent=30877323"}],"wp:term":[{"taxonomy":"category","embeddable":true,"href":"https:\/\/www.upo.es\/diario\/wp-json\/wp\/v2\/categories?post=30877323"},{"taxonomy":"post_tag","embeddable":true,"href":"https:\/\/www.upo.es\/diario\/wp-json\/wp\/v2\/tags?post=30877323"}],"curies":[{"name":"wp","href":"https:\/\/api.w.org\/{rel}","templated":true}]}}