{"id":30877404,"date":"2023-03-10T10:23:53","date_gmt":"2023-03-10T09:23:53","guid":{"rendered":"https:\/\/www.upo.es\/diario\/?p=30877404"},"modified":"2023-03-10T14:46:06","modified_gmt":"2023-03-10T13:46:06","slug":"todos-los-materiales-sobre-competencia-digital-elaborados-por-la-biblioteca-crai-en-abierto","status":"publish","type":"post","link":"https:\/\/www.upo.es\/diario\/docencia-formacion\/2023\/03\/todos-los-materiales-sobre-competencia-digital-elaborados-por-la-biblioteca-crai-en-abierto\/","title":{"rendered":"Todos los materiales sobre Competencia Digital elaborados por la Biblioteca\/CRAI, en abierto"},"content":{"rendered":"<p><a href=\"https:\/\/www.upo.es\/diario\/wp-content\/uploads\/2023\/03\/Competencia_digital.png\"><img loading=\"lazy\" decoding=\"async\" class=\"alignright size-medium wp-image-30877413\" src=\"https:\/\/www.upo.es\/diario\/wp-content\/uploads\/2023\/03\/Competencia_digital-385x385.png\" alt=\"Competencia Digital\" width=\"385\" height=\"385\" srcset=\"https:\/\/www.upo.es\/diario\/wp-content\/uploads\/2023\/03\/Competencia_digital-385x385.png 385w, https:\/\/www.upo.es\/diario\/wp-content\/uploads\/2023\/03\/Competencia_digital-150x150.png 150w, https:\/\/www.upo.es\/diario\/wp-content\/uploads\/2023\/03\/Competencia_digital.png 600w\" sizes=\"auto, (max-width: 385px) 100vw, 385px\" \/><\/a>Coincidiendo con la <a href=\"https:\/\/www.oeglobal.org\/\"><strong>Semana de Educaci\u00f3n Abierta<\/strong><\/a> (Open Education Week), que se celebra del 6 al 10 de marzo en todo el mundo, la Biblioteca\/CRAI de la Universidad Pablo de Olavide ha decidido abrir todos sus materiales de formaci\u00f3n, disponibles para la comunidad universitaria, <strong>con el fin de facilitar el aprendizaje sobre Competencia Digital<\/strong>.<\/p>\n<p>La Biblioteca cambi\u00f3 en el curso 2017\/2018 el modelo de formaci\u00f3n de usuarios desde las competencias inform\u00e1ticas y en informaci\u00f3n (CI2) al Marco Europeo para la Competencia Digital (DigComp).\u00a0 Al mismo tiempo, todo el material del programa de Formaci\u00f3n en Competencia Digital de la Biblioteca\/CRAI tambi\u00e9n se comenz\u00f3 a construir sobre la base del <a href=\"https:\/\/guiasbib.upo.es\/biblioguias\">portal de Gu\u00edas y Tutoriales<\/a>, en un formato m\u00e1s flexible y din\u00e1mico.<\/p>\n<p>El portal de <strong>Gu\u00edas y Tutoriales de la Biblioteca\/CRAI<\/strong> est\u00e1 construido sobre <em>Libguides<\/em>, un sistema de gesti\u00f3n de contenidos e intercambio de informaci\u00f3n dise\u00f1ado espec\u00edficamente para bibliotecas. La consulta de estas gu\u00edas ofrece beneficios a las personas usuarias con respecto al anterior modelo, ya que los recursos se presentan de manera lineal e intuitiva, para satisfacer las necesidades de los estudiantes con diversos estilos de aprendizaje (textual, im\u00e1genes, v\u00eddeo, presentaciones). Este sistema permite al alumnado enfocarse en lo relevante y filtrar lo menos importante, ya que se presenta todo el contenido a la vez.<\/p>\n<p>Ahora, <strong>coincidiendo con la Semana de Educaci\u00f3n Abierta, la Biblioteca ha renovado el aspecto del portal de gu\u00edas y tutoriales, con una presentaci\u00f3n basada en colecciones<\/strong>, entre las que se incluye <a href=\"https:\/\/guiasbib.upo.es\/digcompUPO\">la dedicada a la Competencia Digital.<\/a> Este material viene a sumarse a las versiones imprimibles, tambi\u00e9n <a href=\"https:\/\/rio.upo.es\/xmlui\/handle\/10433\/8882\">disponibles en abierto en nuestro repositorio institucional RIO<\/a> y a las presentaciones usadas en las sesiones sincr\u00f3nicas, presenciales y en l\u00ednea.<\/p>\n<p>Adem\u00e1s de elaborar materiales docentes la Biblioteca\/CRAI, a trav\u00e9s del Laboratorio Multimedia, apoya a aquellos docentes que quieren elaborar los suyos propios, mediante el asesoramiento y la dotaci\u00f3n de medios t\u00e9cnicos. \u00a0Finalmente, en lo que ata\u00f1e a la preservaci\u00f3n y la difusi\u00f3n, la UPO dispone tanto del ya mencionado repositorio institucional RIO como de <a href=\"http:\/\/upotv.upo.es\/\">UPOtv<\/a>, plataforma de v\u00eddeos de la Universidad, que permite tanto el archivo del material audiovisual como la distribuci\u00f3n de las grabaciones de sesiones formativas, v\u00eddeoclases y \u00a0materiales demostrativos.<\/p>\n","protected":false},"excerpt":{"rendered":"<p>Coincidiendo con la Semana de Educaci\u00f3n Abierta (Open Education Week), que se celebra del 6 al 10 de marzo en todo el mundo, la Biblioteca\/CRAI de la Universidad Pablo de Olavide ha decidido abrir todos sus recursos, disponibles para la comunidad universitaria, con el fin de facilitar el aprendizaje sobre Competencia Digital.<\/p>\n","protected":false},"author":6,"featured_media":30877413,"comment_status":"closed","ping_status":"open","sticky":false,"template":"","format":"standard","meta":{"_monsterinsights_skip_tracking":false,"_monsterinsights_sitenote_active":false,"_monsterinsights_sitenote_note":"","_monsterinsights_sitenote_category":0,"footnotes":""},"categories":[2779],"tags":[1977,2622,2134,2056],"class_list":["post-30877404","post","type-post","status-publish","format-standard","has-post-thumbnail","hentry","category-docencia-formacion","tag-acceso-abierto","tag-bibliotecacrai","tag-digitalizacion","tag-formacion-virtual"],"_links":{"self":[{"href":"https:\/\/www.upo.es\/diario\/wp-json\/wp\/v2\/posts\/30877404","targetHints":{"allow":["GET"]}}],"collection":[{"href":"https:\/\/www.upo.es\/diario\/wp-json\/wp\/v2\/posts"}],"about":[{"href":"https:\/\/www.upo.es\/diario\/wp-json\/wp\/v2\/types\/post"}],"author":[{"embeddable":true,"href":"https:\/\/www.upo.es\/diario\/wp-json\/wp\/v2\/users\/6"}],"replies":[{"embeddable":true,"href":"https:\/\/www.upo.es\/diario\/wp-json\/wp\/v2\/comments?post=30877404"}],"version-history":[{"count":4,"href":"https:\/\/www.upo.es\/diario\/wp-json\/wp\/v2\/posts\/30877404\/revisions"}],"predecessor-version":[{"id":30877418,"href":"https:\/\/www.upo.es\/diario\/wp-json\/wp\/v2\/posts\/30877404\/revisions\/30877418"}],"wp:featuredmedia":[{"embeddable":true,"href":"https:\/\/www.upo.es\/diario\/wp-json\/wp\/v2\/media\/30877413"}],"wp:attachment":[{"href":"https:\/\/www.upo.es\/diario\/wp-json\/wp\/v2\/media?parent=30877404"}],"wp:term":[{"taxonomy":"category","embeddable":true,"href":"https:\/\/www.upo.es\/diario\/wp-json\/wp\/v2\/categories?post=30877404"},{"taxonomy":"post_tag","embeddable":true,"href":"https:\/\/www.upo.es\/diario\/wp-json\/wp\/v2\/tags?post=30877404"}],"curies":[{"name":"wp","href":"https:\/\/api.w.org\/{rel}","templated":true}]}}