{"id":30877448,"date":"2023-03-16T04:19:09","date_gmt":"2023-03-16T03:19:09","guid":{"rendered":"https:\/\/www.upo.es\/diario\/?p=30877448"},"modified":"2023-03-16T17:31:25","modified_gmt":"2023-03-16T16:31:25","slug":"la-upo-organiza-el-congreso-la-perspectiva-de-genero-en-la-ley-del-solo-si-es-si","status":"publish","type":"post","link":"https:\/\/www.upo.es\/diario\/docencia-formacion\/2023\/03\/la-upo-organiza-el-congreso-la-perspectiva-de-genero-en-la-ley-del-solo-si-es-si\/","title":{"rendered":"La UPO organiza el Congreso \u2018La perspectiva de g\u00e9nero en la Ley del Solo s\u00ed es s\u00ed\u2019"},"content":{"rendered":"<figure id=\"attachment_30877506\" aria-describedby=\"caption-attachment-30877506\" style=\"width: 750px\" class=\"wp-caption aligncenter\"><a href=\"https:\/\/www.upo.es\/diario\/wp-content\/uploads\/2023\/03\/20230316_Cong-SiesSI-scaled.jpg\"><img loading=\"lazy\" decoding=\"async\" class=\"wp-image-30877506 size-large\" src=\"https:\/\/www.upo.es\/diario\/wp-content\/uploads\/2023\/03\/20230316_Cong-SiesSI-750x500.jpg\" alt=\"Mar\u00eda Serrano, M\u00f3nica Dom\u00ednguez, Viviana Caruso y Pastora Garc\u00eda\" width=\"750\" height=\"500\" srcset=\"https:\/\/www.upo.es\/diario\/wp-content\/uploads\/2023\/03\/20230316_Cong-SiesSI-750x500.jpg 750w, https:\/\/www.upo.es\/diario\/wp-content\/uploads\/2023\/03\/20230316_Cong-SiesSI-385x257.jpg 385w, https:\/\/www.upo.es\/diario\/wp-content\/uploads\/2023\/03\/20230316_Cong-SiesSI-768x512.jpg 768w, https:\/\/www.upo.es\/diario\/wp-content\/uploads\/2023\/03\/20230316_Cong-SiesSI-2048x1365.jpg 2048w\" sizes=\"auto, (max-width: 750px) 100vw, 750px\" \/><\/a><figcaption id=\"caption-attachment-30877506\" class=\"wp-caption-text\">Mar\u00eda Serrano, M\u00f3nica Dom\u00ednguez, Viviana Caruso y Pastora Garc\u00eda<\/figcaption><\/figure>\n<p>La Universidad Pablo de Olavide, a trav\u00e9s del <strong>Grupo Interuniversitario e Interdisciplinario de Investigaciones sobre la Criminalidad<\/strong>, organiza el <a href=\"https:\/\/eventos.upo.es\/94043\/detail\/congreso-la-perspectiva-de-genero-en-la-ley-del-solo-si-es-si.html\">Congreso \u2018La perspectiva de g\u00e9nero en la Ley del Solo s\u00ed es s\u00ed\u2019<\/a> que se celeba <strong>en el Paraninfo del campus durante los d\u00edas 16 y 17 de marzo<\/strong> con la financiaci\u00f3n de la <strong>Facultad de Derecho<\/strong> y de las ayudas destinadas a fomentar la realizaci\u00f3n de acciones para favorecer la igualdad de g\u00e9nero en los centros de la UPO de la <strong>Delegaci\u00f3n del rector para la Igualdad de G\u00e9nero<\/strong>, con la gesti\u00f3n de la <strong>Oficina para la Igualdad<\/strong>. Este foro tiene como objetivo analizar los aciertos y desaciertos de las reformas introducidas en la legislaci\u00f3n penal por la <strong>Ley Org\u00e1nica 10\/2022, de 6 de septiembre, de garant\u00eda integral de la libertad sexual<\/strong>.<\/p>\n<p><a href=\"https:\/\/www.upo.es\/diario\/wp-content\/uploads\/2023\/03\/CARTEL-A3-SOLO-SI-ES-SI_final.png\"><img loading=\"lazy\" decoding=\"async\" class=\"alignright wp-image-30877449 size-medium\" src=\"https:\/\/www.upo.es\/diario\/wp-content\/uploads\/2023\/03\/CARTEL-A3-SOLO-SI-ES-SI_final-272x385.png\" alt=\"\" width=\"272\" height=\"385\" srcset=\"https:\/\/www.upo.es\/diario\/wp-content\/uploads\/2023\/03\/CARTEL-A3-SOLO-SI-ES-SI_final-272x385.png 272w, https:\/\/www.upo.es\/diario\/wp-content\/uploads\/2023\/03\/CARTEL-A3-SOLO-SI-ES-SI_final-530x750.png 530w, https:\/\/www.upo.es\/diario\/wp-content\/uploads\/2023\/03\/CARTEL-A3-SOLO-SI-ES-SI_final-1448x2048.png 1448w\" sizes=\"auto, (max-width: 272px) 100vw, 272px\" \/><\/a>Con la direcci\u00f3n acad\u00e9mica de las profesoras del <strong>\u00c1rea de Derecho Penal<\/strong> de la UPO <strong>Pastora Garc\u00eda \u00c1lvarez<\/strong> y <strong>Viviana Caruso Font\u00e1n<\/strong>, el Congreso pretende analizar la profunda reforma que esta Ley ha supuesto de los delitos sexuales, en la que resulta especialmente destacable la eliminaci\u00f3n de la distinci\u00f3n entre abusos y agresiones sexuales. Por tanto, se trata de una actividad dirigida a profesorado, investigadores e investigadoras y alumnado de Derecho y Criminolog\u00eda, as\u00ed como a otros operadores jur\u00eddicos interesados en la interpretaci\u00f3n y aplicaci\u00f3n de los preceptos penales y el an\u00e1lisis de la realidad criminol\u00f3gica.<\/p>\n<p>El Congreso ha dado comienzo este jueves, inaugurado por la delegada del rector para la Igualdad de G\u00e9nero de la Universidad Pablo de Olavide, <strong>M\u00f3nica Dom\u00ednguez Serrano<\/strong>, y la decana de la Facultad de Derecho, <strong>Mar\u00eda Serrano Fern\u00e1ndez<\/strong>. A continuaci\u00f3n, ha comenzado la primera mesa bajo el t\u00edtulo \u2018Los antecedentes de la Ley y sus l\u00edneas rectoras\u2019 y la primera jornada la cerrar\u00e1 una segunda mesa que lleva por t\u00edtulo \u2018La protecci\u00f3n y asistencia a v\u00edctimas en la aplicaci\u00f3n de la Ley\u2019, que contar\u00e1 con la participaci\u00f3n de profesionales del mundo de la medicina y la psicolog\u00eda que atienden a mujeres v\u00edctimas de violencia sexual.<\/p>\n<p>La sesi\u00f3n del viernes se inicia con la mesa \u2018Agresiones sexuales: \u00bfDe pena de multa a 15 a\u00f1os de prisi\u00f3n?\u2019. Tras la mesa de comunicaciones, tendr\u00e1 lugar la conferencia de clausura, que correr\u00e1 a cargo de <strong>Eduardo Ram\u00f3n Ribas<\/strong>, catedr\u00e1tico de Derecho penal de la Universidad de las Islas Baleares bajo el t\u00edtulo \u2018Aciertos y desaciertos de la Ley\u2019.<\/p>\n<ul>\n<li>La inscripci\u00f3n al Congreso \u2018La perspectiva de g\u00e9nero en la Ley del Solo s\u00ed es s\u00ed\u2019 es gratuita hasta completar aforo en <a href=\"https:\/\/eventos.upo.es\/94043\/section\/41546\/congreso-la-perspectiva-de-genero-en-la-ley-del-solo-si-es-si.html\">https:\/\/eventos.upo.es\/94043\/section\/41546\/congreso-la-perspectiva-de-genero-en-la-ley-del-solo-si-es-si.html<\/a><\/li>\n<\/ul>\n","protected":false},"excerpt":{"rendered":"<p>La Universidad Pablo de Olavide, a trav\u00e9s del Grupo Interuniversitario e Interdisciplinario de Investigaciones sobre la Criminalidad, organiza el Congreso \u2018La perspectiva de g\u00e9nero en la Ley del Solo s\u00ed es s\u00ed\u2019 que tendr\u00e1 lugar en el Paraninfo del campus durante los d\u00edas 16 y 17 de marzo con la financiaci\u00f3n de la Facultad de Derecho y de las ayudas destinadas a fomentar la realizaci\u00f3n de acciones para favorecer la igualdad de g\u00e9nero en los centros de la UPO de la Delegaci\u00f3n del rector para la Igualdad de G\u00e9nero, con la gesti\u00f3n de la Oficina para la Igualdad.<\/p>\n","protected":false},"author":14,"featured_media":30877506,"comment_status":"closed","ping_status":"open","sticky":false,"template":"","format":"standard","meta":{"_monsterinsights_skip_tracking":false,"_monsterinsights_sitenote_active":false,"_monsterinsights_sitenote_note":"","_monsterinsights_sitenote_category":0,"footnotes":""},"categories":[2779],"tags":[8284,1240,354,7412,81,5883,8281,8282,8283,2998],"class_list":["post-30877448","post","type-post","status-publish","format-standard","has-post-thumbnail","hentry","category-docencia-formacion","tag-agresiones-sexuales","tag-area-de-derecho-penal","tag-congreso","tag-delegacion-del-rector-para-la-igualdad-de-genero","tag-facultad-de-derecho","tag-igualdad-de-genero","tag-ley-del-solo-si-es-si","tag-ley-organica-10-2022","tag-libertad-sexual","tag-violencia-sexual"],"_links":{"self":[{"href":"https:\/\/www.upo.es\/diario\/wp-json\/wp\/v2\/posts\/30877448","targetHints":{"allow":["GET"]}}],"collection":[{"href":"https:\/\/www.upo.es\/diario\/wp-json\/wp\/v2\/posts"}],"about":[{"href":"https:\/\/www.upo.es\/diario\/wp-json\/wp\/v2\/types\/post"}],"author":[{"embeddable":true,"href":"https:\/\/www.upo.es\/diario\/wp-json\/wp\/v2\/users\/14"}],"replies":[{"embeddable":true,"href":"https:\/\/www.upo.es\/diario\/wp-json\/wp\/v2\/comments?post=30877448"}],"version-history":[{"count":6,"href":"https:\/\/www.upo.es\/diario\/wp-json\/wp\/v2\/posts\/30877448\/revisions"}],"predecessor-version":[{"id":30877509,"href":"https:\/\/www.upo.es\/diario\/wp-json\/wp\/v2\/posts\/30877448\/revisions\/30877509"}],"wp:featuredmedia":[{"embeddable":true,"href":"https:\/\/www.upo.es\/diario\/wp-json\/wp\/v2\/media\/30877506"}],"wp:attachment":[{"href":"https:\/\/www.upo.es\/diario\/wp-json\/wp\/v2\/media?parent=30877448"}],"wp:term":[{"taxonomy":"category","embeddable":true,"href":"https:\/\/www.upo.es\/diario\/wp-json\/wp\/v2\/categories?post=30877448"},{"taxonomy":"post_tag","embeddable":true,"href":"https:\/\/www.upo.es\/diario\/wp-json\/wp\/v2\/tags?post=30877448"}],"curies":[{"name":"wp","href":"https:\/\/api.w.org\/{rel}","templated":true}]}}