{"id":30877455,"date":"2023-03-15T14:21:39","date_gmt":"2023-03-15T13:21:39","guid":{"rendered":"https:\/\/www.upo.es\/diario\/?p=30877455"},"modified":"2023-03-17T09:52:13","modified_gmt":"2023-03-17T08:52:13","slug":"un-estudio-de-la-upo-indica-que-el-57-de-la-poblacion-estudiada-mayor-de-60-anos-se-encuentra-en-situacion-de-soledad","status":"publish","type":"post","link":"https:\/\/www.upo.es\/diario\/ciencia\/2023\/03\/un-estudio-de-la-upo-indica-que-el-57-de-la-poblacion-estudiada-mayor-de-60-anos-se-encuentra-en-situacion-de-soledad\/","title":{"rendered":"Una investigaci\u00f3n de la UPO indica que el 57% de la poblaci\u00f3n estudiada mayor de 60 a\u00f1os se encuentra en situaci\u00f3n de soledad"},"content":{"rendered":"<figure id=\"attachment_30877456\" aria-describedby=\"caption-attachment-30877456\" style=\"width: 750px\" class=\"wp-caption aligncenter\"><a href=\"https:\/\/www.upo.es\/diario\/wp-content\/uploads\/2023\/03\/Catedra-CR_Estudio-Soledad-No-Deseada-scaled.jpg\"><img loading=\"lazy\" decoding=\"async\" class=\"size-large wp-image-30877456\" src=\"https:\/\/www.upo.es\/diario\/wp-content\/uploads\/2023\/03\/Catedra-CR_Estudio-Soledad-No-Deseada-750x500.jpg\" alt=\"\" width=\"750\" height=\"500\" srcset=\"https:\/\/www.upo.es\/diario\/wp-content\/uploads\/2023\/03\/Catedra-CR_Estudio-Soledad-No-Deseada-750x500.jpg 750w, https:\/\/www.upo.es\/diario\/wp-content\/uploads\/2023\/03\/Catedra-CR_Estudio-Soledad-No-Deseada-385x257.jpg 385w, https:\/\/www.upo.es\/diario\/wp-content\/uploads\/2023\/03\/Catedra-CR_Estudio-Soledad-No-Deseada-768x512.jpg 768w, https:\/\/www.upo.es\/diario\/wp-content\/uploads\/2023\/03\/Catedra-CR_Estudio-Soledad-No-Deseada-2048x1365.jpg 2048w\" sizes=\"auto, (max-width: 750px) 100vw, 750px\" \/><\/a><figcaption id=\"caption-attachment-30877456\" class=\"wp-caption-text\">El profesor Juanma Garc\u00eda presenta los resultados preliminares del estudio<\/figcaption><\/figure>\n<p>El <strong>\u2018Proyecto piloto de caracterizaci\u00f3n de hogares en situaci\u00f3n de vulnerabilidad y aislamiento social y en riesgo de soledad no deseada en la ciudad de Sevilla \u2013 Distrito Macarena\u2019<\/strong> que dirige el profesor del Departamento de Sociolog\u00eda <strong>Juanma Garc\u00eda Gonz\u00e1lez<\/strong> concluye que <strong>el 57% de la poblaci\u00f3n estudiada mayor de 60 a\u00f1os se encuentra en situaci\u00f3n de soledad<\/strong>. Este estudio se desarrolla en el marco de la <strong>C\u00e1tedra Cruz Roja Sevilla en Estudios sobre soledad no deseada<\/strong> y tiene como objetivo principal analizar las soledades y el riesgo de aislamiento de la poblaci\u00f3n en edades avanzadas que reside en esta zona de la ciudad, as\u00ed como extender el protocolo estandarizado de investigaci\u00f3n a otros distritos y, posteriormente, a otros municipios de la provincia.<\/p>\n<p>Juanma Garc\u00eda ha se\u00f1alado que \u201cestamos ante un fen\u00f3meno creciente y preocupante con enorme inter\u00e9s social que <strong>debemos abordar desde la Academia para aportar soluciones que puedan ser aplicadas desde diferentes \u00e1mbitos<\/strong>\u201d. Asimismo, ha destacado que la atenci\u00f3n a las personas mayores es uno de sus principales espacios de intervenci\u00f3n social y este proyecto piloto pone de manifiesto las nuevas necesidades en este \u00e1mbito, que obligan a redefinir los programas.<\/p>\n<p>El profesor de la UPO, durante la presentaci\u00f3n de los resultados preliminares del estudio, se ha referido a la soledad como la asimetr\u00eda entre la calidad y cantidad de relaciones que tiene una persona y las que desea tener. \u201cCada persona siente la soledad de una manera diferente y se enfrenta a ella de distinta forma. Adem\u00e1s, hay diferentes tipos de soledades. Pero, en t\u00e9rminos generales, <strong>a mayor edad, existe una mayor prevalencia<\/strong>\u201d, ha concretado.<\/p>\n<p>Otros datos relevantes del estudio son que la prevalencia de soledad severa es mucho m\u00e1s alta en el distrito estudiado que en el conjunto de Andaluc\u00eda, pues alcanza el 23% de esta poblaci\u00f3n. Por otra parte, se han establecido diferencias sensibles entre <strong>la soledad emocional (57%) y la soledad social (47%)<\/strong>.<\/p>\n<p><strong>En cuanto al aislamiento social, m\u00e1s del 40% de la poblaci\u00f3n estudiada se encuentra en riesgo<\/strong> de estarlo: cerca del 20% presenta aislamiento familiar y casi el 60%, riesgo de aislamiento de la red de amistades.<\/p>\n<p>Como en otros estudios, la prevalencia de soledad aumenta con la edad a pesar de las diferencias por g\u00e9nero y nivel educativo; y, en general, la soledad y el riesgo de aislamiento social son mayores entre las personas que declaran tener una peor salud f\u00edsica y s\u00edntomas de depresi\u00f3n o ansiedad.<\/p>\n<p>El estudio se ha realizado a trav\u00e9s de una encuesta a una <strong>muestra de 307 personas de 60 o m\u00e1s a\u00f1os residentes en el Distrito Macarena<\/strong>. Comparativamente con el resto de la ciudad, esta zona presenta una poblaci\u00f3n m\u00e1s envejecida \u2013especialmente la femenina y nacida en Espa\u00f1a- y existe una importante presencia de poblaci\u00f3n extranjera formada mayoritariamente por hombres j\u00f3venes. En este distrito, predominan los hogares peque\u00f1os, muchos de ellos unipersonales, lo que es especialmente relevante para la poblaci\u00f3n mayor de 65 a\u00f1os. Por otra parte, es uno de las zonas con mayores tasas de desempleo, menor renta y menor cobertura e importe de pensiones.<\/p>\n<h3><strong>I Premio al mejor TFG sobre envejecimiento y personas mayores<\/strong><\/h3>\n<p>La C\u00e1tedra Cruz Roja Sevilla ha hecho entrega del I Premio al mejor Trabajo Fin de Grado de estudios sobre envejecimiento y personas mayores de la Universidad Pablo de Olavide en el curso 2021\/2022 a <strong>Cristina Granados Mart\u00ednez, egresada del Doble Grado en Sociolog\u00eda y Ciencias Pol\u00edticas, por \u2018Mecanismos para afrontar la soledad no deseada: el papel de las redes de apoyo y la autogesti\u00f3n en la poblaci\u00f3n mayor institucionalizada\u2019<\/strong>.<\/p>\n<p>Los resultados obtenidos durante esta investigaci\u00f3n sugieren que los residentes no externalizan sus problemas con sus convivientes, aunque formen parte de su c\u00edrculo m\u00e1s cercano. El estudio contribuye a reflejar que la falta de oportunidades socioemocionales dentro de los entornos residenciales restringe la propia identidad y auto concepto de la persona e influye negativamente en el bienestar personal.<\/p>\n<p>Esta C\u00e1tedra es una iniciativa del <strong>Grupo de Investigaci\u00f3n PAIDI Demograf\u00eda e Investigaci\u00f3n Social<\/strong> en Salud para la realizaci\u00f3n, en colaboraci\u00f3n entre Cruz Roja Sevilla y la Universidad Pablo de Olavide, de actividades de difusi\u00f3n, divulgaci\u00f3n, transferencia sobre envejecimiento, vulnerabilidad social, soledad no deseada y riesgo de aislamiento social. En la actualidad, esta tem\u00e1tica supone uno de los principales problemas de salud p\u00fablica del siglo XXI, que se ha visto acentuado durante la pandemia por Covid-19.<\/p>\n<p>Su objetivo principal es el an\u00e1lisis de la soledad no deseada para poder establecer acciones y proyectos de diagn\u00f3stico del problema, identificaci\u00f3n de personas y familias en situaci\u00f3n de vulnerabilidad en que la soledad sea un factor importante y, en \u00faltimo t\u00e9rmino, poder intervenir para prevenir, aliviar y proponer soluciones. Adem\u00e1s, otra parte relevante del programa es la puesta en marcha de actividades de formaci\u00f3n y divulgaci\u00f3n para que, por un lado, la sociedad sea consciente de esta problem\u00e1tica y, por otro, las personas profesionales tengan recursos para poder actuar con rigor y que as\u00ed sea lo m\u00e1s beneficioso para las personas y familias afectadas.<\/p>\n","protected":false},"excerpt":{"rendered":"<p>El \u2018Proyecto piloto de caracterizaci\u00f3n de hogares en situaci\u00f3n de vulnerabilidad y aislamiento social y en riesgo de soledad no deseada en la ciudad de Sevilla \u2013 Distrito Macarena\u2019 que dirige el profesor del Departamento de Sociolog\u00eda Juanma Garc\u00eda Gonz\u00e1lez concluye que el 57% de la poblaci\u00f3n estudiada mayor de 60 a\u00f1os se encuentra en situaci\u00f3n de soledad. Este estudio se desarrolla en el marco de la C\u00e1tedra Cruz Roja Sevilla en Estudios sobre soledad no deseada y tiene como objetivo principal analizar las soledades y el riesgo de aislamiento de la poblaci\u00f3n en edades avanzadas que reside en esta zona de la ciudad, as\u00ed como extender el protocolo estandarizado de investigaci\u00f3n a otros distritos y, posteriormente, a otros municipios de la provincia.<\/p>\n","protected":false},"author":14,"featured_media":30877456,"comment_status":"closed","ping_status":"open","sticky":false,"template":"","format":"standard","meta":{"_monsterinsights_skip_tracking":false,"_monsterinsights_sitenote_active":false,"_monsterinsights_sitenote_note":"","_monsterinsights_sitenote_category":0,"footnotes":""},"categories":[3],"tags":[8289,8285,1090,8287,793,56,8290,2160,8286,8288],"class_list":["post-30877455","post","type-post","status-publish","format-standard","has-post-thumbnail","hentry","category-ciencia","tag-aislamiento-social","tag-catedra-cruz-roja","tag-cruz-roja","tag-distrito-macarena","tag-intervencion-social","tag-investigacion","tag-juanma-garcia-gonzalez","tag-personas-mayores","tag-soledad-no-deseada","tag-soledad-severa"],"_links":{"self":[{"href":"https:\/\/www.upo.es\/diario\/wp-json\/wp\/v2\/posts\/30877455","targetHints":{"allow":["GET"]}}],"collection":[{"href":"https:\/\/www.upo.es\/diario\/wp-json\/wp\/v2\/posts"}],"about":[{"href":"https:\/\/www.upo.es\/diario\/wp-json\/wp\/v2\/types\/post"}],"author":[{"embeddable":true,"href":"https:\/\/www.upo.es\/diario\/wp-json\/wp\/v2\/users\/14"}],"replies":[{"embeddable":true,"href":"https:\/\/www.upo.es\/diario\/wp-json\/wp\/v2\/comments?post=30877455"}],"version-history":[{"count":4,"href":"https:\/\/www.upo.es\/diario\/wp-json\/wp\/v2\/posts\/30877455\/revisions"}],"predecessor-version":[{"id":30877460,"href":"https:\/\/www.upo.es\/diario\/wp-json\/wp\/v2\/posts\/30877455\/revisions\/30877460"}],"wp:featuredmedia":[{"embeddable":true,"href":"https:\/\/www.upo.es\/diario\/wp-json\/wp\/v2\/media\/30877456"}],"wp:attachment":[{"href":"https:\/\/www.upo.es\/diario\/wp-json\/wp\/v2\/media?parent=30877455"}],"wp:term":[{"taxonomy":"category","embeddable":true,"href":"https:\/\/www.upo.es\/diario\/wp-json\/wp\/v2\/categories?post=30877455"},{"taxonomy":"post_tag","embeddable":true,"href":"https:\/\/www.upo.es\/diario\/wp-json\/wp\/v2\/tags?post=30877455"}],"curies":[{"name":"wp","href":"https:\/\/api.w.org\/{rel}","templated":true}]}}