{"id":30877461,"date":"2023-03-15T14:58:34","date_gmt":"2023-03-15T13:58:34","guid":{"rendered":"https:\/\/www.upo.es\/diario\/?p=30877461"},"modified":"2023-03-17T14:00:27","modified_gmt":"2023-03-17T13:00:27","slug":"la-upo-impulsa-la-coordinacion-en-la-atencion-universitaria-a-la-diversidad-funcional-en-andalucia","status":"publish","type":"post","link":"https:\/\/www.upo.es\/diario\/institucional\/2023\/03\/la-upo-impulsa-la-coordinacion-en-la-atencion-universitaria-a-la-diversidad-funcional-en-andalucia\/","title":{"rendered":"La UPO impulsa la coordinaci\u00f3n en la atenci\u00f3n universitaria a la diversidad funcional en Andaluc\u00eda"},"content":{"rendered":"<figure id=\"attachment_30877478\" aria-describedby=\"caption-attachment-30877478\" style=\"width: 750px\" class=\"wp-caption aligncenter\"><a href=\"https:\/\/www.upo.es\/diario\/wp-content\/uploads\/2023\/03\/20230315_Univ-And-At-Div-Funcional-scaled.jpg\"><img loading=\"lazy\" decoding=\"async\" class=\"size-large wp-image-30877478\" src=\"https:\/\/www.upo.es\/diario\/wp-content\/uploads\/2023\/03\/20230315_Univ-And-At-Div-Funcional-750x337.jpg\" alt=\"Reuni\u00f3n en la UPO de responsables en atenci\u00f3n a las personas con discapacidad\" width=\"750\" height=\"337\" srcset=\"https:\/\/www.upo.es\/diario\/wp-content\/uploads\/2023\/03\/20230315_Univ-And-At-Div-Funcional-750x337.jpg 750w, https:\/\/www.upo.es\/diario\/wp-content\/uploads\/2023\/03\/20230315_Univ-And-At-Div-Funcional-385x173.jpg 385w, https:\/\/www.upo.es\/diario\/wp-content\/uploads\/2023\/03\/20230315_Univ-And-At-Div-Funcional-768x346.jpg 768w, https:\/\/www.upo.es\/diario\/wp-content\/uploads\/2023\/03\/20230315_Univ-And-At-Div-Funcional-2048x921.jpg 2048w\" sizes=\"auto, (max-width: 750px) 100vw, 750px\" \/><\/a><figcaption id=\"caption-attachment-30877478\" class=\"wp-caption-text\">Reuni\u00f3n en la UPO de responsables en atenci\u00f3n a las personas con discapacidad<\/figcaption><\/figure>\n<p>El consejero de Universidades, Investigaci\u00f3n e Innovaci\u00f3n, <strong>Jos\u00e9 Carlos G\u00f3mez Villamandos<\/strong>, y el rector de la Universidad Pablo de Olavide, <strong>Francisco Oliva Bl\u00e1zquez<\/strong>, han presidido este mi\u00e9rcoles en el campus de la UPO un encuentro que ha contado con la participaci\u00f3n de <strong>responsables de las oficinas y servicios de atenci\u00f3n a la diversidad funcional de las universidades p\u00fablicas andaluzas<\/strong>. La reuni\u00f3n, tercera que impulsa la UPO en este \u00e1mbito, ha servido para establecer una v\u00eda de <strong>colaboraci\u00f3n y coordinaci\u00f3n interuniversitaria permanente<\/strong> en todo lo referente a la inclusi\u00f3n de las personas con discapacidad en las universidades p\u00fablicas de Andaluc\u00eda.<\/p>\n<figure id=\"attachment_30877463\" aria-describedby=\"caption-attachment-30877463\" style=\"width: 385px\" class=\"wp-caption alignright\"><a href=\"https:\/\/www.upo.es\/diario\/wp-content\/uploads\/2023\/03\/Reunion-Univ-And-At-Div-Funcional-scaled.jpg\"><img loading=\"lazy\" decoding=\"async\" class=\"wp-image-30877463 size-medium\" src=\"https:\/\/www.upo.es\/diario\/wp-content\/uploads\/2023\/03\/Reunion-Univ-And-At-Div-Funcional-385x217.jpg\" alt=\"David Cobos, Francisco Oliva, Jos\u00e9 C. G\u00f3mez Villamandos y Ram\u00f3n Hera\" width=\"385\" height=\"217\" srcset=\"https:\/\/www.upo.es\/diario\/wp-content\/uploads\/2023\/03\/Reunion-Univ-And-At-Div-Funcional-385x217.jpg 385w, https:\/\/www.upo.es\/diario\/wp-content\/uploads\/2023\/03\/Reunion-Univ-And-At-Div-Funcional-750x422.jpg 750w, https:\/\/www.upo.es\/diario\/wp-content\/uploads\/2023\/03\/Reunion-Univ-And-At-Div-Funcional-768x432.jpg 768w, https:\/\/www.upo.es\/diario\/wp-content\/uploads\/2023\/03\/Reunion-Univ-And-At-Div-Funcional-2048x1152.jpg 2048w\" sizes=\"auto, (max-width: 385px) 100vw, 385px\" \/><\/a><figcaption id=\"caption-attachment-30877463\" class=\"wp-caption-text\">David Cobos, Francisco Oliva, Jos\u00e9 C. G\u00f3mez Villamandos y Ram\u00f3n Herrera<\/figcaption><\/figure>\n<p>En el encuentro <strong>se han abordado aspectos ligados a la formaci\u00f3n, la investigaci\u00f3n y el intercambio de buenas pr\u00e1cticas<\/strong>, como la iniciativa que ha permitido la existencia de asistentes personales en los campus. La reuni\u00f3n ha contado asimismo con la presencia del secretario general de universidades, <strong>Ram\u00f3n Herrera<\/strong>; del vicerrector de Cultura y Pol\u00edticas Sociales de la UPO, <strong>David Cobos<\/strong>; y de la directora general de Inclusi\u00f3n y Pol\u00edticas Socioculturales, <strong>Mar\u00eda Jos\u00e9 Parejo<\/strong>. Francisco Oliva ha se\u00f1alado al comienzo de la reuni\u00f3n que las universidades deben, al igual que hicieron en los a\u00f1os que siguieron a la instauraci\u00f3n de la democracia, abri\u00e9ndose a la sociedad, hacer un nuevo esfuerzo para ser plenamente inclusivas.<\/p>\n<p>&nbsp;<\/p>\n","protected":false},"excerpt":{"rendered":"<p>El consejero de Universidades, Investigaci\u00f3n e Innovaci\u00f3n, Jos\u00e9 Carlos G\u00f3mez Villamandos, y el rector de la Universidad Pablo de Olavide, Francisco Oliva Bl\u00e1zquez, han presidido este mi\u00e9rcoles en el campus de la UPO un encuentro que ha contado con la participaci\u00f3n de responsables de las oficinas y servicios de atenci\u00f3n a la diversidad funcional de las universidades p\u00fablicas andaluzas.<\/p>\n","protected":false},"author":6,"featured_media":30877464,"comment_status":"closed","ping_status":"open","sticky":false,"template":"","format":"standard","meta":{"_monsterinsights_skip_tracking":false,"_monsterinsights_sitenote_active":false,"_monsterinsights_sitenote_note":"","_monsterinsights_sitenote_category":0,"footnotes":""},"categories":[6],"tags":[190,4453,202,39,2514],"class_list":["post-30877461","post","type-post","status-publish","format-standard","has-post-thumbnail","hentry","category-institucional","tag-andalucia","tag-consejeria","tag-encuentro-institucional","tag-universidades","tag-universidades-publicas"],"_links":{"self":[{"href":"https:\/\/www.upo.es\/diario\/wp-json\/wp\/v2\/posts\/30877461","targetHints":{"allow":["GET"]}}],"collection":[{"href":"https:\/\/www.upo.es\/diario\/wp-json\/wp\/v2\/posts"}],"about":[{"href":"https:\/\/www.upo.es\/diario\/wp-json\/wp\/v2\/types\/post"}],"author":[{"embeddable":true,"href":"https:\/\/www.upo.es\/diario\/wp-json\/wp\/v2\/users\/6"}],"replies":[{"embeddable":true,"href":"https:\/\/www.upo.es\/diario\/wp-json\/wp\/v2\/comments?post=30877461"}],"version-history":[{"count":9,"href":"https:\/\/www.upo.es\/diario\/wp-json\/wp\/v2\/posts\/30877461\/revisions"}],"predecessor-version":[{"id":30877480,"href":"https:\/\/www.upo.es\/diario\/wp-json\/wp\/v2\/posts\/30877461\/revisions\/30877480"}],"wp:featuredmedia":[{"embeddable":true,"href":"https:\/\/www.upo.es\/diario\/wp-json\/wp\/v2\/media\/30877464"}],"wp:attachment":[{"href":"https:\/\/www.upo.es\/diario\/wp-json\/wp\/v2\/media?parent=30877461"}],"wp:term":[{"taxonomy":"category","embeddable":true,"href":"https:\/\/www.upo.es\/diario\/wp-json\/wp\/v2\/categories?post=30877461"},{"taxonomy":"post_tag","embeddable":true,"href":"https:\/\/www.upo.es\/diario\/wp-json\/wp\/v2\/tags?post=30877461"}],"curies":[{"name":"wp","href":"https:\/\/api.w.org\/{rel}","templated":true}]}}