{"id":30877471,"date":"2023-03-16T09:14:43","date_gmt":"2023-03-16T08:14:43","guid":{"rendered":"https:\/\/www.upo.es\/diario\/?p=30877471"},"modified":"2023-03-21T15:57:15","modified_gmt":"2023-03-21T14:57:15","slug":"inscripcion-abierta-hasta-el-24-de-marzo-para-el-hackaton-de-medicos-sin-fronteras-sobre-la-crisis-climatica","status":"publish","type":"post","link":"https:\/\/www.upo.es\/diario\/comunidad\/2023\/03\/inscripcion-abierta-hasta-el-24-de-marzo-para-el-hackaton-de-medicos-sin-fronteras-sobre-la-crisis-climatica\/","title":{"rendered":"Inscripci\u00f3n abierta hasta el 24 de marzo para el Hackat\u00f3n de M\u00e9dicos Sin Fronteras sobre la crisis clim\u00e1tica"},"content":{"rendered":"<p><a href=\"https:\/\/www.upo.es\/diario\/wp-content\/uploads\/2023\/03\/Hakaton.jpg\"><img loading=\"lazy\" decoding=\"async\" class=\"aligncenter size-full wp-image-30877472\" src=\"https:\/\/www.upo.es\/diario\/wp-content\/uploads\/2023\/03\/Hakaton.jpg\" alt=\"\" width=\"680\" height=\"680\" srcset=\"https:\/\/www.upo.es\/diario\/wp-content\/uploads\/2023\/03\/Hakaton.jpg 680w, https:\/\/www.upo.es\/diario\/wp-content\/uploads\/2023\/03\/Hakaton-385x385.jpg 385w, https:\/\/www.upo.es\/diario\/wp-content\/uploads\/2023\/03\/Hakaton-150x150.jpg 150w\" sizes=\"auto, (max-width: 680px) 100vw, 680px\" \/><\/a><\/p>\n<p>La organizaci\u00f3n m\u00e9dico-humanitaria <strong>M\u00e9dicos Sin Fronteras<\/strong> (MSF) organiza <strong>un Hackat\u00f3n bajo el lema \u2018La crisis clim\u00e1tica mata\u2019 para estudiantes de formaci\u00f3n profesional, grado o m\u00e1ster<\/strong> que tiene como objetivo sensibilizar de manera efectiva sobre el impacto de la crisis clim\u00e1tica en la salud de las personas. <strong>La inscripci\u00f3n permanecer\u00e1 abierta hasta el pr\u00f3ximo 24 de marzo.<\/strong><\/p>\n<p>Grupos formados por entre tres y cinco estudiantes compiten por<strong> dise\u00f1ar la mejor campa\u00f1a de comunicaci\u00f3n posible sobre esta tem\u00e1tica en un evento que tendr\u00e1 lugar los d\u00edas 19 y 20 de abril de forma simult\u00e1nea en Barcelona, Bilbao, Madrid, Valencia y Sevilla<\/strong>. El equipo ganador recibir\u00e1 <strong>un premio en met\u00e1lico de 500 euros<\/strong> y estar\u00e1 invitado a participar en un nuevo evento sobre la crisis clim\u00e1tica que se celebrar\u00e1 en el mes de octubre en Granada.<\/p>\n<p>Si te preocupa la crisis clim\u00e1tica, crees en la comunicaci\u00f3n y el activismo como motores de cambio social y quieres conocer a gente como t\u00fa y conectar con personas expertas, este evento es para ti. De hecho, este concurso se desarrolla en el marco del proyecto <a href=\"https:\/\/www.humanidadinconformista.org\/\">\u2018Humanidad Inconformista\u2019<\/a> de MSF, un espacio de encuentro de activistas dirigido a la acci\u00f3n por una sociedad m\u00e1s justa, solidaria y humana.<\/p>\n<p>Seg\u00fan explica M\u00e9dicos Sin Fronteras, la crisis clim\u00e1tica es una de las principales amenazas para la humanidad. La sociedad est\u00e1 informada y alerta de sus consecuencias en nuestro planeta -la subida de las temperaturas, el deshielo, la grave p\u00e9rdida de biodiversidad y especies animales-, pero el impacto que el cambio clim\u00e1tico tiene sobre la salud de las personas en todo el mundo, incluida Espa\u00f1a, pasa desapercibido.<\/p>\n<p>El Hackat\u00f3n de M\u00e9dicos Sin Fronteras cuenta con la colaboraci\u00f3n de la Universitat de Barcelona, Universitat Aut\u00f3noma de Barcelona, Universidad del Pa\u00eds Vasco, Universidad Complutense de Madrid, Universidad Rey Juan Carlos de Madrid, Universidad de Sevilla, Universidad de Valencia y Universidad Polit\u00e9cnica de Valencia, adem\u00e1s de la Universidad Pablo de Olavide.<\/p>\n<ul>\n<li>Inscripciones y m\u00e1s informaci\u00f3n en: <a href=\"http:\/\/www.humanidadinconformista.org\/hackaton\">humanidadinconformista.org\/hackaton<\/a><\/li>\n<\/ul>\n","protected":false},"excerpt":{"rendered":"<p>La organizaci\u00f3n m\u00e9dico-humanitaria M\u00e9dicos Sin Fronteras (MSF) organiza un Hackat\u00f3n bajo el lema \u2018La crisis clim\u00e1tica mata\u2019 para estudiantes de formaci\u00f3n profesional, grado o m\u00e1ster que tiene como objetivo sensibilizar de manera efectiva sobre el impacto de la crisis clim\u00e1tica en la salud de las personas. La inscripci\u00f3n permanecer\u00e1 abierta hasta el pr\u00f3ximo 24 de marzo.<\/p>\n","protected":false},"author":14,"featured_media":30877472,"comment_status":"closed","ping_status":"open","sticky":false,"template":"","format":"standard","meta":{"_monsterinsights_skip_tracking":false,"_monsterinsights_sitenote_active":false,"_monsterinsights_sitenote_note":"","_monsterinsights_sitenote_category":0,"footnotes":""},"categories":[5842],"tags":[3585,593,350,6469,21,8291,8292],"class_list":["post-30877471","post","type-post","status-publish","format-standard","has-post-thumbnail","hentry","category-comunidad","tag-activismo","tag-cambio-climatico","tag-comunicacion","tag-crisis-climatica","tag-estudiantes","tag-hackaton","tag-medicos-sin-fronteras"],"_links":{"self":[{"href":"https:\/\/www.upo.es\/diario\/wp-json\/wp\/v2\/posts\/30877471","targetHints":{"allow":["GET"]}}],"collection":[{"href":"https:\/\/www.upo.es\/diario\/wp-json\/wp\/v2\/posts"}],"about":[{"href":"https:\/\/www.upo.es\/diario\/wp-json\/wp\/v2\/types\/post"}],"author":[{"embeddable":true,"href":"https:\/\/www.upo.es\/diario\/wp-json\/wp\/v2\/users\/14"}],"replies":[{"embeddable":true,"href":"https:\/\/www.upo.es\/diario\/wp-json\/wp\/v2\/comments?post=30877471"}],"version-history":[{"count":1,"href":"https:\/\/www.upo.es\/diario\/wp-json\/wp\/v2\/posts\/30877471\/revisions"}],"predecessor-version":[{"id":30877473,"href":"https:\/\/www.upo.es\/diario\/wp-json\/wp\/v2\/posts\/30877471\/revisions\/30877473"}],"wp:featuredmedia":[{"embeddable":true,"href":"https:\/\/www.upo.es\/diario\/wp-json\/wp\/v2\/media\/30877472"}],"wp:attachment":[{"href":"https:\/\/www.upo.es\/diario\/wp-json\/wp\/v2\/media?parent=30877471"}],"wp:term":[{"taxonomy":"category","embeddable":true,"href":"https:\/\/www.upo.es\/diario\/wp-json\/wp\/v2\/categories?post=30877471"},{"taxonomy":"post_tag","embeddable":true,"href":"https:\/\/www.upo.es\/diario\/wp-json\/wp\/v2\/tags?post=30877471"}],"curies":[{"name":"wp","href":"https:\/\/api.w.org\/{rel}","templated":true}]}}