{"id":30877510,"date":"2023-03-17T09:50:10","date_gmt":"2023-03-17T08:50:10","guid":{"rendered":"https:\/\/www.upo.es\/diario\/?p=30877510"},"modified":"2023-03-27T11:44:28","modified_gmt":"2023-03-27T09:44:28","slug":"el-lunes-27-comienza-la-4a-semana-de-la-historia-de-la-universidad-pablo-de-olavide","status":"publish","type":"post","link":"https:\/\/www.upo.es\/diario\/docencia-formacion\/2023\/03\/el-lunes-27-comienza-la-4a-semana-de-la-historia-de-la-universidad-pablo-de-olavide\/","title":{"rendered":"El lunes 27 comienza la 4\u00aa Semana de la Historia de la Universidad Pablo de Olavide"},"content":{"rendered":"<p><a href=\"https:\/\/www.upo.es\/diario\/wp-content\/uploads\/2023\/03\/facebook-100.jpg\"><img loading=\"lazy\" decoding=\"async\" class=\"aligncenter size-large wp-image-30877511\" src=\"https:\/\/www.upo.es\/diario\/wp-content\/uploads\/2023\/03\/facebook-100-750x750.jpg\" alt=\"\" width=\"750\" height=\"750\" srcset=\"https:\/\/www.upo.es\/diario\/wp-content\/uploads\/2023\/03\/facebook-100-750x750.jpg 750w, https:\/\/www.upo.es\/diario\/wp-content\/uploads\/2023\/03\/facebook-100-385x385.jpg 385w, https:\/\/www.upo.es\/diario\/wp-content\/uploads\/2023\/03\/facebook-100-150x150.jpg 150w, https:\/\/www.upo.es\/diario\/wp-content\/uploads\/2023\/03\/facebook-100-768x768.jpg 768w, https:\/\/www.upo.es\/diario\/wp-content\/uploads\/2023\/03\/facebook-100.jpg 1201w\" sizes=\"auto, (max-width: 750px) 100vw, 750px\" \/><\/a><\/p>\n<p>El d\u00eda lunes 27 de marzo comienza la <strong>4\u00aa Semana de la Historia de la Universidad Pablo de Olavide<\/strong>, un evento de divulgaci\u00f3n que, bajo el lema <strong>\u2018Tanto por descubrir\u2019<\/strong>, se celebra hasta el 31 de marzo en el campus universitario y en diversos espacios de la ciudad de Sevilla organizado por el <strong>Vicerrectorado de Investigaci\u00f3n, Transferencia y Doctorado<\/strong> a trav\u00e9s de la <strong>Oficina de Transferencia de Resultados de Investigaci\u00f3n<\/strong> (OTRI). En esta edici\u00f3n, para conmemorar el 25\u00ba Aniversario de la UPO, el programa de actividades cuenta con la representaci\u00f3n de la obra <strong>\u2018El sue\u00f1o ilustrado de Olavide\u2019<\/strong>, a cargo del Grupo de Teatro del Ilustre Colegio de Abogados de Sevilla.<\/p>\n<p>A esta iniciativa, que se representar\u00e1 en el teatro de la sede de la Fundaci\u00f3n Cajasol el martes 28 de marzo a las 19:00 horas, se suman <strong>visitas guiadas, charlas y conferencias, exposiciones y talleres<\/strong> que tienen como objetivo poner en valor la historia y el patrimonio cultural de la Universidad Pablo de Olavide, as\u00ed como mostrar a la sociedad el trabajo de los investigadores e investigadoras en este campo cient\u00edfico.<\/p>\n<p>El programa de la 4\u00aa Semana de la Historia se estructura en torno a siete ejes tem\u00e1ticos. En el eje llamado <strong>\u2018Pablo de Olavide: 25 a\u00f1os de una universidad ilustrada\u2019<\/strong>, se enmarcan las actividades m\u00e1s relacionadas con la Universidad. Por otra parte, bajo el nombre<strong> \u2018Sevilla \u00e1rabe, jud\u00eda y cristiana\u2019<\/strong>, se puede asistir a la charla virtual \u2018Sevilla \u00c1rabe: paralelismo topon\u00edmico entre Sevilla y El Cairo (Egipto)\u2019 y a las visitas guiadas \u2018La juder\u00eda de Sevilla y el barrio de Santa Cruz\u2019 y \u2018\u00bfPor qu\u00e9 quemaron al maestro blanco? La reforma protestante en Sevilla y el proceso inquisitorial\u2019.<\/p>\n<p>Para <strong>\u2018Comprender y vivir la cultura y el patrimonio\u2019<\/strong>, el p\u00fablico puede asistir a la exposici\u00f3n \u2018Una ventana con vistas. El santuario de Regla desde sus or\u00edgenes a nuestros d\u00edas\u2019; realizar las visitas guiadas \u2018Paseo por las plazas sevillanas\u2019 o \u2018Arqueolog\u00eda de Sevilla. Paseo por las evidencias arqueol\u00f3gicas m\u00e1s destacadas del paisaje urbano sevillano\u2019; o asistir al conversatorio y recreaci\u00f3n \u2018Vivir y sobrevivir en la Edad Moderna\u2019 y las charlas \u2018El Prerrafaelismo \u2013arte puro, sencillo y lleno de devoci\u00f3n- y la literatura victoriana\u2019 y \u2018La culinaria prehisp\u00e1nica y colonial: su impacto en la gastronom\u00eda mundial\u2019, que tiene una degustaci\u00f3n gastron\u00f3mica.<\/p>\n<p>El eje llamado <strong>\u2018Mujeres en la Historia\u2019<\/strong> analiza las figuras de Catalina de Ribera y Brianda de Villavicencio en la charla \u2018Mujeres excepcionales del Reino de Sevilla\u2019. Asimismo, desarrolla los talleres \u2018La Odisea de las Escritoras\u2019 y \u2018Acerc\u00e1ndonos a la Historia a trav\u00e9s del rompecabezas de las pensadoras\u2019; y la jornada-seminario \u2018Beneficencia y Hospitalidad en Sevilla. La misi\u00f3n y labor de la mujer en el tiempo\u2019.<\/p>\n<p>Bajo el t\u00edtulo <strong>\u2018Ciencia + Humanidades\u2019<\/strong>, tendr\u00e1 lugar la charla virtual \u2018\u00bfPor qu\u00e9 y c\u00f3mo surgen los sistemas de numeraci\u00f3n? Reflexi\u00f3n hist\u00f3rica sobre el origen de los n\u00fameros y sus distintos tipos\u2019 y la charla \u2018Frente al olvido y los elementos. La Ciencia como Salvaguarda y Conservaci\u00f3n del Patrimonio Hist\u00f3rico\u2019.<\/p>\n<p>Esta Semana de la Historia explora el <strong>Conjunto Arqueol\u00f3gico de It\u00e1lica<\/strong> mediante cuatro visitas guiadas: \u2018Vivir en It\u00e1lica: casa y urbanismo de la Nova Urbs\u2019, \u2018Ave C\u00e9sar, lo que van a morir (o no), te saludan (a veces). El anfiteatro de It\u00e1lica y los gladiadores\u2019, Roma en It\u00e1lica (I): dioses y actores y Roma en It\u00e1lica (II): ciudadanos y gladiadores.<\/p>\n<p>Por \u00faltimo, se realizar\u00e1n dos programas en RadiOlavide sobre <strong>\u2018La Historia en las ondas\u2019<\/strong> bajo las tem\u00e1ticas \u2018La comunidad sefard\u00ed de Pisa a finales del siglo XVII\u2019 y \u2018De primer\u00edsimo orden UPOcalipsis: el fin del mundo a trav\u00e9s de la Historia\u2019.<\/p>\n<p>Todas las actividades han sido dise\u00f1adas para p\u00fablico general y estudiantes de centros educativos y est\u00e1n coordinadas por personal investigador de la Universidad Pablo de Olavide de las \u00c1reas de Historia Medieval, An\u00e1lisis Geogr\u00e1fico Regional, Estudios \u00c1rabes e Isl\u00e1micos, Historia del Arte, Historia Medieval, Matem\u00e1tica Aplicada, Derecho Internacional P\u00fablico y Relaciones Internacionales, Filolog\u00eda Latina, Arqueolog\u00eda, Lengua Espa\u00f1ola, Filosof\u00eda, Cristalograf\u00eda y Mineralog\u00eda, Historia Moderna, Historia Econ\u00f3mica, Historia Antigua e Historia de Am\u00e9rica.<\/p>\n<h3><strong>Entrada libre o previa inscripci\u00f3n<\/strong><\/h3>\n<p>Para asistir a las\u00a0charlas, exposici\u00f3n, conversatorio y recreaci\u00f3n y a la obra de teatro &#8216;El Sue\u00f1o Ilustrado de Olavide&#8217;, la\u00a0entrada es libre hasta agotar aforo.\u00a0 Otras actividades, como las\u00a0visitas guiadas, degustaci\u00f3n y las destinadas para centros educativos, requieren reserva previa. Para participar en las\u00a0charlas virtuales, es necesario acceder a la\u00a0sala virtual\u00a0a trav\u00e9s de la web y los\u00a0programas de radio\u00a0podr\u00e1n seguirse a trav\u00e9s de<strong>\u00a0<\/strong><strong><a href=\"https:\/\/radiolavide.org\/\">https:\/\/radiolavide.org\/<\/a><\/strong><\/p>\n<p>La inauguraci\u00f3n de la 4\u00aa Semana de la Historia tendr\u00e1 lugar el lunes 27 de marzo en el Rectorado, a la que seguir\u00e1 la charla inaugural <strong>\u2018Los primeros a\u00f1os de la Universidad Pablo de Olavide a trav\u00e9s del fondo fotogr\u00e1fico Joaqu\u00edn Beltr\u00e1n\u2019<\/strong> por parte del profesor Jos\u00e9 Mar\u00eda Miura Andrades, investigador del \u00c1rea de Historia Medieval, y el propio fot\u00f3grafo. A continuaci\u00f3n, se desarrollar\u00e1 la actividad <strong>\u2018La Torre de la UPO como mirador privilegiado de nuestro entorno paisaj\u00edstico\u2019<\/strong>, en la que se podr\u00e1 visitar la azotea de esta construcci\u00f3n, con la coordinaci\u00f3n de Francisco Jos\u00e9 Torres Guti\u00e9rrez, investigador del \u00c1rea de An\u00e1lisis Geogr\u00e1fico Regional.<\/p>\n<ul>\n<li>M\u00e1s informaci\u00f3n e inscripciones en: <a href=\"http:\/\/eventos.upo.es\/go\/ivsemanadelahistoria\">http:\/\/eventos.upo.es\/go\/ivsemanadelahistoria<\/a><\/li>\n<\/ul>\n","protected":false},"excerpt":{"rendered":"<p>El d\u00eda lunes 27 de marzo comienza la 4\u00aa Semana de la Historia de la Universidad Pablo de Olavide, un evento de divulgaci\u00f3n que, bajo el lema \u2018Tanto por descubrir\u2019, se celebra hasta el 31 de marzo en el campus universitario y en diversos espacios de la ciudad de Sevilla organizado por el Vicerrectorado de Investigaci\u00f3n, Transferencia y Doctorado a trav\u00e9s de la Oficina de Transferencia de Resultados de Investigaci\u00f3n (OTRI). En esta edici\u00f3n, para conmemorar el 25\u00ba Aniversario de la UPO, el programa de actividades cuenta con la representaci\u00f3n de la obra \u2018El sue\u00f1o ilustrado de Olavide\u2019, a cargo del Grupo de Teatro del Ilustre Colegio de Abogados de Sevilla.<\/p>\n","protected":false},"author":14,"featured_media":30877511,"comment_status":"closed","ping_status":"open","sticky":false,"template":"","format":"standard","meta":{"_monsterinsights_skip_tracking":false,"_monsterinsights_sitenote_active":false,"_monsterinsights_sitenote_note":"","_monsterinsights_sitenote_category":0,"footnotes":""},"categories":[2779],"tags":[8298,2645,132,3657,1053,83,1655,129,3784,8297,7331],"class_list":["post-30877510","post","type-post","status-publish","format-standard","has-post-thumbnail","hentry","category-docencia-formacion","tag-actividades-culturales","tag-divulgacion-cientifica","tag-humanidades","tag-italica","tag-mujeres","tag-otri","tag-pablo-de-olavide","tag-patrimonio","tag-radiolavide","tag-semana-de-la-historia","tag-vicerrectorado-de-investigacion"],"_links":{"self":[{"href":"https:\/\/www.upo.es\/diario\/wp-json\/wp\/v2\/posts\/30877510","targetHints":{"allow":["GET"]}}],"collection":[{"href":"https:\/\/www.upo.es\/diario\/wp-json\/wp\/v2\/posts"}],"about":[{"href":"https:\/\/www.upo.es\/diario\/wp-json\/wp\/v2\/types\/post"}],"author":[{"embeddable":true,"href":"https:\/\/www.upo.es\/diario\/wp-json\/wp\/v2\/users\/14"}],"replies":[{"embeddable":true,"href":"https:\/\/www.upo.es\/diario\/wp-json\/wp\/v2\/comments?post=30877510"}],"version-history":[{"count":2,"href":"https:\/\/www.upo.es\/diario\/wp-json\/wp\/v2\/posts\/30877510\/revisions"}],"predecessor-version":[{"id":30877513,"href":"https:\/\/www.upo.es\/diario\/wp-json\/wp\/v2\/posts\/30877510\/revisions\/30877513"}],"wp:featuredmedia":[{"embeddable":true,"href":"https:\/\/www.upo.es\/diario\/wp-json\/wp\/v2\/media\/30877511"}],"wp:attachment":[{"href":"https:\/\/www.upo.es\/diario\/wp-json\/wp\/v2\/media?parent=30877510"}],"wp:term":[{"taxonomy":"category","embeddable":true,"href":"https:\/\/www.upo.es\/diario\/wp-json\/wp\/v2\/categories?post=30877510"},{"taxonomy":"post_tag","embeddable":true,"href":"https:\/\/www.upo.es\/diario\/wp-json\/wp\/v2\/tags?post=30877510"}],"curies":[{"name":"wp","href":"https:\/\/api.w.org\/{rel}","templated":true}]}}