{"id":30877565,"date":"2023-03-22T14:13:39","date_gmt":"2023-03-22T13:13:39","guid":{"rendered":"https:\/\/www.upo.es\/diario\/?p=30877565"},"modified":"2023-03-24T13:44:55","modified_gmt":"2023-03-24T12:44:55","slug":"convivencia-inclusiva-flora-tristan-inclout","status":"publish","type":"post","link":"https:\/\/www.upo.es\/diario\/cultura-social\/2023\/03\/convivencia-inclusiva-flora-tristan-inclout\/","title":{"rendered":"La Residencia Universitaria Flora Trist\u00e1n de la UPO abre sus puertas a la convivencia inclusiva"},"content":{"rendered":"<figure id=\"attachment_30877568\" aria-describedby=\"caption-attachment-30877568\" style=\"width: 750px\" class=\"wp-caption aligncenter\"><a href=\"https:\/\/www.upo.es\/diario\/wp-content\/uploads\/2023\/03\/IMG_9104-e1679490317302.jpg\"><img loading=\"lazy\" decoding=\"async\" class=\"wp-image-30877568 size-large\" src=\"https:\/\/www.upo.es\/diario\/wp-content\/uploads\/2023\/03\/IMG_9104-e1679490317302-750x533.jpg\" alt=\"De izquierda a derecha: director de la Asociaci\u00f3n Paz y Bien, Jos\u00e9 Luis Gordillo; la t\u00e9cnica responsable del programa Sevilla Solidaria del Ayuntamiento de Sevilla, Victoria Rodr\u00edguez; la vicerrectora de Estudiantes de la UPO, Marian Mor\u00f3n; el vicerrector de Cultura y Pol\u00edticas Sociales, David Cobos; la directora acad\u00e9mica de FEVIDA, Rosa Mar\u00eda D\u00edaz; y la t\u00e9cnica de la Asociaci\u00f3n Down Sevilla, Andrea Acosta.\" width=\"750\" height=\"533\" srcset=\"https:\/\/www.upo.es\/diario\/wp-content\/uploads\/2023\/03\/IMG_9104-e1679490317302-750x533.jpg 750w, https:\/\/www.upo.es\/diario\/wp-content\/uploads\/2023\/03\/IMG_9104-e1679490317302-385x273.jpg 385w, https:\/\/www.upo.es\/diario\/wp-content\/uploads\/2023\/03\/IMG_9104-e1679490317302-768x545.jpg 768w\" sizes=\"auto, (max-width: 750px) 100vw, 750px\" \/><\/a><figcaption id=\"caption-attachment-30877568\" class=\"wp-caption-text\">Jos\u00e9 Luis Gordillo, Victoria Rodr\u00edguez, Marian Mor\u00f3n, David Cobos, Rosa M. D\u00edaz y Andrea Acosta<\/figcaption><\/figure>\n<p>Un a\u00f1o m\u00e1s, la Residencia Universitaria Flora Trist\u00e1n acoge una nueva edici\u00f3n del programa \u2018<strong>INCLOUT Personas con discapacidad intelectual INCLUIDAS en la residencia universitaria Flora Trist\u00e1n-UPO\u2019<\/strong> que se desarrolla en el marco del t\u00edtulo propio de la Universidad Pablo de Olavide <strong>FEVIDA, \u2018Formaci\u00f3n para el empleo y la vida aut\u00f3noma de personas con discapacidad intelectual\u2019.<\/strong> De este modo, un grupo estudiantes con diversidad funcional cognitiva de entre 18 y 35 a\u00f1os, convivir\u00e1n durante 3 meses con residentes universitarios de diferentes pa\u00edses y nacionalidades, fomentando as\u00ed convivencia plural. Paralelamente, estos j\u00f3venes participar\u00e1n, adem\u00e1s, activamente en todas las actividades que se lleven a cabo en la vida diaria de la Residencia, participando con entidades del barrio, en las que se ponen de manifiesto las pol\u00edticas activas en materia social que desarrolla la universidad en su entorno.<\/p>\n<p>El programa, gestionado por las asociaciones <strong>Paz y Bien<\/strong> y <strong>Down Sevilla<\/strong> y subvencionado por el <strong>Ayuntamiento de Sevilla<\/strong> a trav\u00e9s de la convocatoria de acci\u00f3n social \u2018Sevilla Solidaria 2023\u2019, en colaboraci\u00f3n con la UPO, pretende seguir reduciendo las barreras que los j\u00f3venes con diversidad funcional intelectual encuentran en su inclusi\u00f3n plena en la sociedad. De este modo, se fomenta el desarrollo de habilidades para el desenvolvimiento en el \u00e1mbito dom\u00e9stico y social mediante la convivencia con iguales, fuera de su entorno sociofamiliar, concretamente en una residencia universitaria, trabajando as\u00ed las competencias necesarias para la vida aut\u00f3noma.<\/p>\n<p>Este programa incluye dos versiones complementarias, la <strong>INCLOUT- Inside, dirigida por Down Sevilla<\/strong> y <strong>orientada a trabajar las habilidades de los j\u00f3venes en el \u00e1mbito dom\u00e9stico <\/strong>(planificaci\u00f3n, gesti\u00f3n econ\u00f3mica, resoluci\u00f3n de conflictos, convivencia, tareas dom\u00e9sticas), y la <strong>INCLOUT-Outside, en la que es la Asociaci\u00f3n Paz y Bien la encargada de coordinar la participaci\u00f3n e inclusi\u00f3n de los estudiantes<\/strong> <strong>en la comunidad <\/strong>(planificaci\u00f3n del ocio, gesti\u00f3n de recursos sociales, conexi\u00f3n a redes).<\/p>\n<p>El acto de presentaci\u00f3n, que ha tenido lugar esta ma\u00f1ana en el Sal\u00f3n de Usos M\u00faltiples de la Residencia, ha contado con la presencia del vicerrector de Cultura y Pol\u00edticas Sociales de la Universidad Pablo de Olavide, David Cobos Sanchiz; la vicerrectora de Estudiantes, Marian Mor\u00f3n Mart\u00edn; la directora de Innovaci\u00f3n Social y directora de la Residencia Universitaria Flora Trist\u00e1n, Esther Prieto Jim\u00e9nez, la directora acad\u00e9mica de FEVIDA, Rosa Mar\u00eda D\u00edaz Jim\u00e9nez; la t\u00e9cnica responsable del programa Sevilla Solidaria del Ayuntamiento de Sevilla, Victoria Rodr\u00edguez; el director de la Asociaci\u00f3n Paz y Bien, Jos\u00e9 Luis Gordillo; y la t\u00e9cnica de Down Sevilla, Andrea Acosta, as\u00ed como estudiantes beneficiarios de la iniciativa, familiares, profesorado y residentes de la propia residencia universitaria.<\/p>\n<p>Durante su intervenci\u00f3n, el vicerrector de Cultura y Pol\u00edticas Sociales de la UPO, ha subrayado la <em>\u201cimportancia de la implicaci\u00f3n de los diversos organismos, entidades y personas gracias a la que este proyecto es cada vez m\u00e1s grande\u201d<\/em>.<\/p>\n<p>Por su parte, la directora acad\u00e9mica de FEVIDA, ha expresado su satisfacci\u00f3n e inmensa alegr\u00eda \u201c<em>no s\u00f3lo porque este proyecto es una realidad, sino porque en esta ocasi\u00f3n se ha abierto a la participaci\u00f3n de otros programas, como el programa \u2018Hermano\u2019<\/em>, <em>que implica la presencia de otras universidades, como la Universidad de Sevilla\u201d.<\/em><\/p>\n<p>La vicerrectora de estudiantes de la Universidad Pablo de Olavide ha agradecido a todos los estudiantes asistentes \u201c<em>su participaci\u00f3n en un programa tan importante no s\u00f3lo para la Universidad, sino para la sociedad en general\u201d<\/em>, manifestando su orgullo por <em>\u201crepresentar a la comunidad universitaria de la que ellos forman parte\u201d.<\/em><\/p>\n<p>Por su \u00faltimo, la responsable del programa Sevilla Solidaria, ha apostillado que <em>\u201cse trata de un proyecto pionero, que suma no s\u00f3lo formaci\u00f3n como estudiante, sino formaci\u00f3n en el \u00e1mbito de la vida adulta\u201d.<\/em><\/p>\n<p>El Ayuntamiento de Sevilla, a trav\u00e9s de la convocatoria de proyectos de acci\u00f3n social \u2018Sevilla Solidaria 2022\u2019, dota con 25 000 euros la propuesta, la Universidad Pablo de Olavide pone a disposici\u00f3n del programa las instalaciones de la residencia y el Vicerrectorado de Cultura y Pol\u00edticas Sociales cofinancia el coste de las plazas residenciales y destina a estudiantes residentes becarios del proyecto Flora Trist\u00e1n que desempe\u00f1an el rol de compa\u00f1eros y compa\u00f1eras residentes. El programa cuenta con la colaboraci\u00f3n de Seren\u00edsima Ib\u00e9rica, una de las empresas concesionarias de los servicios de comedor de la UPO que ofrece los almuerzos a estos estudiantes a mitad del precio habitual.<\/p>\n<h3><strong>Germen de la iniciativa<\/strong><\/h3>\n<p>Caracterizada por su compromiso social e implicada en la inclusi\u00f3n social de las personas con diversidad funcional, la Universidad Pablo de Olavide puso en marcha en el a\u00f1o 2017 el programa FEVIDA, enfocado en la preparaci\u00f3n laboral de su estudiantado y que se estructura en materias funcionales, human\u00edsticas y profesionales, que complementadas con actividades extracurriculares en el campus y actividades compartidas con alumnos de grado y postgrado de la universidad enriquecen estos estudios para conseguir el objetivo planteado y la integraci\u00f3n en la vida social de las personas con diversidad funcional. A lo largo de sus cinco ediciones el programa ha formado a un total de 85 estudiantes.<\/p>\n<p>Asimismo, como parte de su formaci\u00f3n, este programa, incluye una semana de inmersi\u00f3n del alumnado en la Residencia Universitaria Flora Trist\u00e1n, que se ampl\u00eda ahora hasta cuatro meses, una iniciativa pionera de la UPO para contribuir a mejorar el grado de autonom\u00eda personal de estos estudiantes.<\/p>\n<p><strong>A trav\u00e9s de FEVIDA y a trav\u00e9s del programa INCLOUT<\/strong>, la Universidad Pablo de Olavide pone de relieve, una vez m\u00e1s, su marcado <strong>compromiso social e inclusivo<\/strong>, que se suma a su <strong>car\u00e1cter pionero e innovador<\/strong> para <strong>la construcci\u00f3n de una sociedad m\u00e1s plural y diversa<\/strong>.<\/p>\n<p>El programa FEVIDA est\u00e1 financiado por la Fundaci\u00f3n Once y el Fondo Social Europeo, cuenta con la colaboraci\u00f3n de las entidades Down Sevilla y Paz y Bien, y est\u00e1 gestionado por el \u00c1rea de Formaci\u00f3n Permanente de la Fundaci\u00f3n Universidad Pablo de Olavide.<\/p>\n<p>Con esta edici\u00f3n, el programa se consolida tras la experiencia realizada a\u00f1os atr\u00e1s, siendo valorada como una iniciativa formativa acertada y amable para la transici\u00f3n a la vida adulta e independiente de estos j\u00f3venes.<\/p>\n<p>Fuente: Fundaci\u00f3n Universidad Pablo de Olavide<\/p>\n","protected":false},"excerpt":{"rendered":"<p>Arranca la II edici\u00f3n del programa \u2018INCLOUT Personas con discapacidad intelectual INCLUIDAS en la residencia universitaria Flora Trist\u00e1n-UPO\u2019, gestionado por las asociaciones Paz y Bien y Down Sevilla con financiaci\u00f3n del Ayuntamiento de Sevilla.<\/p>\n","protected":false},"author":6,"featured_media":30877568,"comment_status":"closed","ping_status":"open","sticky":false,"template":"","format":"standard","meta":{"_monsterinsights_skip_tracking":false,"_monsterinsights_sitenote_active":false,"_monsterinsights_sitenote_note":"","_monsterinsights_sitenote_category":0,"footnotes":""},"categories":[5843],"tags":[5156,621,5150,7634,487,5056,2540,7790,1745,166,7194],"class_list":["post-30877565","post","type-post","status-publish","format-standard","has-post-thumbnail","hentry","category-cultura-social","tag-asociacion-paz-y-bien","tag-ayuntamiento-de-sevilla","tag-david-cobos-sanchiz","tag-down-sevilla","tag-facultad-ciencias-sociales","tag-fevida","tag-inclusion-social","tag-marian-moron","tag-residencia-universitaria-flora-tristan","tag-titulo-propio","tag-vicerrectorado-de-cultura-y-politicas-sociales"],"_links":{"self":[{"href":"https:\/\/www.upo.es\/diario\/wp-json\/wp\/v2\/posts\/30877565","targetHints":{"allow":["GET"]}}],"collection":[{"href":"https:\/\/www.upo.es\/diario\/wp-json\/wp\/v2\/posts"}],"about":[{"href":"https:\/\/www.upo.es\/diario\/wp-json\/wp\/v2\/types\/post"}],"author":[{"embeddable":true,"href":"https:\/\/www.upo.es\/diario\/wp-json\/wp\/v2\/users\/6"}],"replies":[{"embeddable":true,"href":"https:\/\/www.upo.es\/diario\/wp-json\/wp\/v2\/comments?post=30877565"}],"version-history":[{"count":4,"href":"https:\/\/www.upo.es\/diario\/wp-json\/wp\/v2\/posts\/30877565\/revisions"}],"predecessor-version":[{"id":30877571,"href":"https:\/\/www.upo.es\/diario\/wp-json\/wp\/v2\/posts\/30877565\/revisions\/30877571"}],"wp:featuredmedia":[{"embeddable":true,"href":"https:\/\/www.upo.es\/diario\/wp-json\/wp\/v2\/media\/30877568"}],"wp:attachment":[{"href":"https:\/\/www.upo.es\/diario\/wp-json\/wp\/v2\/media?parent=30877565"}],"wp:term":[{"taxonomy":"category","embeddable":true,"href":"https:\/\/www.upo.es\/diario\/wp-json\/wp\/v2\/categories?post=30877565"},{"taxonomy":"post_tag","embeddable":true,"href":"https:\/\/www.upo.es\/diario\/wp-json\/wp\/v2\/tags?post=30877565"}],"curies":[{"name":"wp","href":"https:\/\/api.w.org\/{rel}","templated":true}]}}