{"id":30877575,"date":"2023-03-22T15:05:57","date_gmt":"2023-03-22T14:05:57","guid":{"rendered":"https:\/\/www.upo.es\/diario\/?p=30877575"},"modified":"2023-03-24T13:44:51","modified_gmt":"2023-03-24T12:44:51","slug":"presentado-el-numero-7-de-la-revista-la-pluma-violeta-editada-por-estudiantes-de-genero-y-critica-de-las-ideologias","status":"publish","type":"post","link":"https:\/\/www.upo.es\/diario\/comunidad\/2023\/03\/presentado-el-numero-7-de-la-revista-la-pluma-violeta-editada-por-estudiantes-de-genero-y-critica-de-las-ideologias\/","title":{"rendered":"Presentado el n\u00famero 7 de la revista \u2018La pluma violeta\u2019, editada por estudiantes de \u2018G\u00e9nero y cr\u00edtica de las ideolog\u00edas\u2019"},"content":{"rendered":"<figure id=\"attachment_30877576\" aria-describedby=\"caption-attachment-30877576\" style=\"width: 750px\" class=\"wp-caption aligncenter\"><a href=\"https:\/\/www.upo.es\/diario\/wp-content\/uploads\/2023\/03\/Foto1-1.jpg\"><img loading=\"lazy\" decoding=\"async\" class=\"size-large wp-image-30877576\" src=\"https:\/\/www.upo.es\/diario\/wp-content\/uploads\/2023\/03\/Foto1-1-750x355.jpg\" alt=\"\" width=\"750\" height=\"355\" srcset=\"https:\/\/www.upo.es\/diario\/wp-content\/uploads\/2023\/03\/Foto1-1-750x355.jpg 750w, https:\/\/www.upo.es\/diario\/wp-content\/uploads\/2023\/03\/Foto1-1-385x182.jpg 385w, https:\/\/www.upo.es\/diario\/wp-content\/uploads\/2023\/03\/Foto1-1-768x363.jpg 768w, https:\/\/www.upo.es\/diario\/wp-content\/uploads\/2023\/03\/Foto1-1-1536x727.jpg 1536w, https:\/\/www.upo.es\/diario\/wp-content\/uploads\/2023\/03\/Foto1-1-1320x625.jpg 1320w, https:\/\/www.upo.es\/diario\/wp-content\/uploads\/2023\/03\/Foto1-1.jpg 1600w\" sizes=\"auto, (max-width: 750px) 100vw, 750px\" \/><\/a><figcaption id=\"caption-attachment-30877576\" class=\"wp-caption-text\">El alumnado presenta el n\u00famero 7 de &#8216;La pluma violeta&#8217;<\/figcaption><\/figure>\n<p>La revista <a href=\"https:\/\/www.upo.es\/cms2\/export\/sites\/facultades\/facultad-humanidades\/es\/calidad-estrategia-y-responsabilidad-social\/.galleries\/Documentos-COMPROMISO-CON-LA-IGUALDAD\/Pluma-violeta-n71.pdf\">\u2018La pluma violeta\u2019<\/a> de la Universidad Pablo de Olavide ha presentado su s\u00e9ptimo n\u00famero en la sede Olavide en Sevilla \u2013 Centro en un acto que ha contado con el estudiantado de la asignatura<strong> \u2018G\u00e9nero y cr\u00edtica de las ideolog\u00edas\u2019<\/strong>, que ha editado la publicaci\u00f3n, y la profesora del \u00c1rea de Filosof\u00eda <strong>Marian P\u00e9rez Bernal<\/strong>, quien la ha dirigido.<\/p>\n<p>Adem\u00e1s del equipo de edici\u00f3n de la revista, en la presentaci\u00f3n han participado la delegada del rector para la Igualdad de G\u00e9nero, <strong>M\u00f3nica Dom\u00ednguez Serrano<\/strong>, y la decana de la Facultad de Humanidades, <strong>Rosario Moreno Soldevilla<\/strong>.<\/p>\n<p>Durante la presentaci\u00f3n, la delegada ha mostrado su satisfacci\u00f3n por la celebraci\u00f3n de este acto que supone una defensa de la igualdad de g\u00e9nero desde el \u00e1mbito docente llevado a cabo por los y las estudiantes y ha agradecido a la Facultad de Humanidades \u201cpor su constate compromiso con la igualdad\u201d. Por su parte, la decana ha destacado las reflexiones que han quedado plasmadas en la revista y que \u201ca\u00f1o por a\u00f1o permiten transformar la realidad\u201d porque \u201clas Humanidades nos ayudan a construir un futuro mejor\u201d. Asimismo, la profesora P\u00e9rez Bernal ha agradecido al estudiantado el trabajo realizado y el \u201cclaro compromiso con la igualdad\u201d, que les hizo seguir trabajando m\u00e1s all\u00e1 del final de la asignatura.<\/p>\n<p><a href=\"https:\/\/www.upo.es\/diario\/wp-content\/uploads\/2023\/03\/LaPlumaVioleta-c.jpg\"><img loading=\"lazy\" decoding=\"async\" class=\"alignright size-medium wp-image-30877577\" src=\"https:\/\/www.upo.es\/diario\/wp-content\/uploads\/2023\/03\/LaPlumaVioleta-c-385x385.jpg\" alt=\"\" width=\"385\" height=\"385\" srcset=\"https:\/\/www.upo.es\/diario\/wp-content\/uploads\/2023\/03\/LaPlumaVioleta-c-385x385.jpg 385w, https:\/\/www.upo.es\/diario\/wp-content\/uploads\/2023\/03\/LaPlumaVioleta-c-750x750.jpg 750w, https:\/\/www.upo.es\/diario\/wp-content\/uploads\/2023\/03\/LaPlumaVioleta-c-150x150.jpg 150w, https:\/\/www.upo.es\/diario\/wp-content\/uploads\/2023\/03\/LaPlumaVioleta-c-768x768.jpg 768w, https:\/\/www.upo.es\/diario\/wp-content\/uploads\/2023\/03\/LaPlumaVioleta-c.jpg 1000w\" sizes=\"auto, (max-width: 385px) 100vw, 385px\" \/><\/a>El n\u00famero 7 de \u2018La pluma violeta\u2019 ha sido editado por <strong>M\u00f3nica Gonz\u00e1lez Mart\u00edn, Anna Pia Ruocco, Anastasia Shafeeva y Angie Su\u00e1rez Gonz\u00e1lez<\/strong>, que tambi\u00e9n se han encargado de la maquetaci\u00f3n y el dise\u00f1o. La ilustraci\u00f3n de portada es obra de M\u00f3nica Gonz\u00e1lez Mart\u00edn y la redacci\u00f3n ha correspondido al alumnado de la asignatura del Departamento de Geograf\u00eda, Historia y Filosof\u00eda.<\/p>\n<p>El contenido de la publicaci\u00f3n se articula en cuatro bloques bajo los t\u00edtulos \u2018Actualidad\u2019, \u2018Derechos\u2019. \u2018Entretenimiento\u2019, \u2018Historia\u2019 y \u2018Literatura y lengua\u2019 con tem\u00e1ticas actuales y diversas que van desde la evoluci\u00f3n e historia de los derechos de las mujeres en la Afganist\u00e1n del siglo XX, hasta las mujeres que aparecen en la literatura juvenil, pasando por la trata de mujeres y ni\u00f1as con fines de explotaci\u00f3n sexual en Espa\u00f1a, entre otras muchas.<\/p>\n<p>&nbsp;<\/p>\n","protected":false},"excerpt":{"rendered":"<p>La revista \u2018La pluma violeta\u2019 de la Universidad Pablo de Olavide ha presentado su s\u00e9ptimo n\u00famero en la sede Olavide en Sevilla \u2013 Centro en un acto que ha contado con el estudiantado de la asignatura \u2018G\u00e9nero y cr\u00edtica de las ideolog\u00edas\u2019, que ha editado la publicaci\u00f3n, y la profesora del \u00c1rea de Filosof\u00eda Marian P\u00e9rez Bernal, quien la ha dirigido.<\/p>\n","protected":false},"author":14,"featured_media":30877576,"comment_status":"closed","ping_status":"open","sticky":false,"template":"","format":"standard","meta":{"_monsterinsights_skip_tracking":false,"_monsterinsights_sitenote_active":false,"_monsterinsights_sitenote_note":"","_monsterinsights_sitenote_category":0,"footnotes":""},"categories":[5842],"tags":[8100,7256,96,890,336,8311,5883,4779],"class_list":["post-30877575","post","type-post","status-publish","format-standard","has-post-thumbnail","hentry","category-comunidad","tag-area-de-filosofia","tag-delegada-del-rector-para-la-igualdad-de-genero","tag-facultad-de-humanidades","tag-feminismo","tag-genero","tag-genero-y-critica-de-las-ideologias","tag-igualdad-de-genero","tag-revista-la-pluma-violeta"],"_links":{"self":[{"href":"https:\/\/www.upo.es\/diario\/wp-json\/wp\/v2\/posts\/30877575","targetHints":{"allow":["GET"]}}],"collection":[{"href":"https:\/\/www.upo.es\/diario\/wp-json\/wp\/v2\/posts"}],"about":[{"href":"https:\/\/www.upo.es\/diario\/wp-json\/wp\/v2\/types\/post"}],"author":[{"embeddable":true,"href":"https:\/\/www.upo.es\/diario\/wp-json\/wp\/v2\/users\/14"}],"replies":[{"embeddable":true,"href":"https:\/\/www.upo.es\/diario\/wp-json\/wp\/v2\/comments?post=30877575"}],"version-history":[{"count":1,"href":"https:\/\/www.upo.es\/diario\/wp-json\/wp\/v2\/posts\/30877575\/revisions"}],"predecessor-version":[{"id":30877578,"href":"https:\/\/www.upo.es\/diario\/wp-json\/wp\/v2\/posts\/30877575\/revisions\/30877578"}],"wp:featuredmedia":[{"embeddable":true,"href":"https:\/\/www.upo.es\/diario\/wp-json\/wp\/v2\/media\/30877576"}],"wp:attachment":[{"href":"https:\/\/www.upo.es\/diario\/wp-json\/wp\/v2\/media?parent=30877575"}],"wp:term":[{"taxonomy":"category","embeddable":true,"href":"https:\/\/www.upo.es\/diario\/wp-json\/wp\/v2\/categories?post=30877575"},{"taxonomy":"post_tag","embeddable":true,"href":"https:\/\/www.upo.es\/diario\/wp-json\/wp\/v2\/tags?post=30877575"}],"curies":[{"name":"wp","href":"https:\/\/api.w.org\/{rel}","templated":true}]}}