{"id":30877616,"date":"2023-03-24T14:17:27","date_gmt":"2023-03-24T13:17:27","guid":{"rendered":"https:\/\/www.upo.es\/diario\/?p=30877616"},"modified":"2023-03-28T15:51:47","modified_gmt":"2023-03-28T13:51:47","slug":"inaugurada-la-exposicion-leyendo-entre-calles-sobre-el-paisaje-linguistico-de-sevilla","status":"publish","type":"post","link":"https:\/\/www.upo.es\/diario\/docencia-formacion\/2023\/03\/inaugurada-la-exposicion-leyendo-entre-calles-sobre-el-paisaje-linguistico-de-sevilla\/","title":{"rendered":"Inaugurada la exposici\u00f3n \u2018Leyendo entre calles\u2019 sobre el paisaje ling\u00fc\u00edstico de Sevilla"},"content":{"rendered":"<figure id=\"attachment_30877617\" aria-describedby=\"caption-attachment-30877617\" style=\"width: 750px\" class=\"wp-caption aligncenter\"><a href=\"https:\/\/www.upo.es\/diario\/wp-content\/uploads\/2023\/03\/foto2ok.jpg\"><img loading=\"lazy\" decoding=\"async\" class=\"size-large wp-image-30877617\" src=\"https:\/\/www.upo.es\/diario\/wp-content\/uploads\/2023\/03\/foto2ok-750x674.jpg\" alt=\"\" width=\"750\" height=\"674\" srcset=\"https:\/\/www.upo.es\/diario\/wp-content\/uploads\/2023\/03\/foto2ok-750x674.jpg 750w, https:\/\/www.upo.es\/diario\/wp-content\/uploads\/2023\/03\/foto2ok-385x346.jpg 385w, https:\/\/www.upo.es\/diario\/wp-content\/uploads\/2023\/03\/foto2ok-768x691.jpg 768w, https:\/\/www.upo.es\/diario\/wp-content\/uploads\/2023\/03\/foto2ok-1320x1187.jpg 1320w, https:\/\/www.upo.es\/diario\/wp-content\/uploads\/2023\/03\/foto2ok.jpg 1499w\" sizes=\"auto, (max-width: 750px) 100vw, 750px\" \/><\/a><figcaption id=\"caption-attachment-30877617\" class=\"wp-caption-text\">Juan C. Jurado, Rosario Moreno, Minerva Salas, Mercedes de la Torre, Lola Pons y David Cobos<\/figcaption><\/figure>\n<p>&nbsp;<\/p>\n<p>Del 24 de marzo hasta el 15 de mayo, se podr\u00e1 visitar la exposici\u00f3n <strong>\u2018Leyendo entre calles. El paisaje ling\u00fc\u00edstico de Sevilla\u2019<\/strong> en la Biblioteca P\u00fablica Infanta Elena de Sevilla. Esta muestra est\u00e1 comisariada por <strong>Mercedes de la Torre Garc\u00eda<\/strong>, profesora de la Universidad Pablo de Olavide y miembro del equipo investigador del <strong>proyecto PLANEO: Paisaje ling\u00fc\u00edstico andaluz<\/strong>: evaluaci\u00f3n y observaci\u00f3n cartogr\u00e1fica (P20_00640), Junta de Andaluc\u00eda (Consejer\u00eda de Econom\u00eda, Conocimiento, Empresas y Universidad\u00b7), dirigido por <strong>Lola Pons<\/strong> (Universidad de Sevilla).<\/p>\n<p>El contenido de la exhibici\u00f3n pretende acercar a la sociedad los resultados de la investigaci\u00f3n llevada a cabo en el seno del proyecto PLANEO en Sevilla. En las cuatro secciones que constituyen la muestra, se elabora una propuesta de lectura de los textos que forman parte de nuestro entorno urbano. \u00bfQui\u00e9nes son sus emisores?, \u00bfqu\u00e9 formas adoptan los mensajes?, \u00bfcu\u00e1les son sus funciones?, \u00bfpor qu\u00e9 tantas lenguas?, etc\u00e9tera.<\/p>\n<p>La muestra se basa en el concepto de \u2018paisaje ling\u00fc\u00edstico\u2019, es decir, los mensajes que pueden leerse voluntaria o involuntariamente simplemente yendo por la calle: r\u00f3tulos comerciales, grafitis, publicidad m\u00f3vil, carteler\u00eda publicitaria o mensajes institucionales.<\/p>\n<figure id=\"attachment_30877618\" aria-describedby=\"caption-attachment-30877618\" style=\"width: 289px\" class=\"wp-caption alignright\"><a href=\"https:\/\/www.upo.es\/diario\/wp-content\/uploads\/2023\/03\/foto1ok-1.jpg\"><img loading=\"lazy\" decoding=\"async\" class=\"size-medium wp-image-30877618\" src=\"https:\/\/www.upo.es\/diario\/wp-content\/uploads\/2023\/03\/foto1ok-1-289x385.jpg\" alt=\"\" width=\"289\" height=\"385\" srcset=\"https:\/\/www.upo.es\/diario\/wp-content\/uploads\/2023\/03\/foto1ok-1-289x385.jpg 289w, https:\/\/www.upo.es\/diario\/wp-content\/uploads\/2023\/03\/foto1ok-1-563x750.jpg 563w, https:\/\/www.upo.es\/diario\/wp-content\/uploads\/2023\/03\/foto1ok-1-768x1024.jpg 768w, https:\/\/www.upo.es\/diario\/wp-content\/uploads\/2023\/03\/foto1ok-1-1152x1536.jpg 1152w, https:\/\/www.upo.es\/diario\/wp-content\/uploads\/2023\/03\/foto1ok-1.jpg 1200w\" sizes=\"auto, (max-width: 289px) 100vw, 289px\" \/><\/a><figcaption id=\"caption-attachment-30877618\" class=\"wp-caption-text\">Mercedes de la Torre<\/figcaption><\/figure>\n<p>La exposici\u00f3n ofrece una perspectiva distinta de la realidad ling\u00fc\u00edstica sevillana. Aunque se tiende a pensar que los \u00fanicos territorios multiling\u00fces de Espa\u00f1a son aquellos con lengua oficial propia, un paseo por los barrios de Sevilla muestra c\u00f3mo en las paredes y escaparates de nuestra ciudad hay rotulaci\u00f3n en chino mandar\u00edn, ingl\u00e9s o ucraniano, qu\u00e9 connotaciones damos al uso de algunas lenguas en la publicidad o de qu\u00e9 manera nos dirigimos a los turistas.<\/p>\n<p>En definitiva, se traslada las calles a una sala de exposiciones para que la sociedad comprenda los textos que nos rodean y leemos a diario.<\/p>\n<p>Desde hace dos a\u00f1os, el equipo del proyecto PLANEO viene recopilando y subiendo a su p\u00e1gina web el paisaje ling\u00fc\u00edstico de cuatro provincias andaluzas, un tesoro de casi 5.000 fotos que suponen un retrato de las lenguas a tiempo real de parte de nuestra comunidad aut\u00f3noma.<\/p>\n","protected":false},"excerpt":{"rendered":"<p>Del 24 de marzo hasta el 15 de mayo, se podr\u00e1 visitar la exposici\u00f3n \u2018Leyendo entre calles. El paisaje ling\u00fc\u00edstico de Sevilla\u2019 en la Biblioteca P\u00fablica Infanta Elena de Sevilla. Esta muestra est\u00e1 comisariada por Mercedes de la Torre Garc\u00eda, profesora de la Universidad Pablo de Olavide y miembro del equipo investigador del proyecto PLANEO: Paisaje ling\u00fc\u00edstico andaluz: evaluaci\u00f3n y observaci\u00f3n cartogr\u00e1fica (P20_00640), Junta de Andaluc\u00eda (Consejer\u00eda de Econom\u00eda, Conocimiento, Empresas y Universidad\u00b7), dirigido por Lola Pons (Universidad de Sevilla).<\/p>\n","protected":false},"author":14,"featured_media":30877617,"comment_status":"closed","ping_status":"open","sticky":false,"template":"","format":"standard","meta":{"_monsterinsights_skip_tracking":false,"_monsterinsights_sitenote_active":false,"_monsterinsights_sitenote_note":"","_monsterinsights_sitenote_category":0,"footnotes":""},"categories":[2779],"tags":[8318,74,2942,1779,8073,8319],"class_list":["post-30877616","post","type-post","status-publish","format-standard","has-post-thumbnail","hentry","category-docencia-formacion","tag-biblioteca-infanta-elena","tag-exposiciones","tag-lengua","tag-mercedes-de-la-torre","tag-paisaje-linguistico","tag-proyecto-planeo"],"_links":{"self":[{"href":"https:\/\/www.upo.es\/diario\/wp-json\/wp\/v2\/posts\/30877616","targetHints":{"allow":["GET"]}}],"collection":[{"href":"https:\/\/www.upo.es\/diario\/wp-json\/wp\/v2\/posts"}],"about":[{"href":"https:\/\/www.upo.es\/diario\/wp-json\/wp\/v2\/types\/post"}],"author":[{"embeddable":true,"href":"https:\/\/www.upo.es\/diario\/wp-json\/wp\/v2\/users\/14"}],"replies":[{"embeddable":true,"href":"https:\/\/www.upo.es\/diario\/wp-json\/wp\/v2\/comments?post=30877616"}],"version-history":[{"count":2,"href":"https:\/\/www.upo.es\/diario\/wp-json\/wp\/v2\/posts\/30877616\/revisions"}],"predecessor-version":[{"id":30877620,"href":"https:\/\/www.upo.es\/diario\/wp-json\/wp\/v2\/posts\/30877616\/revisions\/30877620"}],"wp:featuredmedia":[{"embeddable":true,"href":"https:\/\/www.upo.es\/diario\/wp-json\/wp\/v2\/media\/30877617"}],"wp:attachment":[{"href":"https:\/\/www.upo.es\/diario\/wp-json\/wp\/v2\/media?parent=30877616"}],"wp:term":[{"taxonomy":"category","embeddable":true,"href":"https:\/\/www.upo.es\/diario\/wp-json\/wp\/v2\/categories?post=30877616"},{"taxonomy":"post_tag","embeddable":true,"href":"https:\/\/www.upo.es\/diario\/wp-json\/wp\/v2\/tags?post=30877616"}],"curies":[{"name":"wp","href":"https:\/\/api.w.org\/{rel}","templated":true}]}}