{"id":30877650,"date":"2023-03-27T11:44:18","date_gmt":"2023-03-27T09:44:18","guid":{"rendered":"https:\/\/www.upo.es\/diario\/?p=30877650"},"modified":"2023-03-29T10:07:02","modified_gmt":"2023-03-29T08:07:02","slug":"presentacion-cuarta-semana-historia","status":"publish","type":"post","link":"https:\/\/www.upo.es\/diario\/docencia-formacion\/2023\/03\/presentacion-cuarta-semana-historia\/","title":{"rendered":"\u2018El sue\u00f1o ilustrado de Olavide\u2019, una obra de teatro para la 4\u00aa Semana de la Historia de la UPO"},"content":{"rendered":"<figure id=\"attachment_30877652\" aria-describedby=\"caption-attachment-30877652\" style=\"width: 750px\" class=\"wp-caption aligncenter\"><a href=\"https:\/\/www.upo.es\/diario\/wp-content\/uploads\/2023\/03\/20230327_4-Sem-Historia-scaled.jpg\"><img loading=\"lazy\" decoding=\"async\" class=\"size-large wp-image-30877652\" src=\"https:\/\/www.upo.es\/diario\/wp-content\/uploads\/2023\/03\/20230327_4-Sem-Historia-750x422.jpg\" alt=\"Antonia Jim\u00e9nez y Rosario Moreno, durante la presentaci\u00f3n de la 4\u00aa Semana de la Historia\" width=\"750\" height=\"422\" srcset=\"https:\/\/www.upo.es\/diario\/wp-content\/uploads\/2023\/03\/20230327_4-Sem-Historia-750x422.jpg 750w, https:\/\/www.upo.es\/diario\/wp-content\/uploads\/2023\/03\/20230327_4-Sem-Historia-385x217.jpg 385w, https:\/\/www.upo.es\/diario\/wp-content\/uploads\/2023\/03\/20230327_4-Sem-Historia-768x432.jpg 768w, https:\/\/www.upo.es\/diario\/wp-content\/uploads\/2023\/03\/20230327_4-Sem-Historia-2048x1152.jpg 2048w\" sizes=\"auto, (max-width: 750px) 100vw, 750px\" \/><\/a><figcaption id=\"caption-attachment-30877652\" class=\"wp-caption-text\">Antonia Jim\u00e9nez y Rosario Moreno, durante la presentaci\u00f3n de la 4\u00aa Semana de la Historia<\/figcaption><\/figure>\n<p>La vicerrectora de Investigaci\u00f3n, Transferencia y Doctorado de la Universidad Pablo de Olavide, Antonia Jim\u00e9nez Rodr\u00edguez, ha inaugurado la <a href=\"https:\/\/eventos.upo.es\/94737\/detail\/4o-semana-de-la-historia-de-la-universidad-pablo-de-olavide.html\">4\u00aa Semana de la Historia<\/a>, un evento de divulgaci\u00f3n que, <strong>bajo el lema \u2018Tanto por descubrir\u2019<\/strong>, se celebra hasta este viernes 31 de marzo en el campus universitario y en diversos espacios de la ciudad de Sevilla.<\/p>\n<p><a href=\"https:\/\/fundacioncajasol.com\/wp-content\/uploads\/2023\/03\/20230328_Cartel_Teatro-El-Sueno-Ilustrado-de-Olavide-980x1328.jpg\"><img loading=\"lazy\" decoding=\"async\" class=\"alignright \" src=\"https:\/\/fundacioncajasol.com\/wp-content\/uploads\/2023\/03\/20230328_Cartel_Teatro-El-Sueno-Ilustrado-de-Olavide-980x1328.jpg\" alt=\"El sue\u00f1o ilustrado de Olavide\" width=\"371\" height=\"503\" \/><\/a>En esta edici\u00f3n, para conmemorar el <a href=\"https:\/\/www.upo.es\/25-aniversario\/\">25\u00ba Aniversario de la UPO<\/a>, el programa de actividades cuenta con la representaci\u00f3n de la <strong>obra \u2018El sue\u00f1o ilustrado de Olavide\u2019<\/strong>, a cargo del Grupo de Teatro del Ilustre Colegio de Abogados de Sevilla, que, partiendo de la dramatizaci\u00f3n de la muerte de Pablo de Olavide y J\u00e1uregui, hace un repaso por su vida y obra. La funci\u00f3n tendr\u00e1 lugar <strong>este martes a las 19:00 horas en el teatro de la sede de la Fundaci\u00f3n Cajasol. La entrada es libre hasta completar el aforo<\/strong>.<\/p>\n<p>Adem\u00e1s de la vicerrectora, la inauguraci\u00f3n ha contado con la participaci\u00f3n de la <strong>decana de la Facultad de Humanidades, Rosario Moreno Soldevila<\/strong>; y la directora de la Oficina de Transferencia de Resultados de la Investigaci\u00f3n (OTRI), Rosario Jim\u00e9nez Rodr\u00edguez.<\/p>\n<p>Antonia Jim\u00e9nez ha destacado el n\u00famero de actividades programadas y la variedad de sus tem\u00e1ticas con el objetivo de llegar al mayor p\u00fablico posible. As\u00ed, ha informado que \u201cm\u00e1s de 2.500 personas han participado en total en las tres ediciones anteriores de la Semana de la Historia y han podido conocer de primera mano el trabajo de nuestros investigadores e investigadoras\u201d. Finalmente, ha se\u00f1alado que el \u00e9xito de estas jornadas est\u00e1 en la dedicaci\u00f3n y entusiasmo que le pone la Facultad de Humanidades \u201cpara crear un espacio abierto de reflexi\u00f3n en la memoria colectiva de la sociedad\u201d.<\/p>\n<p>Organizada por el Vicerrectorado de Investigaci\u00f3n, Transferencia y Doctorado a trav\u00e9s de la Oficina de Transferencia de Resultados de Investigaci\u00f3n (OTRI), a la obra \u2018El sue\u00f1o ilustrado de Olavide\u2019, se suman visitas guiadas, charlas y conferencias, exposiciones y talleres que tienen como objetivo poner en valor la historia y el patrimonio cultural de la Universidad Pablo de Olavide, as\u00ed como mostrar a la sociedad el trabajo de los investigadores e investigadoras en este campo cient\u00edfico.<\/p>\n<p>Tras la inauguraci\u00f3n de la 4\u00aa Semana de la Historia, se ha desarrollado la primera conferencia, \u2018Los primeros a\u00f1os de la Universidad Pablo de Olavide a trav\u00e9s del fondo fotogr\u00e1fico Joaqu\u00edn Beltr\u00e1n\u2019, a cargo del profesor Jos\u00e9 Mar\u00eda Miura Andrades, investigador del \u00c1rea de Historia Medieval, y el propio fot\u00f3grafo. A continuaci\u00f3n, se ha podido visitar la azotea de la Torre de la UPO en una actividad coordinada por Francisco Jos\u00e9 Torres Guti\u00e9rrez, investigador del \u00c1rea de An\u00e1lisis Geogr\u00e1fico Regional.<\/p>\n<h3><strong>Entrada libre o reserva previa para las actividades<\/strong><\/h3>\n<p><img loading=\"lazy\" decoding=\"async\" class=\"alignright size-medium wp-image-30877511\" src=\"https:\/\/www.upo.es\/diario\/wp-content\/uploads\/2023\/03\/facebook-100-385x385.jpg\" alt=\"\" width=\"385\" height=\"385\" srcset=\"https:\/\/www.upo.es\/diario\/wp-content\/uploads\/2023\/03\/facebook-100-385x385.jpg 385w, https:\/\/www.upo.es\/diario\/wp-content\/uploads\/2023\/03\/facebook-100-750x750.jpg 750w, https:\/\/www.upo.es\/diario\/wp-content\/uploads\/2023\/03\/facebook-100-150x150.jpg 150w, https:\/\/www.upo.es\/diario\/wp-content\/uploads\/2023\/03\/facebook-100-768x768.jpg 768w, https:\/\/www.upo.es\/diario\/wp-content\/uploads\/2023\/03\/facebook-100.jpg 1201w\" sizes=\"auto, (max-width: 385px) 100vw, 385px\" \/>Para asistir a las<strong>\u00a0charlas, exposici\u00f3n, conversatorio y recreaci\u00f3n y a la obra de teatro &#8216;El Sue\u00f1o Ilustrado de Olavide&#8217;, <\/strong>la<strong>\u00a0entrada es libre hasta agotar el aforo.\u00a0 <\/strong>Otras actividades, como las<strong>\u00a0visitas guiadas, degustaci\u00f3n y las destinadas a centros educativos, requieren reserva previa. <\/strong>Para participar en las<strong>\u00a0charlas virtuales, <\/strong>es necesario acceder a la<strong>\u00a0sala virtual\u00a0<\/strong>a trav\u00e9s de la web y los<strong>\u00a0programas de radio<\/strong><strong>\u00a0<\/strong>podr\u00e1n seguirse <em>online<\/em>.<\/p>\n<p>El programa de la 4\u00aa Semana de la Historia se estructura en torno a siete ejes tem\u00e1ticos. En el eje llamado \u2018Pablo de Olavide: 25 a\u00f1os de una universidad ilustrada\u2019, se enmarcan las actividades m\u00e1s relacionadas con la Universidad. Por otra parte, bajo el nombre \u2018Sevilla \u00e1rabe, jud\u00eda y cristiana\u2019, se puede asistir a la charla virtual \u2018Sevilla \u00c1rabe: paralelismo topon\u00edmico entre Sevilla y El Cairo (Egipto)\u2019 y a las visitas guiadas \u2018La juder\u00eda de Sevilla y el barrio de Santa Cruz\u2019 y \u2018\u00bfPor qu\u00e9 quemaron al maestro blanco? La reforma protestante en Sevilla y el proceso inquisitorial\u2019.<\/p>\n<p>Para \u2018Comprender y vivir la cultura y el patrimonio\u2019, el p\u00fablico puede asistir a la exposici\u00f3n \u2018Una ventana con vistas. El santuario de Regla desde sus or\u00edgenes a nuestros d\u00edas\u2019; realizar las visitas guiadas \u2018Paseo por las plazas sevillanas\u2019 o \u2018Arqueolog\u00eda de Sevilla. Paseo por las evidencias arqueol\u00f3gicas m\u00e1s destacadas del paisaje urbano sevillano\u2019; o asistir al conversatorio y recreaci\u00f3n \u2018Vivir y sobrevivir en la Edad Moderna\u2019 y las charlas \u2018El Prerrafaelismo \u2013arte puro, sencillo y lleno de devoci\u00f3n- y la literatura victoriana\u2019 y \u2018La culinaria prehisp\u00e1nica y colonial: su impacto en la gastronom\u00eda mundial\u2019, que tiene una degustaci\u00f3n gastron\u00f3mica.<\/p>\n<p>El eje llamado \u2018Mujeres en la Historia\u2019 analiza las figuras de Catalina de Ribera y Brianda de Villavicencio en la charla \u2018Mujeres excepcionales del Reino de Sevilla\u2019. Asimismo, desarrolla los talleres \u2018La Odisea de las Escritoras\u2019 y \u2018Acerc\u00e1ndonos a la Historia a trav\u00e9s del rompecabezas de las pensadoras\u2019; y la jornada-seminario \u2018Beneficencia y Hospitalidad en Sevilla. La misi\u00f3n y labor de la mujer en el tiempo\u2019.<\/p>\n<p>Bajo el t\u00edtulo \u2018Ciencia + Humanidades\u2019, tendr\u00e1 lugar la charla virtual \u2018\u00bfPor qu\u00e9 y c\u00f3mo surgen los sistemas de numeraci\u00f3n? Reflexi\u00f3n hist\u00f3rica sobre el origen de los n\u00fameros y sus distintos tipos\u2019 y la charla \u2018Frente al olvido y los elementos. La Ciencia como Salvaguarda y Conservaci\u00f3n del Patrimonio Hist\u00f3rico\u2019.<\/p>\n<p>Esta Semana de la Historia explora el Conjunto Arqueol\u00f3gico de It\u00e1lica mediante cuatro visitas guiadas: \u2018Vivir en It\u00e1lica: casa y urbanismo de la Nova Urbs\u2019, \u2018Ave C\u00e9sar, lo que van a morir (o no), te saludan (a veces). El anfiteatro de It\u00e1lica y los gladiadores\u2019, Roma en It\u00e1lica (I): dioses y actores y Roma en It\u00e1lica (II): ciudadanos y gladiadores.<\/p>\n<p>Por \u00faltimo, se realizar\u00e1n dos programas en RadiOlavide sobre \u2018La Historia en las ondas\u2019 bajo las tem\u00e1ticas \u2018La comunidad sefard\u00ed de Pisa a finales del siglo XVII\u2019 y \u2018De primer\u00edsimo orden UPOcalipsis: el fin del mundo a trav\u00e9s de la Historia\u2019.<\/p>\n<p>Todas las actividades han sido dise\u00f1adas para p\u00fablico general y estudiantes de centros educativos y est\u00e1n coordinadas por personal investigador de la Universidad Pablo de Olavide de las \u00c1reas de Historia Medieval, An\u00e1lisis Geogr\u00e1fico Regional, Estudios \u00c1rabes e Isl\u00e1micos, Historia del Arte, Historia Medieval, Matem\u00e1tica Aplicada, Derecho Internacional P\u00fablico y Relaciones Internacionales, Filolog\u00eda Latina, Arqueolog\u00eda, Lengua Espa\u00f1ola, Filosof\u00eda, Cristalograf\u00eda y Mineralog\u00eda, Historia Moderna, Historia Econ\u00f3mica, Historia Antigua e Historia de Am\u00e9rica.<\/p>\n<p>M\u00e1s informaci\u00f3n e inscripciones en: <a href=\"http:\/\/eventos.upo.es\/go\/ivsemanadelahistoria\">http:\/\/eventos.upo.es\/go\/ivsemanadelahistoria<\/a><\/p>\n<p>&nbsp;<\/p>\n<p>&nbsp;<\/p>\n","protected":false},"excerpt":{"rendered":"<p>La vicerrectora de Investigaci\u00f3n, Transferencia y Doctorado inaugura una nueva edici\u00f3n de este evento de divulgaci\u00f3n que tiene como objetivo poner en valor la historia y el patrimonio cultural de la Universidad Pablo de Olavide.<\/p>\n","protected":false},"author":6,"featured_media":30877652,"comment_status":"closed","ping_status":"open","sticky":false,"template":"","format":"standard","meta":{"_monsterinsights_skip_tracking":false,"_monsterinsights_sitenote_active":false,"_monsterinsights_sitenote_note":"","_monsterinsights_sitenote_category":0,"footnotes":""},"categories":[2779],"tags":[8016,4504,544,970,2911,83,1655,5827,8297,95,4881],"class_list":["post-30877650","post","type-post","status-publish","format-standard","has-post-thumbnail","hentry","category-docencia-formacion","tag-25-aniversario","tag-antonia-jimenez","tag-conferencias","tag-divulgacion","tag-la-ilustracion","tag-otri","tag-pablo-de-olavide","tag-rosario-moreno","tag-semana-de-la-historia","tag-teatro","tag-visitas-guiadas"],"_links":{"self":[{"href":"https:\/\/www.upo.es\/diario\/wp-json\/wp\/v2\/posts\/30877650","targetHints":{"allow":["GET"]}}],"collection":[{"href":"https:\/\/www.upo.es\/diario\/wp-json\/wp\/v2\/posts"}],"about":[{"href":"https:\/\/www.upo.es\/diario\/wp-json\/wp\/v2\/types\/post"}],"author":[{"embeddable":true,"href":"https:\/\/www.upo.es\/diario\/wp-json\/wp\/v2\/users\/6"}],"replies":[{"embeddable":true,"href":"https:\/\/www.upo.es\/diario\/wp-json\/wp\/v2\/comments?post=30877650"}],"version-history":[{"count":3,"href":"https:\/\/www.upo.es\/diario\/wp-json\/wp\/v2\/posts\/30877650\/revisions"}],"predecessor-version":[{"id":30877654,"href":"https:\/\/www.upo.es\/diario\/wp-json\/wp\/v2\/posts\/30877650\/revisions\/30877654"}],"wp:featuredmedia":[{"embeddable":true,"href":"https:\/\/www.upo.es\/diario\/wp-json\/wp\/v2\/media\/30877652"}],"wp:attachment":[{"href":"https:\/\/www.upo.es\/diario\/wp-json\/wp\/v2\/media?parent=30877650"}],"wp:term":[{"taxonomy":"category","embeddable":true,"href":"https:\/\/www.upo.es\/diario\/wp-json\/wp\/v2\/categories?post=30877650"},{"taxonomy":"post_tag","embeddable":true,"href":"https:\/\/www.upo.es\/diario\/wp-json\/wp\/v2\/tags?post=30877650"}],"curies":[{"name":"wp","href":"https:\/\/api.w.org\/{rel}","templated":true}]}}