{"id":30877660,"date":"2023-03-28T10:58:54","date_gmt":"2023-03-28T08:58:54","guid":{"rendered":"https:\/\/www.upo.es\/diario\/?p=30877660"},"modified":"2023-03-29T15:15:30","modified_gmt":"2023-03-29T13:15:30","slug":"la-universidad-pablo-de-olavide-celebra-el-xxvii-congreso-iberoamericano-de-derecho-romano","status":"publish","type":"post","link":"https:\/\/www.upo.es\/diario\/docencia-formacion\/2023\/03\/la-universidad-pablo-de-olavide-celebra-el-xxvii-congreso-iberoamericano-de-derecho-romano\/","title":{"rendered":"La Universidad Pablo de Olavide celebra el XXVII Congreso Iberoamericano de Derecho Romano"},"content":{"rendered":"<p><a href=\"https:\/\/www.upo.es\/diario\/wp-content\/uploads\/2023\/03\/imagen1_CongreDerechoRomano.png\"><img loading=\"lazy\" decoding=\"async\" class=\"aligncenter size-large wp-image-30877661\" src=\"https:\/\/www.upo.es\/diario\/wp-content\/uploads\/2023\/03\/imagen1_CongreDerechoRomano-750x390.png\" alt=\"\" width=\"750\" height=\"390\" srcset=\"https:\/\/www.upo.es\/diario\/wp-content\/uploads\/2023\/03\/imagen1_CongreDerechoRomano-750x390.png 750w, https:\/\/www.upo.es\/diario\/wp-content\/uploads\/2023\/03\/imagen1_CongreDerechoRomano-385x200.png 385w, https:\/\/www.upo.es\/diario\/wp-content\/uploads\/2023\/03\/imagen1_CongreDerechoRomano-768x399.png 768w, https:\/\/www.upo.es\/diario\/wp-content\/uploads\/2023\/03\/imagen1_CongreDerechoRomano.png 1019w\" sizes=\"auto, (max-width: 750px) 100vw, 750px\" \/><\/a><\/p>\n<p>La Universidad Pablo de Olavide y la Asociaci\u00f3n Iberoamericana de Derecho Romano (AIDROM) organizan <strong>el XXIV Congreso Internacional y el XXVII Congreso Iberoamericano de Derecho Romano<\/strong>, que tendr\u00e1n lugar entre el mi\u00e9rcoles 29 y el viernes 31 de marzo bajo el lema <strong>\u2018El sujeto de Derecho en la experiencia jur\u00eddica romana\u2019<\/strong> y tienen como objetivo el estudio y difusi\u00f3n del Derecho Romano, tanto en su sentido estricto como en el \u00e1mbito de la tradici\u00f3n jur\u00eddica roman\u00edstica y su proyecci\u00f3n en el derecho europeo e iberoamericano.<\/p>\n<p>La conferencia inaugural tendr\u00e1 lugar este mi\u00e9rcoles a las 12:00 horas en Sala de Grados del Edificio 7 del campus de la UPO, que pronunciar\u00e1 <strong>Luis Rodr\u00edguez Ennes<\/strong> (Universidad de Vigo) con el t\u00edtulo \u2018<em>Provocatio ad populum<\/em> y ciudadan\u00eda\u2019. Tras esta, seguir\u00e1 la inauguraci\u00f3n oficial, que correr\u00e1 a cargo de la vicerrectora de Relaciones Institucionales y Fundaciones de la Universidad Pablo de Olavide, <strong>Laura L\u00f3pez de la Cruz<\/strong>; el presidente de AIDROM, <strong>Alfonso Murillo Villar<\/strong>; la decana de la Facultad de Derecho de la UPO, <strong>Mar\u00eda Serrano Fern\u00e1ndez<\/strong>; y el Catedr\u00e1tico de Derecho Romano, <strong>Bernardo Peri\u00f1\u00e1n G\u00f3mez<\/strong>.<\/p>\n<p>Esta cita, a la que AIDROM es fiel anualmente, desarrollar\u00e1 numerosas mesas redondas bajo t\u00edtulos como \u2018Sujeto colectivo y derecho\u2019, \u2018Sujeto individual y derecho\u2019, \u2018Mujer y derecho\u2019, \u2018Persona y consentimiento negocial\u2019, \u2018El sujeto de derecho y su fundamento\u2019, \u2018Sujeto y libertad\u2019, \u2018Sujeto y familia\u2019, \u2018Sujeto y derecho penal\u2019, \u2018Sujeto y herencia\u2019, \u2018Inicio y fin del sujeto\u2019, \u2018Evoluci\u00f3n del sujeto de derecho\u2019 y \u2018Sujeto y negocio\u2019. En ellas, investigadores e investigadoras y profesorado de numerosas universidades nacionales e internacionales abordar\u00e1n tem\u00e1ticas tan variadas como el concepto de ciudadan\u00eda femenina romana, la personalidad jur\u00eddica del monacato primitivo o las personas con discapacidad en la \u00e9poca romana, pasando por los fundamentos roman\u00edsticos de la patria potestad o el concepto de curatela, entre otras muchas.<\/p>\n<p>Asimismo, en el marco del Congreso, en el Colegio de Abogados de Sevilla, <strong>Carmen L\u00f3pez Ren<\/strong>do (Universidad de Oviedo) presentar\u00e1 su obra \u2018Fundamentos roman\u00edsticos del Derecho europeo e iberoamericano\u2019 y <strong>Mar\u00eda Jos\u00e9 Azaustre<\/strong> (Universidad de Oviedo) har\u00e1 lo propio con \u2018Fuentes del Derecho romano oline\u2019.<\/p>\n<p>Durante la \u00faltima jornada de los congresos, que se desarrollar\u00e1 en el Monasterio de San Isidoro del Campo en Santiponce, tendr\u00e1 lugar la Asamblea de la Asociaci\u00f3n Iberoamericana de Derecho Romano. A su conclusi\u00f3n, <strong>Tammo Wallinga<\/strong> (Universidad Erasmus Rotterdam \/ Universidad de Amberes) pronunciar\u00e1 la conferencia de clausura, que lleva por t\u00edtulo \u2018El sujeto del derecho. <em>Observationes et annotationes<\/em>\u2019.<\/p>\n<p>El rector de la Universidad Pablo de Olavide, <strong>Francisco Oliva Bl\u00e1zquez<\/strong>, clausurar\u00e1 los congresos en una mesa en la que tambi\u00e9n participan la directora general de Museos y Conjuntos Culturales de la Junta de Andaluc\u00eda, <strong>Aurora Villalobos G\u00f3mez<\/strong>; la presidenta del Consejo Social de la UPO, <strong>Roc\u00edo Reinoso Cuevas<\/strong>; el presidente de AIDROM, <strong>Alfonso Murillo Villar<\/strong>; y el catedr\u00e1tico de Derecho Romano de la UPO, <strong>Bernardo Peri\u00f1\u00e1n G\u00f3mez<\/strong>.<\/p>\n<p>El XXIV Congreso Internacional y el XXVII Congreso Iberoamericano de Derecho Romano cuentan con la colaboraci\u00f3n de la Junta de Andaluc\u00eda, el Ilustre Colegio de Abogados de Sevilla, el Ilustre Colegio Notarial de Andaluc\u00eda, Registradores de Andaluc\u00eda Occidental y la Real Academia Hispano Americana de Ciencias, Artes y Letras. Y su comit\u00e9 organizador est\u00e1 formado por los profesores y profesoras del \u00c1rea de Derecho Romano de la Universidad Pablo de Olavide <strong>Bernardo Jes\u00fas Peri\u00f1\u00e1n G\u00f3mez, Mar\u00eda del Carmen Cort\u00e9s Rom\u00e1n, Anna Katarzyna Karabowicz, Mar\u00eda Aurora L\u00f3pez G\u00fceto, Francisco Jos\u00e9 Tejada Hern\u00e1ndez y Juan Carlos Tello L\u00e1zaro<\/strong>.<\/p>\n<ul>\n<li>M\u00e1s informaci\u00f3n: <a href=\"https:\/\/eventos.upo.es\/78365\/detail\/xxiv-congreso-internacional-y-xxvii-congreso-iberoamericano-de-derecho-romano.html\">https:\/\/eventos.upo.es\/78365\/detail\/xxiv-congreso-internacional-y-xxvii-congreso-iberoamericano-de-derecho-romano.html<\/a><\/li>\n<\/ul>\n","protected":false},"excerpt":{"rendered":"<p>La Universidad Pablo de Olavide y la Asociaci\u00f3n Iberoamericana de Derecho Romano (AIDROM) organizan el XXIV Congreso Internacional y el XXVII Congreso Iberoamericano de Derecho Romano, que tendr\u00e1n lugar entre el mi\u00e9rcoles 29 y el viernes 31 de marzo bajo el lema \u2018El sujeto de Derecho en la experiencia jur\u00eddica romana\u2019 y tienen como objetivo el estudio y difusi\u00f3n del Derecho Romano, tanto en su sentido estricto como en el \u00e1mbito de la tradici\u00f3n jur\u00eddica roman\u00edstica y su proyecci\u00f3n en el derecho europeo e iberoamericano.<\/p>\n","protected":false},"author":14,"featured_media":30877661,"comment_status":"closed","ping_status":"open","sticky":false,"template":"","format":"standard","meta":{"_monsterinsights_skip_tracking":false,"_monsterinsights_sitenote_active":false,"_monsterinsights_sitenote_note":"","_monsterinsights_sitenote_category":0,"footnotes":""},"categories":[2779],"tags":[8322,354,87,2552,3943,2910,81],"class_list":["post-30877660","post","type-post","status-publish","format-standard","has-post-thumbnail","hentry","category-docencia-formacion","tag-area-de-derecho-romano","tag-congreso","tag-derecho","tag-derecho-europeo","tag-derecho-internacional","tag-derecho-romano","tag-facultad-de-derecho"],"_links":{"self":[{"href":"https:\/\/www.upo.es\/diario\/wp-json\/wp\/v2\/posts\/30877660","targetHints":{"allow":["GET"]}}],"collection":[{"href":"https:\/\/www.upo.es\/diario\/wp-json\/wp\/v2\/posts"}],"about":[{"href":"https:\/\/www.upo.es\/diario\/wp-json\/wp\/v2\/types\/post"}],"author":[{"embeddable":true,"href":"https:\/\/www.upo.es\/diario\/wp-json\/wp\/v2\/users\/14"}],"replies":[{"embeddable":true,"href":"https:\/\/www.upo.es\/diario\/wp-json\/wp\/v2\/comments?post=30877660"}],"version-history":[{"count":1,"href":"https:\/\/www.upo.es\/diario\/wp-json\/wp\/v2\/posts\/30877660\/revisions"}],"predecessor-version":[{"id":30877662,"href":"https:\/\/www.upo.es\/diario\/wp-json\/wp\/v2\/posts\/30877660\/revisions\/30877662"}],"wp:featuredmedia":[{"embeddable":true,"href":"https:\/\/www.upo.es\/diario\/wp-json\/wp\/v2\/media\/30877661"}],"wp:attachment":[{"href":"https:\/\/www.upo.es\/diario\/wp-json\/wp\/v2\/media?parent=30877660"}],"wp:term":[{"taxonomy":"category","embeddable":true,"href":"https:\/\/www.upo.es\/diario\/wp-json\/wp\/v2\/categories?post=30877660"},{"taxonomy":"post_tag","embeddable":true,"href":"https:\/\/www.upo.es\/diario\/wp-json\/wp\/v2\/tags?post=30877660"}],"curies":[{"name":"wp","href":"https:\/\/api.w.org\/{rel}","templated":true}]}}