{"id":30877665,"date":"2023-03-28T15:50:46","date_gmt":"2023-03-28T13:50:46","guid":{"rendered":"https:\/\/www.upo.es\/diario\/?p=30877665"},"modified":"2023-03-31T13:09:49","modified_gmt":"2023-03-31T11:09:49","slug":"homenaje-del-departamento-de-derecho-internacional-publico-de-la-upo-a-la-profesora-lucia-millan-moro","status":"publish","type":"post","link":"https:\/\/www.upo.es\/diario\/comunidad\/2023\/03\/homenaje-del-departamento-de-derecho-internacional-publico-de-la-upo-a-la-profesora-lucia-millan-moro\/","title":{"rendered":"Homenaje del Departamento de Derecho P\u00fablico de la UPO a la profesora Luc\u00eda Mill\u00e1n Moro"},"content":{"rendered":"<figure id=\"attachment_30877666\" aria-describedby=\"caption-attachment-30877666\" style=\"width: 750px\" class=\"wp-caption aligncenter\"><a href=\"https:\/\/www.upo.es\/diario\/wp-content\/uploads\/2023\/03\/20230328_HomenajeLuciaMillan-2-scaled.jpg\"><img loading=\"lazy\" decoding=\"async\" class=\"size-large wp-image-30877666\" src=\"https:\/\/www.upo.es\/diario\/wp-content\/uploads\/2023\/03\/20230328_HomenajeLuciaMillan-2-750x422.jpg\" alt=\"\" width=\"750\" height=\"422\" srcset=\"https:\/\/www.upo.es\/diario\/wp-content\/uploads\/2023\/03\/20230328_HomenajeLuciaMillan-2-750x422.jpg 750w, https:\/\/www.upo.es\/diario\/wp-content\/uploads\/2023\/03\/20230328_HomenajeLuciaMillan-2-385x217.jpg 385w, https:\/\/www.upo.es\/diario\/wp-content\/uploads\/2023\/03\/20230328_HomenajeLuciaMillan-2-768x432.jpg 768w, https:\/\/www.upo.es\/diario\/wp-content\/uploads\/2023\/03\/20230328_HomenajeLuciaMillan-2-1536x864.jpg 1536w, https:\/\/www.upo.es\/diario\/wp-content\/uploads\/2023\/03\/20230328_HomenajeLuciaMillan-2-2048x1152.jpg 2048w, https:\/\/www.upo.es\/diario\/wp-content\/uploads\/2023\/03\/20230328_HomenajeLuciaMillan-2-1320x743.jpg 1320w\" sizes=\"auto, (max-width: 750px) 100vw, 750px\" \/><\/a><figcaption id=\"caption-attachment-30877666\" class=\"wp-caption-text\">Araceli Mangas, Mar\u00eda Serrano, Francisco Oliva, Luc\u00eda Mill\u00e1n y Concepci\u00f3n Escobar<\/figcaption><\/figure>\n<p>El rector de la Universidad Pablo de Olavide, <strong>Francisco Oliva Bl\u00e1zquez<\/strong>, ha presidido el acto en el que se ha rendido homenaje a la catedr\u00e1tica em\u00e9rita de Derecho Internacional P\u00fablico y Relaciones Internacionales <strong>Luc\u00eda Mill\u00e1n Moro<\/strong> con motivo de su jubilaci\u00f3n y se ha presentado la publicaci\u00f3n <strong>\u2018<em>Liber Amicorum<\/em> Luc\u00eda Mill\u00e1n Moro. Un mundo en continua mutaci\u00f3n: Desaf\u00edos desde el Derecho Internacional y el Derecho de la Uni\u00f3n Europea\u2019<\/strong>.<\/p>\n<p>Adem\u00e1s del rector y la propia profesora Mill\u00e1n Moro, el panel de la mesa ha contado con la participaci\u00f3n de la decana de la Facultad de Derecho de la UPO, <strong>Mar\u00eda Serrano Fern\u00e1ndez<\/strong>; la catedr\u00e1tica de Derecho Internacional P\u00fablico y Relaciones Internacionales de la Universidad Complutense de Madrid, <strong>Araceli Mangas Mart\u00edn<\/strong>; la catedr\u00e1tica de Derecho Internacional P\u00fablico de la UNED, <strong>Concepci\u00f3n Escobar Hern\u00e1ndez<\/strong>; y los profesores del Departamento de Derecho Internacional P\u00fablico y Relaciones Internacionales de la UPO <strong>Luis P\u00e9rez-Prat Durb\u00e1n<\/strong> y <strong>Jos\u00e9 Manuel Cort\u00e9s Mart\u00edn<\/strong>.<\/p>\n<p>El rector ha justificado el homenaje a la profesora Mill\u00e1n Moro y al \u00c1rea de Derecho Internacional P\u00fablico \u201cpor el trabajo que siguen realizando y que inici\u00f3 ella. Un homenaje de una vida dedicada a la academia, a construir universidad\u201d. Asimismo, ha subrayado su \u00e9xito al romper techos de cristal, \u201cya que Luc\u00eda Mill\u00e1n comenz\u00f3 en una universidad muy masculina y este tiene que ser un reconocimiento tambi\u00e9n a las mujeres que han abierto v\u00edas y han conseguido un cambio en la universidad p\u00fablica espa\u00f1ola\u201d. Para concluir, ha agradecido el trabajo de la profesora en los inicios de la UPO \u201cpor lo que estaremos siempre agradecidos\u201d y por su continuidad como catedr\u00e1tica em\u00e9rita \u201cdando su conocimiento para seguir formando\u201d.<\/p>\n<p>La profesora Luc\u00eda Mill\u00e1n ha agradecido a todas las personas que han participado en este acto de homenaje y ha hecho un recorrido por su trayectoria hasta su llegada a la Universidad Pablo de Olavide, \u201cmi casa, donde he desarrollado la mayor parte de mi vida acad\u00e9mica, aunque fue muy dif\u00edcil comenzar aqu\u00ed desde cero en todo. Ahora da satisfacci\u00f3n ver los resultados conseguidos porque fue un desaf\u00edo bonito\u201d. Por otro lado, se ha reconocido como \u201cuna europe\u00edsta convencida\u201d, concepto que ha sido \u201cuna garant\u00eda de paz durante 70 a\u00f1os entre los 27 estados miembros, entre los que hab\u00eda enemigos de las dos guerras mundiales\u201d.<\/p>\n<figure id=\"attachment_30877667\" aria-describedby=\"caption-attachment-30877667\" style=\"width: 385px\" class=\"wp-caption alignright\"><a href=\"https:\/\/www.upo.es\/diario\/wp-content\/uploads\/2023\/03\/20230328_HomenajeLuciaMillan-scaled.jpg\"><img loading=\"lazy\" decoding=\"async\" class=\"size-medium wp-image-30877667\" src=\"https:\/\/www.upo.es\/diario\/wp-content\/uploads\/2023\/03\/20230328_HomenajeLuciaMillan-385x217.jpg\" alt=\"\" width=\"385\" height=\"217\" srcset=\"https:\/\/www.upo.es\/diario\/wp-content\/uploads\/2023\/03\/20230328_HomenajeLuciaMillan-385x217.jpg 385w, https:\/\/www.upo.es\/diario\/wp-content\/uploads\/2023\/03\/20230328_HomenajeLuciaMillan-750x422.jpg 750w, https:\/\/www.upo.es\/diario\/wp-content\/uploads\/2023\/03\/20230328_HomenajeLuciaMillan-768x432.jpg 768w, https:\/\/www.upo.es\/diario\/wp-content\/uploads\/2023\/03\/20230328_HomenajeLuciaMillan-1536x864.jpg 1536w, https:\/\/www.upo.es\/diario\/wp-content\/uploads\/2023\/03\/20230328_HomenajeLuciaMillan-2048x1152.jpg 2048w, https:\/\/www.upo.es\/diario\/wp-content\/uploads\/2023\/03\/20230328_HomenajeLuciaMillan-1320x742.jpg 1320w\" sizes=\"auto, (max-width: 385px) 100vw, 385px\" \/><\/a><figcaption id=\"caption-attachment-30877667\" class=\"wp-caption-text\">Francisco Oliva y Luc\u00eda Mill\u00e1n<\/figcaption><\/figure>\n<p>Por su parte, la profesora Mangas Mart\u00edn, acad\u00e9mica de n\u00famero de la Real Academia de Ciencias Morales y Pol\u00edticas de Espa\u00f1a ha abordado la evoluci\u00f3n del concepto de soberan\u00eda hasta la actualidad y hablado del europe\u00edsmo como \u201cuna idea cient\u00edfica\u201d con efectos positivos; y la profesora Escobar Hern\u00e1ndez, acad\u00e9mica de la Real Academia de Jurisprudencia y Legislaci\u00f3n, se ha referido al papel del Derecho Internacional en la escena mundial cuando \u201cla guerra sigue estando presente y condiciona la vida de millones de personas en la actualidad\u201d.<\/p>\n<p>Sus colegas de Departamento se han referido a la profesora Luc\u00eda Mill\u00e1n Moro como \u201cparte relevante del n\u00facleo fundador de la Universidad Pablo de Olavide\u201d y han destacado su capacidad \u201cpara aglutinar entorno a s\u00ed otras vocaciones universitarias, aunque su presencia ha trascendido este \u00e1mbito universitario\u201d. Asimismo, han resaltado su faceta europe\u00edsta y su \u201ccapacidad de liderazgo y compromiso\u201d.<\/p>\n<p>\u2018Un mundo en continua mutaci\u00f3n: Desaf\u00edos desde el Derecho Internacional y el Derecho de la Uni\u00f3n Europea\u2019 recoge, en 36 cap\u00edtulos, aportaciones de investigadores, investigadoras y profesorado en una tem\u00e1tica que ha sido el eje central de la carrera desarrollada por la profesora Mill\u00e1n Moro bajo cuatro t\u00f3picos principales como son Derecho Internacional P\u00fablico, Uni\u00f3n Europea y Relaciones Internacionales, que han coordinado los profesores P\u00e9rez-Prat Durb\u00e1n y Cort\u00e9s Mart\u00edn.<\/p>\n<h3><strong>Casi 50 a\u00f1os dedicados a la academia<\/strong><\/h3>\n<p>Luc\u00eda Mill\u00e1n Moro se licenci\u00f3 en Derecho por la Universidad de Sevilla en 1972 y se doctor\u00f3 en 1982. Comenz\u00f3 el curso 1973\/1974 como profesora ayudante de Derecho Internacional en esta universidad y, tras su paso por la Universidad de C\u00e1diz como profesora titular de Derecho Internacional P\u00fablico, en 1997 se traslad\u00f3 a la Universidad Pablo de Olavide tras su creaci\u00f3n, donde obtuvo la C\u00e1tedra de Derecho Internacional P\u00fablico en 1999. De 2009 a 2017 fue directora del M\u00e1ster Oficial en \u2018Relaciones Internacionales\u2019 de la UNIA, la UPO y la Fundaci\u00f3n Tres Culturas del Mediterr\u00e1neo y directora del Departamento de Derecho y Humanidades y del Departamento de Derecho de la Universidad Pablo de Olavide.<\/p>\n<p>En cuanto a su labor investigadora, ha sido redactora de la Revista de Instituciones Europeas de 1977 a 1987 y es autora de diversos estudios sobre cuestiones de Derecho de la Uni\u00f3n Europea y sobre temas de elaboraci\u00f3n de normas jur\u00eddicas internacionales. Adem\u00e1s, ha sido directora del Centro de Documentaci\u00f3n de la Universidad de Sevilla y secretaria de la Asociaci\u00f3n Espa\u00f1ola de Profesores de Derecho Internacional y Relaciones Internacionales. Desde 1994 hasta 2005 ha sido miembro del Consejo Consultivo de Andaluc\u00eda.<\/p>\n<p><strong>Referencia<\/strong>:<\/p>\n<p>Martin, J. M. C., &amp; P\u00e9rez-Prat Durb\u00e1n, L. (2022). <em>Un mundo en continua mutaci\u00f3n: desaf\u00edos desde el Derecho internacional y el Derecho de la UE\u202f: Liber Amicorum Luc\u00eda Mill\u00e1n Moro<\/em>. Aranzadi.<\/p>\n<p><a href=\"https:\/\/www.marcialpons.es\/libros\/un-mundo-en-continua-mutacion-desafios-desde-el-derecho-internacional-y-el-derecho-de-la-ue\/9788413457420\/\">https:\/\/www.marcialpons.es\/libros\/un-mundo-en-continua-mutacion-desafios-desde-el-derecho-internacional-y-el-derecho-de-la-ue\/9788413457420\/<\/a><\/p>\n<figure id=\"attachment_30877668\" aria-describedby=\"caption-attachment-30877668\" style=\"width: 750px\" class=\"wp-caption aligncenter\"><a href=\"https:\/\/www.upo.es\/diario\/wp-content\/uploads\/2023\/03\/20230328_HomenajeLuciaMillan-6-scaled.jpg\"><img loading=\"lazy\" decoding=\"async\" class=\"size-large wp-image-30877668\" src=\"https:\/\/www.upo.es\/diario\/wp-content\/uploads\/2023\/03\/20230328_HomenajeLuciaMillan-6-750x422.jpg\" alt=\"\" width=\"750\" height=\"422\" srcset=\"https:\/\/www.upo.es\/diario\/wp-content\/uploads\/2023\/03\/20230328_HomenajeLuciaMillan-6-750x422.jpg 750w, https:\/\/www.upo.es\/diario\/wp-content\/uploads\/2023\/03\/20230328_HomenajeLuciaMillan-6-385x217.jpg 385w, https:\/\/www.upo.es\/diario\/wp-content\/uploads\/2023\/03\/20230328_HomenajeLuciaMillan-6-768x432.jpg 768w, https:\/\/www.upo.es\/diario\/wp-content\/uploads\/2023\/03\/20230328_HomenajeLuciaMillan-6-1536x864.jpg 1536w, https:\/\/www.upo.es\/diario\/wp-content\/uploads\/2023\/03\/20230328_HomenajeLuciaMillan-6-2048x1152.jpg 2048w, https:\/\/www.upo.es\/diario\/wp-content\/uploads\/2023\/03\/20230328_HomenajeLuciaMillan-6-1320x743.jpg 1320w\" sizes=\"auto, (max-width: 750px) 100vw, 750px\" \/><\/a><figcaption id=\"caption-attachment-30877668\" class=\"wp-caption-text\">Jos\u00e9 Manuel Cort\u00e9s, Araceli Mangas, Mar\u00eda Serrano, Francisco Oliva, Luc\u00eda Mill\u00e1n, Concepci\u00f3n Escobar y Luis P\u00e9rez-Prat<\/figcaption><\/figure>\n","protected":false},"excerpt":{"rendered":"<p>El rector de la Universidad Pablo de Olavide, Francisco Oliva Bl\u00e1zquez, ha presidido el acto en el que se ha rendido homenaje a la catedr\u00e1tica em\u00e9rita de Derecho Internacional P\u00fablico y Relaciones Internacionales Luc\u00eda Mill\u00e1n Moro con motivo de su jubilaci\u00f3n y se ha presentado la publicaci\u00f3n \u2018Liber Amicorum Luc\u00eda Mill\u00e1n Moro. Un mundo en continua mutaci\u00f3n: Desaf\u00edos desde el Derecho Internacional y el Derecho de la Uni\u00f3n Europea\u2019.<\/p>\n","protected":false},"author":14,"featured_media":30877666,"comment_status":"closed","ping_status":"open","sticky":false,"template":"","format":"standard","meta":{"_monsterinsights_skip_tracking":false,"_monsterinsights_sitenote_active":false,"_monsterinsights_sitenote_note":"","_monsterinsights_sitenote_category":0,"footnotes":""},"categories":[5842],"tags":[2373,87,81,308,8323,199,68],"class_list":["post-30877665","post","type-post","status-publish","format-standard","has-post-thumbnail","hentry","category-comunidad","tag-area-de-derecho-internacional-publico","tag-derecho","tag-facultad-de-derecho","tag-homenaje","tag-lucia-millan-moro","tag-profesorado","tag-union-europea"],"_links":{"self":[{"href":"https:\/\/www.upo.es\/diario\/wp-json\/wp\/v2\/posts\/30877665","targetHints":{"allow":["GET"]}}],"collection":[{"href":"https:\/\/www.upo.es\/diario\/wp-json\/wp\/v2\/posts"}],"about":[{"href":"https:\/\/www.upo.es\/diario\/wp-json\/wp\/v2\/types\/post"}],"author":[{"embeddable":true,"href":"https:\/\/www.upo.es\/diario\/wp-json\/wp\/v2\/users\/14"}],"replies":[{"embeddable":true,"href":"https:\/\/www.upo.es\/diario\/wp-json\/wp\/v2\/comments?post=30877665"}],"version-history":[{"count":3,"href":"https:\/\/www.upo.es\/diario\/wp-json\/wp\/v2\/posts\/30877665\/revisions"}],"predecessor-version":[{"id":30877684,"href":"https:\/\/www.upo.es\/diario\/wp-json\/wp\/v2\/posts\/30877665\/revisions\/30877684"}],"wp:featuredmedia":[{"embeddable":true,"href":"https:\/\/www.upo.es\/diario\/wp-json\/wp\/v2\/media\/30877666"}],"wp:attachment":[{"href":"https:\/\/www.upo.es\/diario\/wp-json\/wp\/v2\/media?parent=30877665"}],"wp:term":[{"taxonomy":"category","embeddable":true,"href":"https:\/\/www.upo.es\/diario\/wp-json\/wp\/v2\/categories?post=30877665"},{"taxonomy":"post_tag","embeddable":true,"href":"https:\/\/www.upo.es\/diario\/wp-json\/wp\/v2\/tags?post=30877665"}],"curies":[{"name":"wp","href":"https:\/\/api.w.org\/{rel}","templated":true}]}}