{"id":30877670,"date":"2023-03-28T22:00:26","date_gmt":"2023-03-28T20:00:26","guid":{"rendered":"https:\/\/www.upo.es\/diario\/?p=30877670"},"modified":"2023-03-31T14:28:38","modified_gmt":"2023-03-31T12:28:38","slug":"la-universidad-pablo-de-olavide-firma-la-alianza-para-el-emprendimiento-en-sevilla","status":"publish","type":"post","link":"https:\/\/www.upo.es\/diario\/institucional\/2023\/03\/la-universidad-pablo-de-olavide-firma-la-alianza-para-el-emprendimiento-en-sevilla\/","title":{"rendered":"La Universidad Pablo de Olavide firma la Alianza para el Emprendimiento en Sevilla"},"content":{"rendered":"<p><a href=\"https:\/\/www.upo.es\/diario\/wp-content\/uploads\/2023\/03\/SVQ-Emprende-scaled-e1680076853466.jpg\"><img loading=\"lazy\" decoding=\"async\" class=\"aligncenter size-large wp-image-30877672\" src=\"https:\/\/www.upo.es\/diario\/wp-content\/uploads\/2023\/03\/SVQ-Emprende-scaled-e1680076853466-750x387.jpg\" alt=\"\" width=\"750\" height=\"387\" srcset=\"https:\/\/www.upo.es\/diario\/wp-content\/uploads\/2023\/03\/SVQ-Emprende-scaled-e1680076853466-750x387.jpg 750w, https:\/\/www.upo.es\/diario\/wp-content\/uploads\/2023\/03\/SVQ-Emprende-scaled-e1680076853466-385x199.jpg 385w, https:\/\/www.upo.es\/diario\/wp-content\/uploads\/2023\/03\/SVQ-Emprende-scaled-e1680076853466-768x397.jpg 768w, https:\/\/www.upo.es\/diario\/wp-content\/uploads\/2023\/03\/SVQ-Emprende-scaled-e1680076853466-1536x793.jpg 1536w, https:\/\/www.upo.es\/diario\/wp-content\/uploads\/2023\/03\/SVQ-Emprende-scaled-e1680076853466-2048x1058.jpg 2048w, https:\/\/www.upo.es\/diario\/wp-content\/uploads\/2023\/03\/SVQ-Emprende-scaled-e1680076853466-1320x682.jpg 1320w\" sizes=\"auto, (max-width: 750px) 100vw, 750px\" \/><\/a>La Universidad Pablo de Olavide ha firmado, junto a otras 42 instituciones p\u00fablicas, asociaciones y entidades empresariales, la <strong>Alianza para el Emprendimiento en Sevilla<\/strong> cuyo principal objetivo es \u201cconvertir a Sevilla en uno de los cuatro ecosistemas m\u00e1s potentes de Espa\u00f1a y uno de los veinte m\u00e1s activos de Europa antes del a\u00f1o 2030\u201d, aunando esfuerzos para apoyar a las empresas creadas en Sevilla y su entorno, \u201ccon un radio de acci\u00f3n metropolitano, andaluz, espa\u00f1ol e internacional\u201d.<\/p>\n<p>Este acto de firma, en el que ha participado el rector, <strong>Francisco Oliva<\/strong>, por parte de la Universidad Pablo de Olavide, se ha celebrado <strong>en el marco del II Foro Sevilla SVQ Emprende \u2013 Creando Comunidad<\/strong> y ha estado presidido por el alcalde la ciudad, <strong>Antonio Mu\u00f1oz<\/strong>.<\/p>\n<p>Durante su intervenci\u00f3n, <strong>el rector ha afirmado que \u201cel emprendimiento es una cuesti\u00f3n esencial para el desarrollo de cualquier sociedad\u201d porque significa \u201ccrecimiento econ\u00f3mico, progreso social, generaci\u00f3n de empleo e innovaci\u00f3n\u201d<\/strong>. Y ha se\u00f1alado que las universidades tienen un papel importante en tres \u00e1mbitos: \u201cen el fomento de la cultura del emprendimiento\u201d entre j\u00f3venes universitarios; en \u201cla traslaci\u00f3n del conocimiento generado a trav\u00e9s de la investigaci\u00f3n a la sociedad con la creaci\u00f3n de empresas de base tecnol\u00f3gica\u201d y \u201ccomo herramienta de cambio social\u201d ya que el emprendimiento debe responder a los grandes retos de la sociedad como la sostenibilidad, la transformaci\u00f3n digital y la igualdad.<\/p>\n<p><img loading=\"lazy\" decoding=\"async\" class=\"alignright \" src=\"https:\/\/www.sevillaemprendedora.org\/wp-content\/uploads\/2023\/03\/LogoSVQEmprende-1024x576.png\" alt=\"Sevilla SVQ Emprende\" width=\"396\" height=\"223\" \/>Este ecosistema, englobado con la marca Sevilla<strong><a href=\"https:\/\/www.sevillaemprendedora.org\/ecosistema-emprendedor\/\"> SVQ Emprende<\/a>, es una comunidad de instituciones, corporaciones, universidades, fundaciones, asociaciones y agrupaciones, tanto p\u00fablicas como privadas, que trabajan para hacerlo m\u00e1s eficiente, y tambi\u00e9n m\u00e1s conocido y valorado<\/strong> dentro y fuera del \u00e1mbito territorial hispalense.<\/p>\n<p>Todas las entidades coinciden, tal y como se recoge en el texto de la Alianza, que tras a\u00f1os de recoger experiencias y de madurar en todos los aspectos, \u201cha llegado el momento de que el ecosistema emprendedor de Sevilla se posicione con toda su envergadura y establezca vasos comunicantes con otros ecosistemas nacionales e internacionales. Para ello cuenta con algunas de las aceleradoras de startups m\u00e1s reconocidas; con empresas punteras a nivel global; con algunos de los grupos de inversi\u00f3n m\u00e1s activos del pa\u00eds; con incubadoras de empresas; con asociaciones de empresarios y empresarias, as\u00ed como de profesionales; con numerosos programas de apoyo al emprendimiento y con los dem\u00e1s ingredientes que sirven de base como caldo de cultivo para el \u00e9xito de las empresas actuales y futuras que contribuyan a aportar, participando en primera l\u00ednea de la innovaci\u00f3n con soluciones para los retos de nuestra sociedad en una perspectiva de desarrollo sostenible\u201d.<\/p>\n<p>Por todo ello, las entidades firmantes han manifestado estar interesadas \u201cen poner en marcha iniciativas para impulsar y visibilizar su potencialidad, as\u00ed como a trabajar conjuntamente y de forma coordinada con el resto de los agentes del ecosistema para lograr los objetivos que se acuerden\u201d.<\/p>\n<p>El programa del <strong>II Foro Sevilla SVQ Emprende<\/strong> se ha iniciado con la celebraci\u00f3n simult\u00e1nea de seis grupos de trabajo, para seis tem\u00e1ticas diferentes, con el objetivo de compartir experiencias y criterios para mejorar los servicios y recursos del ecosistema emprendedor de Sevilla. Los grupos de trabajo, cuyas conclusiones se han expuesto en la sesi\u00f3n de cierre del foro, han sido: networking de empresas, acompa\u00f1amiento empresarial, formaci\u00f3n para el emprendimiento y el crecimiento de las empresas, coworking, inversi\u00f3n y comunicaci\u00f3n.<\/p>\n<p>En concreto, <strong>los firmantes de esta Alianza han sido:<\/strong> el Ayuntamiento de Sevilla, Andaluc\u00eda Emprende, la C\u00e1mara de Comercio de Sevilla, la Universidad Pablo de Olavide, la Universidad de Sevilla, la Universidad Loyola de Andaluc\u00eda, Aceleradora Imp\u00falsame, Extenda-Invest in Andaluc\u00eda, Confederaci\u00f3n de Empresarios de Sevilla, Asociaci\u00f3n de J\u00f3venes Empresarios de Sevilla, CESUR, Asociaci\u00f3n Founders, Asociaci\u00f3n Empresarias Sevillanas, ATA Aut\u00f3nomos, Corporaci\u00f3n Tecnol\u00f3gica de Andaluc\u00eda, PCT Cartuja, Espacio RES, Viva Games Studios, GoHub, La F\u00e1brica de Sevilla, Al Andalus Innovation Venture, Asociaci\u00f3n Internacional de Startups, Red Business Market, Asociaci\u00f3n Andaluza de Business Angels (Aaban), Smart Meeting, BNI Sevilla, Impact4C, Emprean, EOI, ESIC, Instituto de Estudios Cajasol, Sputnik, Colegio Oficial de Economistas, Vives Emplea-Acci\u00f3n Contra el Hambre, Fundaci\u00f3n ONCE, Inserta Empleo, Fundaci\u00f3n Pers\u00e1n, Fundaci\u00f3n Valent\u00edn de Madariaga, Fundaci\u00f3n para el Desarrollo Tecnol\u00f3gico, Sostenible y Circular (Funddatec), Magma, workINcompan, Asociaci\u00f3n Seniors Espa\u00f1oles para la Cooperaci\u00f3n T\u00e9cnica (Secot) y Asociaci\u00f3n SevillaUP.<\/p>\n<p>Fuente: Fundaci\u00f3n Universidad Pablo de Olavide<\/p>\n","protected":false},"excerpt":{"rendered":"<p>M\u00e1s de 40 entidades p\u00fablicas y privadas se unen con el objetivo de aunar esfuerzos, impulsar el entramado productivo y convertir a Sevilla en uno de los cuatro ecosistemas m\u00e1s potentes de Espa\u00f1a .<\/p>\n","protected":false},"author":6,"featured_media":30877672,"comment_status":"closed","ping_status":"open","sticky":false,"template":"","format":"standard","meta":{"_monsterinsights_skip_tracking":false,"_monsterinsights_sitenote_active":false,"_monsterinsights_sitenote_note":"","_monsterinsights_sitenote_category":0,"footnotes":""},"categories":[6],"tags":[7764,621,5634,689,4021,2474,38],"class_list":["post-30877670","post","type-post","status-publish","format-standard","has-post-thumbnail","hentry","category-institucional","tag-antonio-munoz","tag-ayuntamiento-de-sevilla","tag-cultura-emprendedora","tag-emprendimiento","tag-francisco-oliva-blazquez","tag-fundacion-universidad-pablo-de-olavide","tag-rector"],"_links":{"self":[{"href":"https:\/\/www.upo.es\/diario\/wp-json\/wp\/v2\/posts\/30877670","targetHints":{"allow":["GET"]}}],"collection":[{"href":"https:\/\/www.upo.es\/diario\/wp-json\/wp\/v2\/posts"}],"about":[{"href":"https:\/\/www.upo.es\/diario\/wp-json\/wp\/v2\/types\/post"}],"author":[{"embeddable":true,"href":"https:\/\/www.upo.es\/diario\/wp-json\/wp\/v2\/users\/6"}],"replies":[{"embeddable":true,"href":"https:\/\/www.upo.es\/diario\/wp-json\/wp\/v2\/comments?post=30877670"}],"version-history":[{"count":2,"href":"https:\/\/www.upo.es\/diario\/wp-json\/wp\/v2\/posts\/30877670\/revisions"}],"predecessor-version":[{"id":30877673,"href":"https:\/\/www.upo.es\/diario\/wp-json\/wp\/v2\/posts\/30877670\/revisions\/30877673"}],"wp:featuredmedia":[{"embeddable":true,"href":"https:\/\/www.upo.es\/diario\/wp-json\/wp\/v2\/media\/30877672"}],"wp:attachment":[{"href":"https:\/\/www.upo.es\/diario\/wp-json\/wp\/v2\/media?parent=30877670"}],"wp:term":[{"taxonomy":"category","embeddable":true,"href":"https:\/\/www.upo.es\/diario\/wp-json\/wp\/v2\/categories?post=30877670"},{"taxonomy":"post_tag","embeddable":true,"href":"https:\/\/www.upo.es\/diario\/wp-json\/wp\/v2\/tags?post=30877670"}],"curies":[{"name":"wp","href":"https:\/\/api.w.org\/{rel}","templated":true}]}}