{"id":30877678,"date":"2023-03-29T13:53:57","date_gmt":"2023-03-29T11:53:57","guid":{"rendered":"https:\/\/www.upo.es\/diario\/?p=30877678"},"modified":"2023-10-31T14:42:15","modified_gmt":"2023-10-31T13:42:15","slug":"una-jornada-de-la-universidad-pablo-de-olavide-visibiliza-el-liderazgo-femenino-en-andalucia","status":"publish","type":"post","link":"https:\/\/www.upo.es\/diario\/institucional\/2023\/03\/una-jornada-de-la-universidad-pablo-de-olavide-visibiliza-el-liderazgo-femenino-en-andalucia\/","title":{"rendered":"Una jornada de la Universidad Pablo de Olavide visibiliza el liderazgo femenino en Andaluc\u00eda"},"content":{"rendered":"<p><a href=\"https:\/\/www.upo.es\/diario\/wp-content\/uploads\/2023\/03\/1080X1080_IG.jpg\"><img loading=\"lazy\" decoding=\"async\" class=\"aligncenter size-large wp-image-30877679\" src=\"https:\/\/www.upo.es\/diario\/wp-content\/uploads\/2023\/03\/1080X1080_IG-750x750.jpg\" alt=\"\" width=\"750\" height=\"750\" srcset=\"https:\/\/www.upo.es\/diario\/wp-content\/uploads\/2023\/03\/1080X1080_IG-750x750.jpg 750w, https:\/\/www.upo.es\/diario\/wp-content\/uploads\/2023\/03\/1080X1080_IG-385x385.jpg 385w, https:\/\/www.upo.es\/diario\/wp-content\/uploads\/2023\/03\/1080X1080_IG-150x150.jpg 150w, https:\/\/www.upo.es\/diario\/wp-content\/uploads\/2023\/03\/1080X1080_IG-768x768.jpg 768w, https:\/\/www.upo.es\/diario\/wp-content\/uploads\/2023\/03\/1080X1080_IG.jpg 1080w\" sizes=\"auto, (max-width: 750px) 100vw, 750px\" \/><\/a><\/p>\n<p>La <strong>Delegaci\u00f3n del rector para la Igualdad de G\u00e9nero<\/strong> de la Universidad Pablo de Olavide, con la gesti\u00f3n de la <strong>Oficina para la Igualdad<\/strong>, ha organizado la jornada <strong>\u2018\u00bfD\u00f3nde est\u00e1n ellas? Visibilidad y presencia de las Mujeres Andaluzas\u2019<\/strong>, que tendr\u00e1 lugar este jueves 30 de marzo desde las 10:00 horas en CaixaForum Sevilla, financiada por Caixabank, con el objetivo de poner de relieve el liderazgo femenino en la sociedad andaluza.<\/p>\n<p>Este encuentro es abierto al p\u00fablico y ser\u00e1 inaugurado por el rector de la Universidad Pablo de Olavide, <strong>Francisco Oliva Bl\u00e1zquez<\/strong>; junto con la presidenta del Consejo Social, <strong>Roc\u00edo Reinoso Cuevas<\/strong>; y la directora comercial de la Red de Oficinas de Caixabank en C\u00e1diz y Huelva, <strong>Yolanda Vera Cabrera<\/strong>.<\/p>\n<p>A continuaci\u00f3n, la productora, guionista y realizadora <strong>Pilar T\u00e1vora<\/strong> y la ex consejera de Igualdad, Pol\u00edticas Sociales y Conciliaci\u00f3n de la Junta de Andaluc\u00eda y actual consejera del Consejo Audiovisual de Andaluc\u00eda <strong>Roc\u00edo Ruiz Dom\u00ednguez<\/strong> participar\u00e1n en \u2018Di\u00e1logos en Femenino Plural\u2019.<\/p>\n<p>Antes de la clausura por parte de la delegada del rector para la Igualdad de G\u00e9nero de la Universidad Pablo de Olavide, <strong>M\u00f3nica Dom\u00ednguez Serrano<\/strong>, se desarrollar\u00e1 la mesa \u2018Estamos aqu\u00ed, \u00bfc\u00f3mo ser m\u00e1s visibles?\u2019 En ella participan la directora adjunta de Canal Sur RTV, <strong>Isabel Cabrera Galdeano<\/strong>; la periodista y productora de televisi\u00f3n <strong>Victoria Cabrera Garc\u00eda de Paredes<\/strong>; la jefa de la Brigada de la Polic\u00eda Judicial de Sevilla, <strong>Ana Camb\u00f3n Blanco<\/strong>; la letrada de la Administraci\u00f3n de Justicia <strong>Lourdes Acosta Alc\u00e1ntara<\/strong>; y la gu\u00eda internacional de monta\u00f1a (UIMLA) y empresaria <strong>Raquel Ib\u00e1\u00f1ez Torres<\/strong>. La periodista de Canal Sur <strong>Laura Clavero Alcaide<\/strong> conducir\u00e1 el acto.<\/p>\n<p>La jornada \u2018\u00bfD\u00f3nde est\u00e1n ellas?\u2019 forma parte de las actuaciones para visibilizar el papel de las mujeres y el liderazgo femenino que la Universidad Pablo de Olavide viene impulsando en el marco de las acciones de la Campa\u00f1a 8M con motivo del D\u00eda Internacional de las Mujeres, con la gesti\u00f3n de la Oficina para la Igualdad y en el marco del III Plan Estrat\u00e9gico para la Igualdad de G\u00e9nero.<\/p>\n","protected":false},"excerpt":{"rendered":"<p>La Delegaci\u00f3n del rector para la Igualdad de G\u00e9nero de la Universidad Pablo de Olavide, con la gesti\u00f3n de la Oficina para la Igualdad, ha organizado la jornada \u2018\u00bfD\u00f3nde est\u00e1n ellas? Visibilidad y presencia de las Mujeres Andaluzas\u2019, que tendr\u00e1 lugar este jueves 30 de marzo desde las 10:00 horas en CaixaForum Sevilla con el objetivo de poner de relieve el liderazgo femenino en la sociedad andaluza.<\/p>\n","protected":false},"author":14,"featured_media":30877679,"comment_status":"closed","ping_status":"open","sticky":false,"template":"","format":"standard","meta":{"_monsterinsights_skip_tracking":false,"_monsterinsights_sitenote_active":false,"_monsterinsights_sitenote_note":"","_monsterinsights_sitenote_category":0,"footnotes":""},"categories":[6],"tags":[190,4774,8272,517,5883,7859,984,1053,2209],"class_list":["post-30877678","post","type-post","status-publish","format-standard","has-post-thumbnail","hentry","category-institucional","tag-andalucia","tag-caixaforum","tag-delegacion-del-rector-la-igualdad-de-genero","tag-igualdad","tag-igualdad-de-genero","tag-liderazgo-femenino","tag-medios-de-comunicacion","tag-mujeres","tag-oficina-para-la-igualdad"],"_links":{"self":[{"href":"https:\/\/www.upo.es\/diario\/wp-json\/wp\/v2\/posts\/30877678","targetHints":{"allow":["GET"]}}],"collection":[{"href":"https:\/\/www.upo.es\/diario\/wp-json\/wp\/v2\/posts"}],"about":[{"href":"https:\/\/www.upo.es\/diario\/wp-json\/wp\/v2\/types\/post"}],"author":[{"embeddable":true,"href":"https:\/\/www.upo.es\/diario\/wp-json\/wp\/v2\/users\/14"}],"replies":[{"embeddable":true,"href":"https:\/\/www.upo.es\/diario\/wp-json\/wp\/v2\/comments?post=30877678"}],"version-history":[{"count":1,"href":"https:\/\/www.upo.es\/diario\/wp-json\/wp\/v2\/posts\/30877678\/revisions"}],"predecessor-version":[{"id":30877680,"href":"https:\/\/www.upo.es\/diario\/wp-json\/wp\/v2\/posts\/30877678\/revisions\/30877680"}],"wp:featuredmedia":[{"embeddable":true,"href":"https:\/\/www.upo.es\/diario\/wp-json\/wp\/v2\/media\/30877679"}],"wp:attachment":[{"href":"https:\/\/www.upo.es\/diario\/wp-json\/wp\/v2\/media?parent=30877678"}],"wp:term":[{"taxonomy":"category","embeddable":true,"href":"https:\/\/www.upo.es\/diario\/wp-json\/wp\/v2\/categories?post=30877678"},{"taxonomy":"post_tag","embeddable":true,"href":"https:\/\/www.upo.es\/diario\/wp-json\/wp\/v2\/tags?post=30877678"}],"curies":[{"name":"wp","href":"https:\/\/api.w.org\/{rel}","templated":true}]}}