{"id":30877725,"date":"2023-03-30T13:17:43","date_gmt":"2023-03-30T11:17:43","guid":{"rendered":"https:\/\/www.upo.es\/diario\/?p=30877725"},"modified":"2023-10-31T14:41:33","modified_gmt":"2023-10-31T13:41:33","slug":"el-rector-de-la-upo-inaugura-una-jornada-para-visibilizar-el-liderazgo-femenino-en-andalucia","status":"publish","type":"post","link":"https:\/\/www.upo.es\/diario\/institucional\/2023\/03\/el-rector-de-la-upo-inaugura-una-jornada-para-visibilizar-el-liderazgo-femenino-en-andalucia\/","title":{"rendered":"El rector de la UPO inaugura una jornada para visibilizar el liderazgo femenino en Andaluc\u00eda"},"content":{"rendered":"<figure id=\"attachment_30877726\" aria-describedby=\"caption-attachment-30877726\" style=\"width: 750px\" class=\"wp-caption aligncenter\"><a href=\"https:\/\/www.upo.es\/diario\/wp-content\/uploads\/2023\/03\/imagen1DEE.jpeg\"><img loading=\"lazy\" decoding=\"async\" class=\"size-large wp-image-30877726\" src=\"https:\/\/www.upo.es\/diario\/wp-content\/uploads\/2023\/03\/imagen1DEE-750x563.jpeg\" alt=\"\" width=\"750\" height=\"563\" srcset=\"https:\/\/www.upo.es\/diario\/wp-content\/uploads\/2023\/03\/imagen1DEE-750x563.jpeg 750w, https:\/\/www.upo.es\/diario\/wp-content\/uploads\/2023\/03\/imagen1DEE-385x289.jpeg 385w, https:\/\/www.upo.es\/diario\/wp-content\/uploads\/2023\/03\/imagen1DEE-768x576.jpeg 768w, https:\/\/www.upo.es\/diario\/wp-content\/uploads\/2023\/03\/imagen1DEE-1536x1152.jpeg 1536w, https:\/\/www.upo.es\/diario\/wp-content\/uploads\/2023\/03\/imagen1DEE-1320x990.jpeg 1320w, https:\/\/www.upo.es\/diario\/wp-content\/uploads\/2023\/03\/imagen1DEE.jpeg 2016w\" sizes=\"auto, (max-width: 750px) 100vw, 750px\" \/><\/a><figcaption id=\"caption-attachment-30877726\" class=\"wp-caption-text\">Inauguraci\u00f3n de la Jornada &#8216;\u00bfD\u00f3nde est\u00e1n ellas?&#8217;<\/figcaption><\/figure>\n<p>El rector de la Universidad Pablo de Olavide, <strong>Francisco Oliva Bl\u00e1zquez<\/strong>, ha inaugurado la jornada que, bajo el t\u00edtulo <strong>\u2018\u00bfD\u00f3nde est\u00e1n ellas? Visibilidad y presencia de las Mujeres Andaluzas\u2019<\/strong>, se ha desarrollado en CaixaForum Sevilla, con el patrocinio CaixaBank, con el objetivo de poner de relieve el liderazgo femenino en la sociedad andaluza. El encuentro ha sido organizado por la <strong>Delegaci\u00f3n del rector para la Igualdad de G\u00e9nero<\/strong> de la UPO con la gesti\u00f3n de la <strong>Oficina para la Igualdad<\/strong>.<\/p>\n<p>En el panel inaugural, adem\u00e1s del rector, han participado la presidenta del Consejo Social de la Universidad Pablo de Olavide, <strong>Roc\u00edo Reinoso Cuevas<\/strong>; y la directora comercial de la Red de Oficinas de CaixaBank en C\u00e1diz y Huelva, <strong>Yolanda Vera Cabrera<\/strong>.<\/p>\n<p>En su intervenci\u00f3n, el rector ha destacado que \u201chablar de igualdad es hacerlo de protecci\u00f3n de los derechos humanos y esto es algo innegociable en cualquier sociedad democr\u00e1tica. Pero, adem\u00e1s, no basta con hacer si lo que hacemos no es visible\u201d. Respecto a la universidad, Francisco Oliva se ha referido a la igualdad en el mundo universitario como \u201cun tema tab\u00fa, porque se dice que, si la mujer no llega, es porque no tiene capacidad. Sin embargo, no tiene la representaci\u00f3n suficiente en los puestos de responsabilidad o de gesti\u00f3n, las c\u00e1tedras o el liderazgo de los grupos de investigaci\u00f3n. Las carreras acad\u00e9micas est\u00e1n construidas en t\u00e9rminos masculinos y es muy preocupante que haya Facultades en que solo son catedr\u00e1ticas las mujeres que no tienen familia\u201d.<\/p>\n<p>\u201cEs necesario ser valientes y hacer pol\u00edticas activas, no solo cumplir la ley\u201d, ha se\u00f1alado Francisco Oliva, que ha recordado que la Pablo de Olavide es una de las pocas universidades en Espa\u00f1a que reduce la carga docente a las profesoras que se incorporan despu\u00e9s de la maternidad para que puedan dedicar m\u00e1s tiempo a la investigaci\u00f3n. Por \u00faltimo, ha apelado a la mayor participaci\u00f3n de las mujeres en la construcci\u00f3n de la nueva sociedad digital que se est\u00e1 llevando a cabo hoy en d\u00eda porque, de esta forma, \u201clos sesgos de g\u00e9nero ser\u00e1n inevitables\u201d.<\/p>\n<p>Por su parte, Roc\u00edo Reinoso se ha referido a la importancia de \u201cinsistir en las pol\u00edticas de igualdad porque, en cuanto hay un escenario de crisis como actualmente, son las mujeres las primeras en sentir sus efectos. Tenemos que aprovechar el cien por cien del talento femenino\u201d. Asimismo, Yolanda Vera ha se\u00f1alado que \u201ctodo lo que hagamos en pro de la igualdad de oportunidades en los distintos \u00e1mbitos de la sociedad nunca ser\u00e1 suficiente. La diversidad nos est\u00e1 proporcionando m\u00e1s y mejor talento y nos acerca a nuestro compromiso con la sociedad\u201d.<\/p>\n<figure id=\"attachment_30877727\" aria-describedby=\"caption-attachment-30877727\" style=\"width: 385px\" class=\"wp-caption alignright\"><a href=\"https:\/\/www.upo.es\/diario\/wp-content\/uploads\/2023\/03\/imagen4DEE.jpeg\"><img loading=\"lazy\" decoding=\"async\" class=\"size-medium wp-image-30877727\" src=\"https:\/\/www.upo.es\/diario\/wp-content\/uploads\/2023\/03\/imagen4DEE-385x289.jpeg\" alt=\"\" width=\"385\" height=\"289\" srcset=\"https:\/\/www.upo.es\/diario\/wp-content\/uploads\/2023\/03\/imagen4DEE-385x289.jpeg 385w, https:\/\/www.upo.es\/diario\/wp-content\/uploads\/2023\/03\/imagen4DEE-750x563.jpeg 750w, https:\/\/www.upo.es\/diario\/wp-content\/uploads\/2023\/03\/imagen4DEE-768x576.jpeg 768w, https:\/\/www.upo.es\/diario\/wp-content\/uploads\/2023\/03\/imagen4DEE-1536x1152.jpeg 1536w, https:\/\/www.upo.es\/diario\/wp-content\/uploads\/2023\/03\/imagen4DEE-1320x990.jpeg 1320w, https:\/\/www.upo.es\/diario\/wp-content\/uploads\/2023\/03\/imagen4DEE.jpeg 1600w\" sizes=\"auto, (max-width: 385px) 100vw, 385px\" \/><\/a><figcaption id=\"caption-attachment-30877727\" class=\"wp-caption-text\">Lourdes Acosta, Isabel Cabrera, Victoria Cabrera, Laura Clavero, Raquel Ib\u00e1\u00f1ez y Ana Camb\u00f3n<\/figcaption><\/figure>\n<p>A continuaci\u00f3n, la productora, guionista y realizadora <strong>Pilar T\u00e1vora<\/strong> y la ex consejera de Igualdad, Pol\u00edticas Sociales y Conciliaci\u00f3n de la Junta de Andaluc\u00eda y actual consejera del Consejo Audiovisual de Andaluc\u00eda <strong>Roc\u00edo Ruiz Dom\u00ednguez<\/strong> han participado en la mesa \u2018Di\u00e1logos en Femenino Plural\u2019, en la que han aportado su punto de vista personal y profesional sobre la imagen de las mujeres en el \u00e1mbito p\u00fablico.<\/p>\n<p>A continuaci\u00f3n, se ha desarrollado la mesa \u2018Estamos aqu\u00ed, \u00bfc\u00f3mo ser m\u00e1s visibles?\u2019, en la que han participado la directora adjunta de Canal Sur RTV, <strong>Isabel Cabrera Galdeano<\/strong>; la periodista y productora de televisi\u00f3n <strong>Victoria Cabrera Garc\u00eda de Paredes<\/strong>; la jefa de la Brigada de la Polic\u00eda Judicial de Sevilla, <strong>Ana Camb\u00f3n Blanco<\/strong>; la letrada de la Administraci\u00f3n de Justicia <strong>Lourdes Acosta Alc\u00e1ntara<\/strong>; y la gu\u00eda internacional de monta\u00f1a (UIMLA) y empresaria <strong>Raquel Ib\u00e1\u00f1ez Torres<\/strong>. La periodista de Canal Sur <strong>Laura Clavero Alcaide<\/strong> ha conducido el acto.<\/p>\n<p>Finalmente, la delegada del rector para la Igualdad de G\u00e9nero de la Universidad Pablo de Olavide, <strong>M\u00f3nica Dom\u00ednguez Serrano<\/strong>, que ha clausurado la jornada, ha destacado la relevancia de las mujeres andaluzas en muchos \u00e1mbitos en los que habitualmente hay una mayor presencia masculina, donde \u201ces necesario poner en valor que nosotras somos y tambi\u00e9n estamos. Sin embargo, seguimos estando invisibilizadas en muchos de los espacios de comunicaci\u00f3n o de toma de decisiones, seguimos faltando en muchas de las fotograf\u00edas, pese a que los avances est\u00e1n siendo muy importantes\u201d.<\/p>\n<p>Asimismo, se ha referido a la visibilidad del talento femenino como \u201cun acelerador de la igualdad porque normaliza la presencia de mujeres en todos los sectores y disciplinas\u201d. En este sentido, ha se\u00f1alado, \u201cel papel de la universidad es fundamental a la hora de hacer pedagog\u00eda y tratar que el conjunto de la comunidad universitaria y de la sociedad entienda que la transversalidad de g\u00e9nero y la igualdad no son una opci\u00f3n, sino una obligaci\u00f3n y, sobre todo, una necesidad\u201d.<\/p>\n<figure id=\"attachment_30877728\" aria-describedby=\"caption-attachment-30877728\" style=\"width: 750px\" class=\"wp-caption aligncenter\"><a href=\"https:\/\/www.upo.es\/diario\/wp-content\/uploads\/2023\/03\/imagen2DEE2.jpeg\"><img loading=\"lazy\" decoding=\"async\" class=\"size-large wp-image-30877728\" src=\"https:\/\/www.upo.es\/diario\/wp-content\/uploads\/2023\/03\/imagen2DEE2-750x418.jpeg\" alt=\"\" width=\"750\" height=\"418\" srcset=\"https:\/\/www.upo.es\/diario\/wp-content\/uploads\/2023\/03\/imagen2DEE2-750x418.jpeg 750w, https:\/\/www.upo.es\/diario\/wp-content\/uploads\/2023\/03\/imagen2DEE2-385x215.jpeg 385w, https:\/\/www.upo.es\/diario\/wp-content\/uploads\/2023\/03\/imagen2DEE2-768x428.jpeg 768w, https:\/\/www.upo.es\/diario\/wp-content\/uploads\/2023\/03\/imagen2DEE2-1536x857.jpeg 1536w, https:\/\/www.upo.es\/diario\/wp-content\/uploads\/2023\/03\/imagen2DEE2-1320x736.jpeg 1320w, https:\/\/www.upo.es\/diario\/wp-content\/uploads\/2023\/03\/imagen2DEE2.jpeg 1759w\" sizes=\"auto, (max-width: 750px) 100vw, 750px\" \/><\/a><figcaption id=\"caption-attachment-30877728\" class=\"wp-caption-text\">Mari\u00e1n Mor\u00f3n, Pilar T\u00e1vora, Roc\u00edo Ruiz, Francisco Oliva, Roc\u00edo Reinoso, Yolanda Vera. M\u00f3nica Dom\u00ednguez e Isabel Cabrera<\/figcaption><\/figure>\n","protected":false},"excerpt":{"rendered":"<p>El rector de la Universidad Pablo de Olavide, Francisco Oliva Bl\u00e1zquez, ha inaugurado la jornada que, bajo el t\u00edtulo \u2018\u00bfD\u00f3nde est\u00e1n ellas? Visibilidad y presencia de las Mujeres Andaluzas\u2019, se ha desarrollado en CaixaForum Sevilla, con el patrocinio CaixaBank, con el objetivo de poner de relieve el liderazgo femenino en la sociedad andaluza. El encuentro ha sido organizado por la Delegaci\u00f3n del rector para la Igualdad de G\u00e9nero de la UPO con la gesti\u00f3n de la Oficina para la Igualdad.<\/p>\n","protected":false},"author":14,"featured_media":30877726,"comment_status":"closed","ping_status":"open","sticky":false,"template":"","format":"standard","meta":{"_monsterinsights_skip_tracking":false,"_monsterinsights_sitenote_active":false,"_monsterinsights_sitenote_note":"","_monsterinsights_sitenote_category":0,"footnotes":""},"categories":[6],"tags":[190,5196,8272,517,5883,7859,984,1053,2209],"class_list":["post-30877725","post","type-post","status-publish","format-standard","has-post-thumbnail","hentry","category-institucional","tag-andalucia","tag-caixabank","tag-delegacion-del-rector-la-igualdad-de-genero","tag-igualdad","tag-igualdad-de-genero","tag-liderazgo-femenino","tag-medios-de-comunicacion","tag-mujeres","tag-oficina-para-la-igualdad"],"_links":{"self":[{"href":"https:\/\/www.upo.es\/diario\/wp-json\/wp\/v2\/posts\/30877725","targetHints":{"allow":["GET"]}}],"collection":[{"href":"https:\/\/www.upo.es\/diario\/wp-json\/wp\/v2\/posts"}],"about":[{"href":"https:\/\/www.upo.es\/diario\/wp-json\/wp\/v2\/types\/post"}],"author":[{"embeddable":true,"href":"https:\/\/www.upo.es\/diario\/wp-json\/wp\/v2\/users\/14"}],"replies":[{"embeddable":true,"href":"https:\/\/www.upo.es\/diario\/wp-json\/wp\/v2\/comments?post=30877725"}],"version-history":[{"count":1,"href":"https:\/\/www.upo.es\/diario\/wp-json\/wp\/v2\/posts\/30877725\/revisions"}],"predecessor-version":[{"id":30877729,"href":"https:\/\/www.upo.es\/diario\/wp-json\/wp\/v2\/posts\/30877725\/revisions\/30877729"}],"wp:featuredmedia":[{"embeddable":true,"href":"https:\/\/www.upo.es\/diario\/wp-json\/wp\/v2\/media\/30877726"}],"wp:attachment":[{"href":"https:\/\/www.upo.es\/diario\/wp-json\/wp\/v2\/media?parent=30877725"}],"wp:term":[{"taxonomy":"category","embeddable":true,"href":"https:\/\/www.upo.es\/diario\/wp-json\/wp\/v2\/categories?post=30877725"},{"taxonomy":"post_tag","embeddable":true,"href":"https:\/\/www.upo.es\/diario\/wp-json\/wp\/v2\/tags?post=30877725"}],"curies":[{"name":"wp","href":"https:\/\/api.w.org\/{rel}","templated":true}]}}