{"id":30877766,"date":"2023-04-03T10:30:19","date_gmt":"2023-04-03T08:30:19","guid":{"rendered":"https:\/\/www.upo.es\/diario\/?p=30877766"},"modified":"2023-04-11T09:33:29","modified_gmt":"2023-04-11T07:33:29","slug":"dos-proyectos-de-investigacion-de-la-upo-en-ciencias-sociales-financiados-por-la-fundacion-centra","status":"publish","type":"post","link":"https:\/\/www.upo.es\/diario\/ciencia\/2023\/04\/dos-proyectos-de-investigacion-de-la-upo-en-ciencias-sociales-financiados-por-la-fundacion-centra\/","title":{"rendered":"Dos proyectos de investigaci\u00f3n de la UPO en Ciencias Sociales, financiados por la Fundaci\u00f3n CENTRA"},"content":{"rendered":"<figure id=\"attachment_30877767\" aria-describedby=\"caption-attachment-30877767\" style=\"width: 750px\" class=\"wp-caption aligncenter\"><a href=\"https:\/\/www.upo.es\/diario\/wp-content\/uploads\/2023\/04\/Fotodefamilia_FundacionCENTRA.jpg\"><img loading=\"lazy\" decoding=\"async\" class=\"size-large wp-image-30877767\" src=\"https:\/\/www.upo.es\/diario\/wp-content\/uploads\/2023\/04\/Fotodefamilia_FundacionCENTRA-750x500.jpg\" alt=\"\" width=\"750\" height=\"500\" srcset=\"https:\/\/www.upo.es\/diario\/wp-content\/uploads\/2023\/04\/Fotodefamilia_FundacionCENTRA-750x500.jpg 750w, https:\/\/www.upo.es\/diario\/wp-content\/uploads\/2023\/04\/Fotodefamilia_FundacionCENTRA-385x257.jpg 385w, https:\/\/www.upo.es\/diario\/wp-content\/uploads\/2023\/04\/Fotodefamilia_FundacionCENTRA-768x512.jpg 768w, https:\/\/www.upo.es\/diario\/wp-content\/uploads\/2023\/04\/Fotodefamilia_FundacionCENTRA-1536x1024.jpg 1536w, https:\/\/www.upo.es\/diario\/wp-content\/uploads\/2023\/04\/Fotodefamilia_FundacionCENTRA-165x109.jpg 165w, https:\/\/www.upo.es\/diario\/wp-content\/uploads\/2023\/04\/Fotodefamilia_FundacionCENTRA-1320x880.jpg 1320w, https:\/\/www.upo.es\/diario\/wp-content\/uploads\/2023\/04\/Fotodefamilia_FundacionCENTRA-160x107.jpg 160w, https:\/\/www.upo.es\/diario\/wp-content\/uploads\/2023\/04\/Fotodefamilia_FundacionCENTRA.jpg 1599w\" sizes=\"auto, (max-width: 750px) 100vw, 750px\" \/><\/a><figcaption id=\"caption-attachment-30877767\" class=\"wp-caption-text\">Presentaci\u00f3n de los proyectos de investigaci\u00f3n seleccionados por la Fundaci\u00f3n CENTRA<\/figcaption><\/figure>\n<p>La <strong>Fundaci\u00f3n Centro de Estudios Andaluces (CENTRA)<\/strong> ha dado a conocer, en un acto en Granada presidido por el consejero de la Presidencia, Administraci\u00f3n P\u00fablica e Interior de la Junta de Andaluc\u00eda, <strong>Antonio Sanz Cabello<\/strong>, la selecci\u00f3n de la <strong>XII Convocatoria de Proyectos de Investigaci\u00f3n<\/strong> para los dos pr\u00f3ximos a\u00f1os, entre los que se encuentran dos de la Universidad Pablo de Olavide en el \u00e1mbito de las Ciencias Sociales.<\/p>\n<p>En concreto, se trata de<strong> \u2018Soledad no deseada en las residencias de mayores en Andaluc\u00eda\u2019<\/strong>, cuyo investigador principal es el profesor del Departamento de Sociolog\u00eda de la UPO <strong>Juan Manuel Garc\u00eda Gonz\u00e1lez<\/strong>. El Proyecto SOLA2 (PRY097\/22) tiene un presupuesto de 12.000 euros, un plazo de ejecuci\u00f3n de 24 meses y su l\u00ednea de investigaci\u00f3n son los nuevos estilos de vida despu\u00e9s del Covid-19.<\/p>\n<p>Por otra parte, la profesora del Departamento de Sociolog\u00eda <strong>Antonia Mar\u00eda Ruiz Jim\u00e9nez<\/strong> lidera <strong>\u2018Andaluc\u00eda: M\u00e1s all\u00e1 del arte de vivir\u2019<\/strong> (PRY040\/22) cuya l\u00ednea de investigaci\u00f3n es Andaluc\u00eda como elemento de identidad en sus relaciones con el resto de Espa\u00f1a y con el mundo. En este caso, el presupuesto es de 20.000 euros para un plazo de ejecuci\u00f3n de 24 meses.<\/p>\n<p>Del total de proyectos que han concurrido a esta convocatoria, en torno a un centenar, se han seleccionado 21 de ellos que son los que han obtenido la mayor puntuaci\u00f3n en la \u00faltima fase de evaluaci\u00f3n cient\u00edfica, en la que se han valorado criterios como la idoneidad del equipo de investigaci\u00f3n; la actualidad, innovaci\u00f3n e impacto de la investigaci\u00f3n; el alcance y transferibilidad de sus resultados; y su calidad cient\u00edfica.<\/p>\n<p>Los trabajos seleccionados benefician a alrededor de 200 investigadores e investigadoras de diferentes universidades y centros de investigaci\u00f3n; y unas 40 entidades andaluzas y espa\u00f1olas, as\u00ed como de otros pa\u00edses como Francia, Alemania, Italia, Portugal, Argentina, Guatemala o Estados Unidos. Adem\u00e1s de la Pablo de Olavide, estas instituciones son: Universidad de Granada, Universidad de Almer\u00eda, Universidad de Ja\u00e9n, Universidad de M\u00e1laga, Universidad de C\u00f3rdoba, Universidad Loyola Andaluc\u00eda, Consejo Superior de Investigaciones Cient\u00edficas (IESA), Centro Reina Sof\u00eda sobre Adolescencia y Juventud (FAD) y la University of Central Florida.<\/p>\n<p>La creaci\u00f3n de equipos multigeneracionales ha sido una de las principales novedades de esta convocatoria, un requisito destinado a apoyar la trayectoria de personal investigador joven para mejorar su formaci\u00f3n y empleabilidad.<\/p>\n<p>Desde el a\u00f1o 2005, la Fundaci\u00f3n CENTRA ha financiado un total de 213 proyectos de investigaci\u00f3n, con una inversi\u00f3n de m\u00e1s de 4 millones de euros, con la finalidad de promover y visibilizar aquellas investigaciones cuyas tem\u00e1ticas est\u00e9n incluidas en las l\u00edneas prioritarias de la Fundaci\u00f3n y cuyos resultados puedan contribuir a respuestas eficaces, sostenibles y equitativas a retos concretos de la sociedad o bien generen conocimiento cient\u00edfico original e innovador sobre Andaluc\u00eda.<\/p>\n","protected":false},"excerpt":{"rendered":"<p>La Fundaci\u00f3n Centro de Estudios Andaluces (CENTRA) ha dado a conocer, en un acto en Granada presidido por el consejero de la Presidencia, Administraci\u00f3n P\u00fablica e Interior de la Junta de Andaluc\u00eda, Antonio Sanz Cabello, la selecci\u00f3n de la XII Convocatoria de Proyectos de Investigaci\u00f3n para los dos pr\u00f3ximos a\u00f1os, entre los que se encuentran dos de la Universidad Pablo de Olavide en el \u00e1mbito de las Ciencias Sociales. <\/p>\n","protected":false},"author":14,"featured_media":30877767,"comment_status":"closed","ping_status":"open","sticky":false,"template":"","format":"standard","meta":{"_monsterinsights_skip_tracking":false,"_monsterinsights_sitenote_active":false,"_monsterinsights_sitenote_note":"","_monsterinsights_sitenote_category":0,"footnotes":""},"categories":[3],"tags":[190,4843,4599,8330,56,5180,203,8286],"class_list":["post-30877766","post","type-post","status-publish","format-standard","has-post-thumbnail","hentry","category-ciencia","tag-andalucia","tag-antonia-ruiz-jimenez","tag-consejeria-de-presidencia","tag-fundacion-centra","tag-investigacion","tag-juan-manuel-garcia-gonzalez","tag-junta-de-andalucia","tag-soledad-no-deseada"],"_links":{"self":[{"href":"https:\/\/www.upo.es\/diario\/wp-json\/wp\/v2\/posts\/30877766","targetHints":{"allow":["GET"]}}],"collection":[{"href":"https:\/\/www.upo.es\/diario\/wp-json\/wp\/v2\/posts"}],"about":[{"href":"https:\/\/www.upo.es\/diario\/wp-json\/wp\/v2\/types\/post"}],"author":[{"embeddable":true,"href":"https:\/\/www.upo.es\/diario\/wp-json\/wp\/v2\/users\/14"}],"replies":[{"embeddable":true,"href":"https:\/\/www.upo.es\/diario\/wp-json\/wp\/v2\/comments?post=30877766"}],"version-history":[{"count":1,"href":"https:\/\/www.upo.es\/diario\/wp-json\/wp\/v2\/posts\/30877766\/revisions"}],"predecessor-version":[{"id":30877768,"href":"https:\/\/www.upo.es\/diario\/wp-json\/wp\/v2\/posts\/30877766\/revisions\/30877768"}],"wp:featuredmedia":[{"embeddable":true,"href":"https:\/\/www.upo.es\/diario\/wp-json\/wp\/v2\/media\/30877767"}],"wp:attachment":[{"href":"https:\/\/www.upo.es\/diario\/wp-json\/wp\/v2\/media?parent=30877766"}],"wp:term":[{"taxonomy":"category","embeddable":true,"href":"https:\/\/www.upo.es\/diario\/wp-json\/wp\/v2\/categories?post=30877766"},{"taxonomy":"post_tag","embeddable":true,"href":"https:\/\/www.upo.es\/diario\/wp-json\/wp\/v2\/tags?post=30877766"}],"curies":[{"name":"wp","href":"https:\/\/api.w.org\/{rel}","templated":true}]}}