{"id":30877770,"date":"2023-03-28T08:03:07","date_gmt":"2023-03-28T06:03:07","guid":{"rendered":"https:\/\/www.upo.es\/diario\/?p=30877770"},"modified":"2023-04-03T14:09:04","modified_gmt":"2023-04-03T12:09:04","slug":"doctorando-upo-david-comet-herrera-premio-andalucia-es","status":"publish","type":"post","link":"https:\/\/www.upo.es\/diario\/comunidad\/2023\/03\/doctorando-upo-david-comet-herrera-premio-andalucia-es\/","title":{"rendered":"El doctorando de la UPO David Comet-Herrera,  Premio Andaluc\u00eda ES"},"content":{"rendered":"<figure id=\"attachment_30877771\" aria-describedby=\"caption-attachment-30877771\" style=\"width: 385px\" class=\"wp-caption alignright\"><a href=\"https:\/\/www.upo.es\/diario\/wp-content\/uploads\/2023\/04\/DavidComet_premio.jpeg\"><img loading=\"lazy\" decoding=\"async\" class=\"size-medium wp-image-30877771\" src=\"https:\/\/www.upo.es\/diario\/wp-content\/uploads\/2023\/04\/DavidComet_premio-385x257.jpeg\" alt=\"\" width=\"385\" height=\"257\" srcset=\"https:\/\/www.upo.es\/diario\/wp-content\/uploads\/2023\/04\/DavidComet_premio-385x257.jpeg 385w, https:\/\/www.upo.es\/diario\/wp-content\/uploads\/2023\/04\/DavidComet_premio-750x500.jpeg 750w, https:\/\/www.upo.es\/diario\/wp-content\/uploads\/2023\/04\/DavidComet_premio-768x512.jpeg 768w, https:\/\/www.upo.es\/diario\/wp-content\/uploads\/2023\/04\/DavidComet_premio-1536x1024.jpeg 1536w, https:\/\/www.upo.es\/diario\/wp-content\/uploads\/2023\/04\/DavidComet_premio-165x109.jpeg 165w, https:\/\/www.upo.es\/diario\/wp-content\/uploads\/2023\/04\/DavidComet_premio-1320x880.jpeg 1320w, https:\/\/www.upo.es\/diario\/wp-content\/uploads\/2023\/04\/DavidComet_premio.jpeg 1600w\" sizes=\"auto, (max-width: 385px) 100vw, 385px\" \/><\/a><figcaption id=\"caption-attachment-30877771\" class=\"wp-caption-text\">David Comet recogiendo el premio por su estudio. Fuente: FAECTA<\/figcaption><\/figure>\n<p>David Comet-Herrera, doctorando del <a href=\"https:\/\/www.upo.es\/postgrado\/Doctorado-Ciencias-Juridicas-y-Politicas\/\">Programa en Ciencias Jur\u00eddicas y Pol\u00edticas de la Universidad Pablo de Olavide<\/a>, ha sido galardonado en la <strong>II edici\u00f3n de los Premios a la Econom\u00eda Social Andaluc\u00eda ES<\/strong>, concedido por la Consejer\u00eda de Empleo, Empresa y Trabajo Aut\u00f3nomo, por su estudio <a href=\"https:\/\/ojs.uv.es\/index.php\/ciriecespana\/article\/view\/20606\"><strong>\u2018La nueva reserva de contratos p\u00fablicos de servicios sociales, culturales y sanitarios en Espa\u00f1a a cooperativas de trabajo asociado, sociedades laborales y asociaciones\u2019<\/strong><\/a>. El acto, que se celebr\u00f3 ayer lunes 27 de marzo en el Acuario de Sevilla, ha sido presidido por la Consejera de Empleo, Empresa y Trabajo Aut\u00f3nomo, Roc\u00edo Blanco.<\/p>\n<p>El estudio, premiado en la modalidad <strong>\u2018Mejor proyecto de difusi\u00f3n de la econom\u00eda social\u2019<\/strong>, aborda como las actuales normativas europea y espa\u00f1ola, reguladoras de los procedimientos de contrataci\u00f3n p\u00fablica, han ampliado la posibilidad de reservar la gesti\u00f3n de determinados servicios p\u00fablicos, de car\u00e1cter cultural, social y sanitario, a entidades sin \u00e1nimo de lucro o con estructuras m\u00e1s democr\u00e1ticas y distributivas, yendo m\u00e1s all\u00e1 de la reserva existente en legislaciones anteriores dirigida a empresas de inserci\u00f3n y centros especiales de empleo.<\/p>\n<p>As\u00ed mismo, dicho trabajo est\u00e1 vinculado con la tesis doctoral que actualmente est\u00e1 desarrollando sobre la \u2018<strong>Contrataci\u00f3n p\u00fablica estrat\u00e9gica para un desarrollo local sostenible<\/strong>\u2019 dirigida por los profesores de la Universidad Pablo de Olavide Isabel Victoria Lucena Cid y Francisco Toscano Gil.<\/p>\n<p>Para Comet-Herrera este premio supone <em>\u00ab<\/em>un reconocimiento que me empuja, m\u00e1s si cabe, a seguir investigando las posibilidades de considerar criterios sociales y ambientales en los procesos de contrataci\u00f3n p\u00fablica, en especial, aquellos que favorecen a la Econom\u00eda Social y Solidaria\u201d. Igualmente ha manifestado que \u201ccada vez se hace m\u00e1s imprescindible apostar por alternativas econ\u00f3micas y de gesti\u00f3n empresarial m\u00e1s democr\u00e1ticas, sostenibles e inclusivas, tales como representan las cooperativas y el resto de entidades que conforman la Econom\u00eda Social y Solidaria, para mejorar nuestro bienestar y el de las futuras generaciones<em>\u00ab.<\/em><\/p>\n<p>Los <strong>Premios a la Econom\u00eda Social Andaluc\u00eda ES<\/strong> tienen como objetivo reconocer y distinguir p\u00fablicamente los proyectos de excelencia en la gesti\u00f3n empresarial en el \u00e1mbito de la econom\u00eda social, as\u00ed como de estudios de investigaci\u00f3n que difundan los valores presentes en dicho \u00e1mbito para poner en valor el peso del sector de la Econom\u00eda Social en Andaluc\u00eda.<\/p>\n<p>Los <strong>Premios Andaluc\u00eda ES<\/strong> cuentan con cinco modalidades, dotadas cada con 4.800,00 euros. Adem\u00e1s de David Comet-Herrera han sido premiadas las entidades Sierras Andaluzas S.C.A como \u2018Mejor proyecto innovador y\/o esfuerzo empresarial\u2019; Kumui como \u2018Mejor proyecto de nueva creaci\u00f3n\u2019; la Cooperativa Agr\u00edcola San Isidro de Loja (Loxa) como \u2018Mejor proyecto de econom\u00eda circular\u2019 y AMCAE-Andaluc\u00eda en la categor\u00eda \u2018Mejor proyecto realizado por y para mujeres\u2019.<\/p>\n<p><strong>David Comet-Herrera<\/strong>, natural de C\u00f3rdoba, es polit\u00f3logo, M\u00e1ster en Derechos Humanos, especialista en contrataci\u00f3n p\u00fablica y experto en cooperaci\u00f3n internacional. Actualmente es T\u00e9cnico del \u00c1rea de Cooperaci\u00f3n y Solidaridad de la Universidad de C\u00f3rdoba. Ha sido Coordinador del \u00c1rea de Acci\u00f3n, Cooperaci\u00f3n y Comunicaci\u00f3n de la cooperativa de Comercio Justo IDEAS, donde coordin\u00f3 el proyecto \u00abFAIR PROCURA\/Public Affairs\u00bb que ten\u00eda como objetivo incidir en las entidades del sector p\u00fablico para que considerasen criterios sociales y de comercio justo en sus procesos de contrataci\u00f3n. Colabora habitualmente con diferentes instituciones en la impartici\u00f3n de cursos y estudios sobre contrataci\u00f3n p\u00fablica estrat\u00e9gica. Es autor de varios art\u00edculos acad\u00e9micos y publicaciones sobre contrataci\u00f3n p\u00fablica, comercio justo y desarrollo sostenible. Ha participado activamente en entidades como la Red de la Econom\u00eda Alternativa y Solidaria de Andaluc\u00eda (REAS) y en la Federaci\u00f3n Andaluza de Cooperativas de Trabajo Asociado (FAECTA).<\/p>\n","protected":false},"excerpt":{"rendered":"<p>David Comet-Herrera, doctorando del Programa en Ciencias Jur\u00eddicas y Pol\u00edticas de la Universidad Pablo de Olavide, ha sido galardonado en la II edici\u00f3n de los Premios a la Econom\u00eda Social Andaluc\u00eda ES, concedido por la Consejer\u00eda de Empleo, Empresa y Trabajo Aut\u00f3nomo, por su estudio \u2018La nueva reserva de contratos p\u00fablicos de servicios sociales, culturales y sanitarios en Espa\u00f1a a<a class=\"read-more\" href=\"https:\/\/www.upo.es\/diario\/comunidad\/2023\/03\/doctorando-upo-david-comet-herrera-premio-andalucia-es\/\">[Read More&#8230;]<\/a><\/p>\n","protected":false},"author":4,"featured_media":30877771,"comment_status":"closed","ping_status":"open","sticky":false,"template":"","format":"standard","meta":{"_monsterinsights_skip_tracking":false,"_monsterinsights_sitenote_active":false,"_monsterinsights_sitenote_note":"","_monsterinsights_sitenote_category":0,"footnotes":""},"categories":[5842],"tags":[8332,8333,2436,82,8331],"class_list":["post-30877770","post","type-post","status-publish","format-standard","has-post-thumbnail","hentry","category-comunidad","tag-david-comet","tag-doctorado-de-ciencias-juridicas-y-politicas","tag-economia-social","tag-postgrado","tag-premios-andalucia-es"],"_links":{"self":[{"href":"https:\/\/www.upo.es\/diario\/wp-json\/wp\/v2\/posts\/30877770","targetHints":{"allow":["GET"]}}],"collection":[{"href":"https:\/\/www.upo.es\/diario\/wp-json\/wp\/v2\/posts"}],"about":[{"href":"https:\/\/www.upo.es\/diario\/wp-json\/wp\/v2\/types\/post"}],"author":[{"embeddable":true,"href":"https:\/\/www.upo.es\/diario\/wp-json\/wp\/v2\/users\/4"}],"replies":[{"embeddable":true,"href":"https:\/\/www.upo.es\/diario\/wp-json\/wp\/v2\/comments?post=30877770"}],"version-history":[{"count":1,"href":"https:\/\/www.upo.es\/diario\/wp-json\/wp\/v2\/posts\/30877770\/revisions"}],"predecessor-version":[{"id":30877772,"href":"https:\/\/www.upo.es\/diario\/wp-json\/wp\/v2\/posts\/30877770\/revisions\/30877772"}],"wp:featuredmedia":[{"embeddable":true,"href":"https:\/\/www.upo.es\/diario\/wp-json\/wp\/v2\/media\/30877771"}],"wp:attachment":[{"href":"https:\/\/www.upo.es\/diario\/wp-json\/wp\/v2\/media?parent=30877770"}],"wp:term":[{"taxonomy":"category","embeddable":true,"href":"https:\/\/www.upo.es\/diario\/wp-json\/wp\/v2\/categories?post=30877770"},{"taxonomy":"post_tag","embeddable":true,"href":"https:\/\/www.upo.es\/diario\/wp-json\/wp\/v2\/tags?post=30877770"}],"curies":[{"name":"wp","href":"https:\/\/api.w.org\/{rel}","templated":true}]}}