{"id":30877787,"date":"2023-04-03T03:26:35","date_gmt":"2023-04-03T01:26:35","guid":{"rendered":"https:\/\/www.upo.es\/diario\/?p=30877787"},"modified":"2023-04-04T11:38:30","modified_gmt":"2023-04-04T09:38:30","slug":"magia-e-ilusionismo-con-alexku-en-cultura-minima","status":"publish","type":"post","link":"https:\/\/www.upo.es\/diario\/cultura\/2023\/04\/magia-e-ilusionismo-con-alexku-en-cultura-minima\/","title":{"rendered":"Magia e ilusionismo con Alexku en Cultura M\u00ednima"},"content":{"rendered":"<h3><a href=\"https:\/\/www.upo.es\/diario\/wp-content\/uploads\/2023\/04\/MenosEsMas_20230413_cartel.png\"><img loading=\"lazy\" decoding=\"async\" class=\"alignright wp-image-30877790\" src=\"https:\/\/www.upo.es\/diario\/wp-content\/uploads\/2023\/04\/MenosEsMas_20230413_cartel-308x385.png\" alt=\"Menos es M\u00e1s, el 13 de abril a las 19:30 horas en El Entramado (campus UPO)\" width=\"346\" height=\"433\" srcset=\"https:\/\/www.upo.es\/diario\/wp-content\/uploads\/2023\/04\/MenosEsMas_20230413_cartel-308x385.png 308w, https:\/\/www.upo.es\/diario\/wp-content\/uploads\/2023\/04\/MenosEsMas_20230413_cartel-600x750.png 600w, https:\/\/www.upo.es\/diario\/wp-content\/uploads\/2023\/04\/MenosEsMas_20230413_cartel-768x960.png 768w, https:\/\/www.upo.es\/diario\/wp-content\/uploads\/2023\/04\/MenosEsMas_20230413_cartel.png 1080w\" sizes=\"auto, (max-width: 346px) 100vw, 346px\" \/><\/a>Jueves, 13 de abril &#8211; 19:30 horas<br \/>\nEl Entramado (junto a la estaci\u00f3n de Metro)<\/h3>\n<p><strong>Entrada libre hasta completar el aforo.<\/strong><br \/>\n<strong>Servicio de Ambig\u00fa.<\/strong><br \/>\n<strong>Sorteo de 10 camisetas de Cultura M\u00ednima entre el p\u00fablico asistente.<\/strong><\/p>\n<p>El mago <strong>Alexku<\/strong> ofrece en el marco de la programaci\u00f3n <a href=\"https:\/\/www.upo.es\/upsc\/extension_cultural\/cultura-minima\/\">Cultura M\u00ednima 2023<\/a> su espect\u00e1culo <strong>&#8216;Menos es M\u00e1s&#8217;;<\/strong> a trav\u00e9s de la magia este ilusionista nos abrir\u00e1 las puertas de un mundo en el que la belleza de lo imposible es protagonista. <strong>Magia, clown, malabares y humor gestual<\/strong> se dan cita en este espect\u00e1culo donde asombrarse y pasarlo bien es la clave.<\/p>\n<p>El\u00a0<strong>programa \u2018Cultura M\u00ednima\u2019<\/strong> es una iniciativa del Vicerrectorado de Cultura y Pol\u00edticas Sociales organizada por el <a href=\"https:\/\/www.upo.es\/upsc\/extension_cultural\/\">Servicio de Extensi\u00f3n Cultural<\/a>; cada curso acad\u00e9mico, en una convocatoria abierta, la Universidad Pablo de Olavide ofrece sus instalaciones a artistas y proyectos culturales de cualquier disciplina, con la \u00fanica condici\u00f3n de que puedan desarrollarse en El Entramado, el espacio Cultural de la UPO.<\/p>\n","protected":false},"excerpt":{"rendered":"<p>El mago Alexku ofrece en el marco de la programaci\u00f3n Cultura M\u00ednima 2023 su espect\u00e1culo &#8216;Menos es M\u00e1s&#8217;; a trav\u00e9s de la magia este ilusionista nos abrir\u00e1 las puertas de un mundo en el que la belleza de lo imposible es protagonista. Magia, clown, malabares y humor gestual se dan cita en este espect\u00e1culo donde asombrarse y pasarlo bien es la clave.<\/p>\n","protected":false},"author":6,"featured_media":30877795,"comment_status":"closed","ping_status":"open","sticky":false,"template":"","format":"standard","meta":{"_monsterinsights_skip_tracking":false,"_monsterinsights_sitenote_active":false,"_monsterinsights_sitenote_note":"","_monsterinsights_sitenote_category":0,"footnotes":""},"categories":[7],"tags":[2523,3869,4914,3746],"class_list":["post-30877787","post","type-post","status-publish","format-standard","has-post-thumbnail","hentry","category-cultura","tag-artes-escenicas","tag-cultura-minima","tag-magia","tag-servicio-de-extension-cultural"],"_links":{"self":[{"href":"https:\/\/www.upo.es\/diario\/wp-json\/wp\/v2\/posts\/30877787","targetHints":{"allow":["GET"]}}],"collection":[{"href":"https:\/\/www.upo.es\/diario\/wp-json\/wp\/v2\/posts"}],"about":[{"href":"https:\/\/www.upo.es\/diario\/wp-json\/wp\/v2\/types\/post"}],"author":[{"embeddable":true,"href":"https:\/\/www.upo.es\/diario\/wp-json\/wp\/v2\/users\/6"}],"replies":[{"embeddable":true,"href":"https:\/\/www.upo.es\/diario\/wp-json\/wp\/v2\/comments?post=30877787"}],"version-history":[{"count":5,"href":"https:\/\/www.upo.es\/diario\/wp-json\/wp\/v2\/posts\/30877787\/revisions"}],"predecessor-version":[{"id":30877794,"href":"https:\/\/www.upo.es\/diario\/wp-json\/wp\/v2\/posts\/30877787\/revisions\/30877794"}],"wp:featuredmedia":[{"embeddable":true,"href":"https:\/\/www.upo.es\/diario\/wp-json\/wp\/v2\/media\/30877795"}],"wp:attachment":[{"href":"https:\/\/www.upo.es\/diario\/wp-json\/wp\/v2\/media?parent=30877787"}],"wp:term":[{"taxonomy":"category","embeddable":true,"href":"https:\/\/www.upo.es\/diario\/wp-json\/wp\/v2\/categories?post=30877787"},{"taxonomy":"post_tag","embeddable":true,"href":"https:\/\/www.upo.es\/diario\/wp-json\/wp\/v2\/tags?post=30877787"}],"curies":[{"name":"wp","href":"https:\/\/api.w.org\/{rel}","templated":true}]}}