{"id":30877833,"date":"2023-04-11T12:33:39","date_gmt":"2023-04-11T10:33:39","guid":{"rendered":"https:\/\/www.upo.es\/diario\/?p=30877833"},"modified":"2023-04-11T12:33:39","modified_gmt":"2023-04-11T10:33:39","slug":"estudiantes-de-secundaria-y-bachillerato-participan-en-la-jornada-teatro-y-humanidades-en-la-upo","status":"publish","type":"post","link":"https:\/\/www.upo.es\/diario\/comunidad\/2023\/04\/estudiantes-de-secundaria-y-bachillerato-participan-en-la-jornada-teatro-y-humanidades-en-la-upo\/","title":{"rendered":"Estudiantes de Secundaria y Bachillerato participan en la Jornada \u2018Teatro y Humanidades en la UPO\u2019"},"content":{"rendered":"<figure id=\"attachment_30877835\" aria-describedby=\"caption-attachment-30877835\" style=\"width: 750px\" class=\"wp-caption aligncenter\"><a href=\"https:\/\/www.upo.es\/diario\/wp-content\/uploads\/2023\/04\/Jorn-Teatro-Humanidades-scaled.jpg\"><img loading=\"lazy\" decoding=\"async\" class=\"size-large wp-image-30877835\" src=\"https:\/\/www.upo.es\/diario\/wp-content\/uploads\/2023\/04\/Jorn-Teatro-Humanidades-750x422.jpg\" alt=\"Componentes de Furor Bacchicus Teatro representan \u2018Estico\u2019, de Plauto\" width=\"750\" height=\"422\" srcset=\"https:\/\/www.upo.es\/diario\/wp-content\/uploads\/2023\/04\/Jorn-Teatro-Humanidades-750x422.jpg 750w, https:\/\/www.upo.es\/diario\/wp-content\/uploads\/2023\/04\/Jorn-Teatro-Humanidades-385x217.jpg 385w, https:\/\/www.upo.es\/diario\/wp-content\/uploads\/2023\/04\/Jorn-Teatro-Humanidades-768x432.jpg 768w, https:\/\/www.upo.es\/diario\/wp-content\/uploads\/2023\/04\/Jorn-Teatro-Humanidades-1536x864.jpg 1536w, https:\/\/www.upo.es\/diario\/wp-content\/uploads\/2023\/04\/Jorn-Teatro-Humanidades-2048x1152.jpg 2048w\" sizes=\"auto, (max-width: 750px) 100vw, 750px\" \/><\/a><figcaption id=\"caption-attachment-30877835\" class=\"wp-caption-text\">Componentes de Furor Bacchicus Teatro representan \u2018Estico\u2019, de Plauto<\/figcaption><\/figure>\n<p>Cerca de 250 estudiantes de siete centros de Sevilla y su provincia han participado esta ma\u00f1ana en la <strong>Jornada de Teatro y Humanidades en la Universidad Pablo de Olavide<\/strong>, una cita en la que han podido conocer el <strong>campus de la UPO, mantener un encuentro con profesorado de la Facultad de Humanidades y asistir a la representaci\u00f3n de la obra <em>Estico<\/em>, de Plauto<\/strong>, a cargo de <em>Furor Bacchicus<\/em> Teatro, grupo de teatro grecolatino de la Facultad de Humanidades.<\/p>\n<p>Estudiantes de los centros IES Atenea (Mairena del Aljarafe), IES Antonio Dom\u00ednguez Ortiz (Sevilla), Escuelas Francesas (Sevilla), Colegio Salesianos San Pedro (Sevilla), IES Miguel Servet (Sevilla), IES Al-Guadaira (Alcal\u00e1 de Guada\u00edra) e IES Los \u00c1lamos (Bormujos), han sido recibidos por la decana de la Facultad de Humanidades, Rosario Moreno, quien les ha presentado la <a href=\"https:\/\/www.upo.es\/facultad-humanidades\/es\/\">oferta acad\u00e9mica<\/a> antes de visitar las instalaciones de la Universidad.<\/p>\n<p><a href=\"https:\/\/www.upo.es\/diario\/wp-content\/uploads\/2023\/04\/Estico_Cartel_con-logos_A2-scaled.jpg\"><img loading=\"lazy\" decoding=\"async\" class=\"alignright size-medium wp-image-30877837\" src=\"https:\/\/www.upo.es\/diario\/wp-content\/uploads\/2023\/04\/Estico_Cartel_con-logos_A2-272x385.jpg\" alt=\"\" width=\"272\" height=\"385\" srcset=\"https:\/\/www.upo.es\/diario\/wp-content\/uploads\/2023\/04\/Estico_Cartel_con-logos_A2-272x385.jpg 272w, https:\/\/www.upo.es\/diario\/wp-content\/uploads\/2023\/04\/Estico_Cartel_con-logos_A2-530x750.jpg 530w, https:\/\/www.upo.es\/diario\/wp-content\/uploads\/2023\/04\/Estico_Cartel_con-logos_A2-768x1086.jpg 768w, https:\/\/www.upo.es\/diario\/wp-content\/uploads\/2023\/04\/Estico_Cartel_con-logos_A2-1086x1536.jpg 1086w, https:\/\/www.upo.es\/diario\/wp-content\/uploads\/2023\/04\/Estico_Cartel_con-logos_A2-1448x2048.jpg 1448w, https:\/\/www.upo.es\/diario\/wp-content\/uploads\/2023\/04\/Estico_Cartel_con-logos_A2-scaled.jpg 1810w\" sizes=\"auto, (max-width: 272px) 100vw, 272px\" \/><\/a>Furor Bacchicus, grupo de teatro grecolatino formado por estudiantes y profesorado de la Facultad, tiene previstas <strong>nuevas representaciones los d\u00edas 20 y 21 de abril<\/strong> en el marco de las Jornadas de Puertas Abiertas de la Universidad Pablo de Olavide, as\u00ed como los d\u00edas 20 de junio en el Antiquarium de Sevilla y el 29 de junio en la Sede Olavide en Carmona.<\/p>\n<p><strong>Furor Bacchicus Teatro<\/strong> nace en 2012 en el seno de la Facultad de Humanidades de la Universidad Pablo de Olavide para explorar y difundir el teatro grecolatino y, con ello, reivindicar la cultura y los saberes human\u00edsticos como bienes de primera necesidad. Est\u00e1 formada por alumnos y egresados de los grados en Humanidades, Geograf\u00eda e Historia, Traducci\u00f3n e Interpretaci\u00f3n, doble Grado en Ciencias Ambientales y Geograf\u00eda e Historia y doble grado en Humanidades y Traducci\u00f3n e Interpretaci\u00f3n de la Universidad Pablo de Olavide, con la coordinaci\u00f3n de las profesoras <strong>Rosario Moreno<\/strong> y <strong>Mercedes de la Torre<\/strong>. En sus diez cursos de trayectoria, la compa\u00f1\u00eda ha representado otras nueve obras: \u2018La Asamblea de las Mujeres\u2019 de Arist\u00f3fanes; \u2018C\u00e1sina\u2019, \u2018El Cartagin\u00e9s\u2019 y \u2018La maroma\u2019 de Plauto; \u2018El Juicio de Paris\u2019 de Luciano de Samosata, \u2018Las Troyanas\u2019 y \u2018Andr\u00f3maca\u2019 de Eur\u00edpides, \u2018Clitemnestra encadenada\u2019, de creaci\u00f3n propia, y \u2018\u00a1Todas contra Eur\u00edpides!\u2019, basada en \u2018Las Tesmoforias\u2019 de Arist\u00f3fanes. Durante la pandemia, la compa\u00f1\u00eda lanz\u00f3 el programa de radio \u2018Onda Olimpo\u2019 y estren\u00f3 \u2018El juicio de Paris\u2019 en versi\u00f3n radiof\u00f3nica.<\/p>\n<p><a href=\"https:\/\/www.upo.es\/diario\/wp-content\/uploads\/2023\/04\/Jorn-Teatro-Humanidades-5-scaled.jpg\"><img loading=\"lazy\" decoding=\"async\" class=\"aligncenter size-large wp-image-30877836\" src=\"https:\/\/www.upo.es\/diario\/wp-content\/uploads\/2023\/04\/Jorn-Teatro-Humanidades-5-750x500.jpg\" alt=\"\" width=\"750\" height=\"500\" srcset=\"https:\/\/www.upo.es\/diario\/wp-content\/uploads\/2023\/04\/Jorn-Teatro-Humanidades-5-750x500.jpg 750w, https:\/\/www.upo.es\/diario\/wp-content\/uploads\/2023\/04\/Jorn-Teatro-Humanidades-5-385x257.jpg 385w, https:\/\/www.upo.es\/diario\/wp-content\/uploads\/2023\/04\/Jorn-Teatro-Humanidades-5-768x512.jpg 768w, https:\/\/www.upo.es\/diario\/wp-content\/uploads\/2023\/04\/Jorn-Teatro-Humanidades-5-1536x1024.jpg 1536w, https:\/\/www.upo.es\/diario\/wp-content\/uploads\/2023\/04\/Jorn-Teatro-Humanidades-5-2048x1365.jpg 2048w\" sizes=\"auto, (max-width: 750px) 100vw, 750px\" \/><\/a><\/p>\n","protected":false},"excerpt":{"rendered":"<p>El alumnado ha visitado el campus de la UPO y ha mantenido un encuentro con profesorado de la Facultad de Humanidades adem\u00e1s de asistir a la representaci\u00f3n teatral de \u2018Estico\u2019, de Plauto.<\/p>\n","protected":false},"author":6,"featured_media":30877835,"comment_status":"closed","ping_status":"open","sticky":false,"template":"","format":"standard","meta":{"_monsterinsights_skip_tracking":false,"_monsterinsights_sitenote_active":false,"_monsterinsights_sitenote_note":"","_monsterinsights_sitenote_category":0,"footnotes":""},"categories":[5842],"tags":[2055,96,1510,3957,95,3994],"class_list":["post-30877833","post","type-post","status-publish","format-standard","has-post-thumbnail","hentry","category-comunidad","tag-area-de-filologia-latina","tag-facultad-de-humanidades","tag-furor-bacchicus-teatro","tag-rosario-moreno-soldevila","tag-teatro","tag-teatro-grecolatino"],"_links":{"self":[{"href":"https:\/\/www.upo.es\/diario\/wp-json\/wp\/v2\/posts\/30877833","targetHints":{"allow":["GET"]}}],"collection":[{"href":"https:\/\/www.upo.es\/diario\/wp-json\/wp\/v2\/posts"}],"about":[{"href":"https:\/\/www.upo.es\/diario\/wp-json\/wp\/v2\/types\/post"}],"author":[{"embeddable":true,"href":"https:\/\/www.upo.es\/diario\/wp-json\/wp\/v2\/users\/6"}],"replies":[{"embeddable":true,"href":"https:\/\/www.upo.es\/diario\/wp-json\/wp\/v2\/comments?post=30877833"}],"version-history":[{"count":3,"href":"https:\/\/www.upo.es\/diario\/wp-json\/wp\/v2\/posts\/30877833\/revisions"}],"predecessor-version":[{"id":30877839,"href":"https:\/\/www.upo.es\/diario\/wp-json\/wp\/v2\/posts\/30877833\/revisions\/30877839"}],"wp:featuredmedia":[{"embeddable":true,"href":"https:\/\/www.upo.es\/diario\/wp-json\/wp\/v2\/media\/30877835"}],"wp:attachment":[{"href":"https:\/\/www.upo.es\/diario\/wp-json\/wp\/v2\/media?parent=30877833"}],"wp:term":[{"taxonomy":"category","embeddable":true,"href":"https:\/\/www.upo.es\/diario\/wp-json\/wp\/v2\/categories?post=30877833"},{"taxonomy":"post_tag","embeddable":true,"href":"https:\/\/www.upo.es\/diario\/wp-json\/wp\/v2\/tags?post=30877833"}],"curies":[{"name":"wp","href":"https:\/\/api.w.org\/{rel}","templated":true}]}}